{"id":1794,"date":"2022-08-05T16:28:23","date_gmt":"2022-08-05T14:28:23","guid":{"rendered":"https:\/\/lasource.be\/?p=1794"},"modified":"2022-11-03T15:22:33","modified_gmt":"2022-11-03T14:22:33","slug":"spectacle-radiophonique-a-herbeumont","status":"publish","type":"post","link":"https:\/\/lasource.be\/?p=1794","title":{"rendered":"!!! Spectacle radiophonique \u00e0 Herbeumont !!!"},"content":{"rendered":"<p>Dans le cadre de l&rsquo;appel \u00e0 projet <span style=\"color: #000000;\"><strong>ILI<\/strong> <\/span>(Initiatives Locales d&rsquo;Int\u00e9gration), l&rsquo;<span style=\"color: #000000;\"><strong>ASBL La Source<\/strong><\/span> et l&rsquo;association <span style=\"color: #000000;\"><strong>\u00ab\u00a0Partons \u00e0 la Campagne !\u00a0\u00bb<\/strong><\/span> vous invitent chaleureusement \u00e0 venir passer un moment de rencontres et d&rsquo;\u00e9changes empli de convivialit\u00e9 lors d&rsquo;une exp\u00e9rience unique !<\/p>\n<p><!--more--><\/p>\n<p><span style=\"color: #31bbc2;\"><strong>Un spectacle radiophonique<\/strong><\/span> interactif qui propose d&rsquo;aller \u00e0 la rencontre des habitants d&rsquo;une commune ardennaise et de ses villages !<br \/>\nPendant plusieurs jours, l\u2019\u00e9quipe va s\u2019installer dans la commune d&rsquo;<span style=\"color: #31bbc2;\"><strong>Herbeumont<\/strong><\/span> avec ses micros, ses appareils photos, son enthousiasme et sa sinc\u00e8re volont\u00e9 de rencontrer et d\u2019\u00e9couter les villageois. Une magnifique initiative qui permet de (re)tisser les liens entre les gens.<\/p>\n<p>Nous vous invitons \u00e0 nous rejoindre nombreux <span style=\"color: #31bbc2;\"><strong>samedi 13 ao\u00fbt \u00e0 15h00 <\/strong><span style=\"color: #000000;\">au<\/span><strong> parc du Vivy <span style=\"color: #31bbc2;\">\u00e0<\/span> Herbeumont <\/strong><span style=\"color: #000000;\">afin de partager cette exp\u00e9rience unique qui vous permettra de d\u00e9couvrir les richesses humaines et le beau patrimoine d&rsquo;Herbeumont ! <\/span><\/span><\/p>\n<p style=\"text-align: left;\">Cet \u00e9v\u00e8nement est gratuit et ouvert \u00e0 tous !<br \/>\nVous ne pouvez pas \u00eatre des n\u00f4tres ?\u00a0 Pas de souci, vous pouvez suivre l&rsquo;\u00e9mission en direct sur la page Facebook <a href=\"https:\/\/www.facebook.com\/assoPALC\" target=\"_blank\" rel=\"noopener\"><strong>AssoPalc<\/strong><\/a> !<\/p>\n<p>Bienvenue \u00e0 tous !<\/p>\n<figure id=\"attachment_1798\" aria-describedby=\"caption-attachment-1798\" style=\"width: 200px\" class=\"wp-caption aligncenter\"><a href=\"https:\/\/i0.wp.com\/lasource.be\/wp-content\/uploads\/2022\/08\/Partons-a-la-campagne.png?ssl=1\" target=\"_blank\" rel=\"noopener\"><img data-attachment-id=\"1798\" data-permalink=\"https:\/\/lasource.be\/?attachment_id=1798\" data-orig-file=\"https:\/\/i0.wp.com\/lasource.be\/wp-content\/uploads\/2022\/08\/Partons-a-la-campagne.png?fit=566%2C566&amp;ssl=1\" data-orig-size=\"566,566\" data-comments-opened=\"1\" data-image-meta=\"{&quot;aperture&quot;:&quot;0&quot;,&quot;credit&quot;:&quot;&quot;,&quot;camera&quot;:&quot;&quot;,&quot;caption&quot;:&quot;&quot;,&quot;created_timestamp&quot;:&quot;0&quot;,&quot;copyright&quot;:&quot;&quot;,&quot;focal_length&quot;:&quot;0&quot;,&quot;iso&quot;:&quot;0&quot;,&quot;shutter_speed&quot;:&quot;0&quot;,&quot;title&quot;:&quot;&quot;,&quot;orientation&quot;:&quot;0&quot;}\" data-image-title=\"Partons \u00e0 la campagne\" data-image-description=\"\" data-image-caption=\"\" data-medium-file=\"https:\/\/i0.wp.com\/lasource.be\/wp-content\/uploads\/2022\/08\/Partons-a-la-campagne.png?fit=300%2C300&amp;ssl=1\" data-large-file=\"https:\/\/i0.wp.com\/lasource.be\/wp-content\/uploads\/2022\/08\/Partons-a-la-campagne.png?fit=566%2C566&amp;ssl=1\" decoding=\"async\" loading=\"lazy\" class=\"wp-image-1798\" src=\"https:\/\/i0.wp.com\/lasource.be\/wp-content\/uploads\/2022\/08\/Partons-a-la-campagne.png?resize=200%2C200&#038;ssl=1\" alt=\"\" width=\"200\" height=\"200\" srcset=\"https:\/\/i0.wp.com\/lasource.be\/wp-content\/uploads\/2022\/08\/Partons-a-la-campagne.png?resize=300%2C300&amp;ssl=1 300w, https:\/\/i0.wp.com\/lasource.be\/wp-content\/uploads\/2022\/08\/Partons-a-la-campagne.png?resize=150%2C150&amp;ssl=1 150w, https:\/\/i0.wp.com\/lasource.be\/wp-content\/uploads\/2022\/08\/Partons-a-la-campagne.png?resize=180%2C180&amp;ssl=1 180w, https:\/\/i0.wp.com\/lasource.be\/wp-content\/uploads\/2022\/08\/Partons-a-la-campagne.png?w=566&amp;ssl=1 566w\" sizes=\"(max-width: 200px) 100vw, 200px\" data-recalc-dims=\"1\" \/><\/a><figcaption id=\"caption-attachment-1798\" class=\"wp-caption-text\">Association \u00ab\u00a0Partons \u00e0 la Campagne !\u00a0\u00bb<\/figcaption><\/figure>\n<p><a href=\"https:\/\/i0.wp.com\/lasource.be\/wp-content\/uploads\/2022\/08\/EMISSION-PALC-HERBEUMONT-flyer-derniere-version.png?ssl=1\" target=\"_blank\" rel=\"noopener\"><img data-attachment-id=\"1795\" data-permalink=\"https:\/\/lasource.be\/?attachment_id=1795\" data-orig-file=\"https:\/\/i0.wp.com\/lasource.be\/wp-content\/uploads\/2022\/08\/EMISSION-PALC-HERBEUMONT-flyer-derniere-version.png?fit=1414%2C2000&amp;ssl=1\" data-orig-size=\"1414,2000\" data-comments-opened=\"1\" data-image-meta=\"{&quot;aperture&quot;:&quot;0&quot;,&quot;credit&quot;:&quot;&quot;,&quot;camera&quot;:&quot;&quot;,&quot;caption&quot;:&quot;&quot;,&quot;created_timestamp&quot;:&quot;0&quot;,&quot;copyright&quot;:&quot;&quot;,&quot;focal_length&quot;:&quot;0&quot;,&quot;iso&quot;:&quot;0&quot;,&quot;shutter_speed&quot;:&quot;0&quot;,&quot;title&quot;:&quot;&quot;,&quot;orientation&quot;:&quot;0&quot;}\" data-image-title=\"EMISSION PALC HERBEUMONT flyer derni\u00e8re version\" data-image-description=\"\" data-image-caption=\"\" data-medium-file=\"https:\/\/i0.wp.com\/lasource.be\/wp-content\/uploads\/2022\/08\/EMISSION-PALC-HERBEUMONT-flyer-derniere-version.png?fit=212%2C300&amp;ssl=1\" data-large-file=\"https:\/\/i0.wp.com\/lasource.be\/wp-content\/uploads\/2022\/08\/EMISSION-PALC-HERBEUMONT-flyer-derniere-version.png?fit=724%2C1024&amp;ssl=1\" decoding=\"async\" loading=\"lazy\" class=\"aligncenter wp-image-1795\" src=\"https:\/\/i0.wp.com\/lasource.be\/wp-content\/uploads\/2022\/08\/EMISSION-PALC-HERBEUMONT-flyer-derniere-version.png?resize=400%2C566&#038;ssl=1\" alt=\"\" width=\"400\" height=\"566\" srcset=\"https:\/\/i0.wp.com\/lasource.be\/wp-content\/uploads\/2022\/08\/EMISSION-PALC-HERBEUMONT-flyer-derniere-version.png?resize=212%2C300&amp;ssl=1 212w, https:\/\/i0.wp.com\/lasource.be\/wp-content\/uploads\/2022\/08\/EMISSION-PALC-HERBEUMONT-flyer-derniere-version.png?resize=724%2C1024&amp;ssl=1 724w, https:\/\/i0.wp.com\/lasource.be\/wp-content\/uploads\/2022\/08\/EMISSION-PALC-HERBEUMONT-flyer-derniere-version.png?resize=768%2C1086&amp;ssl=1 768w, https:\/\/i0.wp.com\/lasource.be\/wp-content\/uploads\/2022\/08\/EMISSION-PALC-HERBEUMONT-flyer-derniere-version.png?resize=1086%2C1536&amp;ssl=1 1086w, https:\/\/i0.wp.com\/lasource.be\/wp-content\/uploads\/2022\/08\/EMISSION-PALC-HERBEUMONT-flyer-derniere-version.png?w=1414&amp;ssl=1 1414w\" sizes=\"(max-width: 400px) 100vw, 400px\" data-recalc-dims=\"1\" \/><\/a><\/p>\n<figure id=\"attachment_1808\" aria-describedby=\"caption-attachment-1808\" style=\"width: 400px\" class=\"wp-caption aligncenter\"><a href=\"https:\/\/i0.wp.com\/lasource.be\/wp-content\/uploads\/2022\/08\/Partons-a-la-campagne-SudInfo.png?ssl=1\" target=\"_blank\" rel=\"noopener\"><img data-attachment-id=\"1808\" data-permalink=\"https:\/\/lasource.be\/?attachment_id=1808\" data-orig-file=\"https:\/\/i0.wp.com\/lasource.be\/wp-content\/uploads\/2022\/08\/Partons-a-la-campagne-SudInfo.png?fit=593%2C579&amp;ssl=1\" data-orig-size=\"593,579\" data-comments-opened=\"1\" data-image-meta=\"{&quot;aperture&quot;:&quot;0&quot;,&quot;credit&quot;:&quot;&quot;,&quot;camera&quot;:&quot;&quot;,&quot;caption&quot;:&quot;&quot;,&quot;created_timestamp&quot;:&quot;0&quot;,&quot;copyright&quot;:&quot;&quot;,&quot;focal_length&quot;:&quot;0&quot;,&quot;iso&quot;:&quot;0&quot;,&quot;shutter_speed&quot;:&quot;0&quot;,&quot;title&quot;:&quot;&quot;,&quot;orientation&quot;:&quot;0&quot;}\" data-image-title=\"Partons \u00e0 la campagne &#8211; SudInfo\" data-image-description=\"\" data-image-caption=\"\" data-medium-file=\"https:\/\/i0.wp.com\/lasource.be\/wp-content\/uploads\/2022\/08\/Partons-a-la-campagne-SudInfo.png?fit=300%2C293&amp;ssl=1\" data-large-file=\"https:\/\/i0.wp.com\/lasource.be\/wp-content\/uploads\/2022\/08\/Partons-a-la-campagne-SudInfo.png?fit=593%2C579&amp;ssl=1\" decoding=\"async\" loading=\"lazy\" class=\"wp-image-1808\" src=\"https:\/\/i0.wp.com\/lasource.be\/wp-content\/uploads\/2022\/08\/Partons-a-la-campagne-SudInfo.png?resize=400%2C391&#038;ssl=1\" alt=\"\" width=\"400\" height=\"391\" srcset=\"https:\/\/i0.wp.com\/lasource.be\/wp-content\/uploads\/2022\/08\/Partons-a-la-campagne-SudInfo.png?resize=300%2C293&amp;ssl=1 300w, https:\/\/i0.wp.com\/lasource.be\/wp-content\/uploads\/2022\/08\/Partons-a-la-campagne-SudInfo.png?w=593&amp;ssl=1 593w\" sizes=\"(max-width: 400px) 100vw, 400px\" data-recalc-dims=\"1\" \/><\/a><figcaption id=\"caption-attachment-1808\" class=\"wp-caption-text\">La Commune d&rsquo;Herbeumont et l&rsquo;ASBL La Source ont le plaisir d&rsquo;accueillir la radio \u00ab\u00a0Partons \u00e0 la Campagne !\u00a0\u00bb du 8 au 13 ao\u00fbt !<\/figcaption><\/figure>\n","protected":false},"excerpt":{"rendered":"<p>Dans le cadre de l&rsquo;appel \u00e0 projet ILI (Initiatives Locales d&rsquo;Int\u00e9gration), l&rsquo;ASBL La Source et l&rsquo;association \u00ab\u00a0Partons \u00e0 la Campagne !\u00a0\u00bb vous invitent chaleureusement \u00e0 venir passer un moment de&hellip; <a href=\"https:\/\/lasource.be\/?p=1794\" class=\"more-link\">Lire la suite <span class=\"screen-reader-text\">!!! Spectacle radiophonique \u00e0 Herbeumont !!!<\/span><\/a><\/p>\n","protected":false},"author":1,"featured_media":0,"comment_status":"open","ping_status":"open","sticky":false,"template":"","format":"standard","meta":{"jetpack_post_was_ever_published":false,"jetpack_publicize_message":"","jetpack_is_tweetstorm":false,"jetpack_publicize_feature_enabled":true,"jetpack_social_post_already_shared":true,"jetpack_social_options":[]},"categories":[1],"tags":[],"jetpack_publicize_connections":[],"jetpack_featured_media_url":"","jetpack_sharing_enabled":true,"jetpack_shortlink":"https:\/\/wp.me\/p8UIgU-sW","jetpack-related-posts":[{"id":1093,"url":"https:\/\/lasource.be\/?p=1093","url_meta":{"origin":1794,"position":0},"title":"La Source a particip\u00e9 au Festival Mondial des Th\u00e9\u00e2tres de Marionnettes de Charleville-M\u00e9zi\u00e8res !","date":"9 octobre 2019","format":false,"excerpt":"Au d\u00e9but du mois de mars 2019, B\u00e9n\u00e9dicte Helsemans d\u00e9butait ses ateliers de cr\u00e9ation collective et de rencontres interculturelles \"Danse ta voix, chante ta voie\" au sein de notre asbl. Dans le cadre de ce projet ILI, Initiative Locale d\u2019Int\u00e9gration visant \u00e0 soutenir des actions locales en mati\u00e8re d\u2019int\u00e9gration, B\u00e9n\u00e9dicte\u2026","rel":"","context":"Dans &quot;Actualit\u00e9&quot;","img":{"alt_text":"","src":"https:\/\/i0.wp.com\/lasource.be\/wp-content\/uploads\/2019\/10\/P1010035padox.jpg?resize=350%2C200","width":350,"height":200},"classes":[]},{"id":1505,"url":"https:\/\/lasource.be\/?p=1505","url_meta":{"origin":1794,"position":1},"title":"L&rsquo;aventure de la petite Amal commence !","date":"28 juillet 2021","format":false,"excerpt":"Suivez le p\u00e9riple de la petite Amal via la page Facebook d\u00e9di\u00e9e \u00e0 La Marche : https:\/\/www.facebook.com\/walkwithamal\/ Nos partenaires : La Ville de Bouillon Biblioth\u00e8que Communale de Bouillon Centre Culture et Loisirs de Bouillon ( La Poulie) Avana, Groupe Interculturel de Bertrix Equipes Populaires du Luxembourg Crilux Cpas Vielsalm Fedasil\u2026","rel":"","context":"Dans &quot;Actualit\u00e9&quot;","img":{"alt_text":"","src":"https:\/\/i0.wp.com\/lasource.be\/wp-content\/uploads\/2021\/07\/Flyer-grand-format-AMAL-1-207x300.png?resize=350%2C200","width":350,"height":200},"classes":[]},{"id":1166,"url":"https:\/\/lasource.be\/?p=1166","url_meta":{"origin":1794,"position":2},"title":"EMOTION","date":"7 f\u00e9vrier 2020","format":false,"excerpt":"Dans le cadre du projet \"Initiative Locale d'Int\u00e9gration\", La Source va bient\u00f4t d\u00e9marrer un nouveau projet ! \u00c9MOTION : c'est le nom donn\u00e9 \u00e0 ce beau projet qui vous permettra de vous exprimer, de partager, de cr\u00e9er, de dessiner une \u00e9tincelle dans les yeux de chacun et la partager... A\u2026","rel":"","context":"Dans &quot;Actualit\u00e9&quot;","img":{"alt_text":"","src":"https:\/\/i0.wp.com\/lasource.be\/wp-content\/uploads\/2020\/02\/Emotion-Finish-logo-Bouillon-212x300.png?resize=350%2C200","width":350,"height":200},"classes":[]},{"id":2874,"url":"https:\/\/lasource.be\/?p=2874","url_meta":{"origin":1794,"position":3},"title":"Votre formation \u00ab\u00a0Je Booste Mon Avenir\u00a0\u00bb est de retour !!! Tous \u00e0 vos agendas !!! \ud83d\udcdd","date":"9 f\u00e9vrier 2026","format":false,"excerpt":"\u00c0 partir du 09 mars prochain, notre formation \"Je Booste Mon Avenir\" fait son grand retour !!! Vous avez juste besoin d'un petit coup de boost pour concr\u00e9tiser votre projet professionnel ? Cette formation est pour vous ! Durant 4 mois, nous vous proposons : une remise \u00e0 niveau soutenue\u2026","rel":"","context":"Dans &quot;Actualit\u00e9&quot;","img":{"alt_text":"","src":"https:\/\/i0.wp.com\/lasource.be\/wp-content\/uploads\/2026\/02\/Pub-JBMA-Mars-2026-300x226.png?resize=350%2C200&ssl=1","width":350,"height":200},"classes":[]},{"id":2379,"url":"https:\/\/lasource.be\/?p=2379","url_meta":{"origin":1794,"position":4},"title":"\ud83d\udd0e D\u00e9couvrez le nouveau module \u00ab\u00a0Phare\u00a0\u00bb du Service d&rsquo;Insertion Sociale","date":"28 novembre 2023","format":false,"excerpt":"C'est avec un grand enthousiasme que l'\u00e9quipe du SIS vous pr\u00e9sente son tout nouveau module baptis\u00e9 \"Phare\" Un module de 6 mois pour dessiner VOTRE projet de VIE ! Curieux de d\u00e9couvrir ce nouveau module ?\u00a0 Plus parlant qu'un long discours, regardez la petite vid\u00e9o ci-dessous : \u00a0 \u00c0 travers\u2026","rel":"","context":"Dans &quot;Actualit\u00e9&quot;","img":{"alt_text":"","src":"https:\/\/i0.wp.com\/lasource.be\/wp-content\/uploads\/2023\/11\/Phare-Seances-dinfo-2.gif?resize=350%2C200&ssl=1","width":350,"height":200},"classes":[]},{"id":991,"url":"https:\/\/lasource.be\/?p=991","url_meta":{"origin":1794,"position":5},"title":"Danse ta voix et Chante ta voie !","date":"21 f\u00e9vrier 2019","format":false,"excerpt":"Un nouveau projet va bient\u00f4t d\u00e9marrer \u00e0 La Source ! A partir du mardi 12 mars 2019, des ateliers de cr\u00e9ation collective et des rencontres interculturelles seront mis en place une apr\u00e8s-midi par semaine. Nous allons r\u00e9aliser une cr\u00e9ation collective qui m\u00e9langera tous les regards de l'ensemble des participants pour\u2026","rel":"","context":"Dans &quot;Actualit\u00e9&quot;","img":{"alt_text":"","src":"https:\/\/i0.wp.com\/lasource.be\/wp-content\/uploads\/2019\/02\/Danse_ta_voix_Affiche_finish-212x300.gif?resize=350%2C200","width":350,"height":200},"classes":[]}],"_links":{"self":[{"href":"https:\/\/lasource.be\/index.php?rest_route=\/wp\/v2\/posts\/1794"}],"collection":[{"href":"https:\/\/lasource.be\/index.php?rest_route=\/wp\/v2\/posts"}],"about":[{"href":"https:\/\/lasource.be\/index.php?rest_route=\/wp\/v2\/types\/post"}],"author":[{"embeddable":true,"href":"https:\/\/lasource.be\/index.php?rest_route=\/wp\/v2\/users\/1"}],"replies":[{"embeddable":true,"href":"https:\/\/lasource.be\/index.php?rest_route=%2Fwp%2Fv2%2Fcomments&post=1794"}],"version-history":[{"count":12,"href":"https:\/\/lasource.be\/index.php?rest_route=\/wp\/v2\/posts\/1794\/revisions"}],"predecessor-version":[{"id":1885,"href":"https:\/\/lasource.be\/index.php?rest_route=\/wp\/v2\/posts\/1794\/revisions\/1885"}],"wp:attachment":[{"href":"https:\/\/lasource.be\/index.php?rest_route=%2Fwp%2Fv2%2Fmedia&parent=1794"}],"wp:term":[{"taxonomy":"category","embeddable":true,"href":"https:\/\/lasource.be\/index.php?rest_route=%2Fwp%2Fv2%2Fcategories&post=1794"},{"taxonomy":"post_tag","embeddable":true,"href":"https:\/\/lasource.be\/index.php?rest_route=%2Fwp%2Fv2%2Ftags&post=1794"}],"curies":[{"name":"wp","href":"https:\/\/api.w.org\/{rel}","templated":true}]}}