{"id":1821,"date":"2022-10-14T16:12:05","date_gmt":"2022-10-14T14:12:05","guid":{"rendered":"https:\/\/lasource.be\/?p=1821"},"modified":"2022-10-14T16:12:05","modified_gmt":"2022-10-14T14:12:05","slug":"derniere-formation-je-booste-mon-avenir-de-lannee","status":"publish","type":"post","link":"https:\/\/lasource.be\/?p=1821","title":{"rendered":"!!! Derni\u00e8re formation \u00ab\u00a0Je Booste Mon Avenir\u00a0\u00bb de l&rsquo;ann\u00e9e !!!"},"content":{"rendered":"<p><a href=\"https:\/\/i0.wp.com\/lasource.be\/wp-content\/uploads\/2022\/10\/Seances-dinfo-JBMA-octobre-2022-fleche.png?ssl=1\" target=\"_blank\" rel=\"noopener\"><img data-attachment-id=\"1823\" data-permalink=\"https:\/\/lasource.be\/?attachment_id=1823\" data-orig-file=\"https:\/\/i0.wp.com\/lasource.be\/wp-content\/uploads\/2022\/10\/Seances-dinfo-JBMA-octobre-2022-fleche.png?fit=2958%2C2218&amp;ssl=1\" data-orig-size=\"2958,2218\" data-comments-opened=\"1\" data-image-meta=\"{&quot;aperture&quot;:&quot;0&quot;,&quot;credit&quot;:&quot;&quot;,&quot;camera&quot;:&quot;&quot;,&quot;caption&quot;:&quot;&quot;,&quot;created_timestamp&quot;:&quot;0&quot;,&quot;copyright&quot;:&quot;&quot;,&quot;focal_length&quot;:&quot;0&quot;,&quot;iso&quot;:&quot;0&quot;,&quot;shutter_speed&quot;:&quot;0&quot;,&quot;title&quot;:&quot;&quot;,&quot;orientation&quot;:&quot;0&quot;}\" data-image-title=\"S\u00e9ances d&amp;rsquo;info JBMA octobre 2022-fl\u00e8che\" data-image-description=\"\" data-image-caption=\"\" data-medium-file=\"https:\/\/i0.wp.com\/lasource.be\/wp-content\/uploads\/2022\/10\/Seances-dinfo-JBMA-octobre-2022-fleche.png?fit=300%2C225&amp;ssl=1\" data-large-file=\"https:\/\/i0.wp.com\/lasource.be\/wp-content\/uploads\/2022\/10\/Seances-dinfo-JBMA-octobre-2022-fleche.png?fit=825%2C619&amp;ssl=1\" decoding=\"async\" loading=\"lazy\" class=\"aligncenter wp-image-1823\" src=\"https:\/\/i0.wp.com\/lasource.be\/wp-content\/uploads\/2022\/10\/Seances-dinfo-JBMA-octobre-2022-fleche.png?resize=600%2C450&#038;ssl=1\" alt=\"\" width=\"600\" height=\"450\" srcset=\"https:\/\/i0.wp.com\/lasource.be\/wp-content\/uploads\/2022\/10\/Seances-dinfo-JBMA-octobre-2022-fleche.png?resize=300%2C225&amp;ssl=1 300w, https:\/\/i0.wp.com\/lasource.be\/wp-content\/uploads\/2022\/10\/Seances-dinfo-JBMA-octobre-2022-fleche.png?resize=1024%2C768&amp;ssl=1 1024w, https:\/\/i0.wp.com\/lasource.be\/wp-content\/uploads\/2022\/10\/Seances-dinfo-JBMA-octobre-2022-fleche.png?resize=768%2C576&amp;ssl=1 768w, https:\/\/i0.wp.com\/lasource.be\/wp-content\/uploads\/2022\/10\/Seances-dinfo-JBMA-octobre-2022-fleche.png?resize=1536%2C1152&amp;ssl=1 1536w, https:\/\/i0.wp.com\/lasource.be\/wp-content\/uploads\/2022\/10\/Seances-dinfo-JBMA-octobre-2022-fleche.png?resize=2048%2C1536&amp;ssl=1 2048w, https:\/\/i0.wp.com\/lasource.be\/wp-content\/uploads\/2022\/10\/Seances-dinfo-JBMA-octobre-2022-fleche.png?w=1650&amp;ssl=1 1650w, https:\/\/i0.wp.com\/lasource.be\/wp-content\/uploads\/2022\/10\/Seances-dinfo-JBMA-octobre-2022-fleche.png?w=2475&amp;ssl=1 2475w\" sizes=\"(max-width: 600px) 100vw, 600px\" data-recalc-dims=\"1\" \/><\/a><\/p>\n","protected":false},"excerpt":{"rendered":"","protected":false},"author":1,"featured_media":0,"comment_status":"open","ping_status":"open","sticky":false,"template":"","format":"standard","meta":{"jetpack_post_was_ever_published":false,"jetpack_publicize_message":"","jetpack_is_tweetstorm":false,"jetpack_publicize_feature_enabled":true,"jetpack_social_post_already_shared":true,"jetpack_social_options":[]},"categories":[1],"tags":[],"jetpack_publicize_connections":[],"jetpack_featured_media_url":"","jetpack_sharing_enabled":true,"jetpack_shortlink":"https:\/\/wp.me\/p8UIgU-tn","jetpack-related-posts":[{"id":2603,"url":"https:\/\/lasource.be\/?p=2603","url_meta":{"origin":1821,"position":0},"title":"\ud83d\udce3 2025 : Le grand retour de nos formations en orientation professionnelle !!!","date":"12 novembre 2024","format":false,"excerpt":"2025 marquera le retour de nos formations \"Je Cr\u00e9e Mon Avenir\" et \"Je Booste Mon Avenir\" ! \ud83d\udd0e Retrouvez ci-dessous un aper\u00e7u de nos deux formations en orientation professionnelle. \ud83d\udcc6 Pour plus de d\u00e9tails, nous vous proposons de nous rencontrer le 17 d\u00e9cembre prochain et le 6 janvier 2025 lors\u2026","rel":"","context":"Dans &quot;Actualit\u00e9&quot;","img":{"alt_text":"","src":"https:\/\/i0.wp.com\/lasource.be\/wp-content\/uploads\/2024\/11\/pub-jcma-janvier-2025-dates-seances-info-300x221.png?resize=350%2C200&ssl=1","width":350,"height":200},"classes":[]},{"id":2454,"url":"https:\/\/lasource.be\/?p=2454","url_meta":{"origin":1821,"position":1},"title":"Votre formation \u00ab\u00a0Je Booste Mon Avenir\u00a0\u00bb is back !!! Tous \u00e0 vos agendas !!! \ud83d\udcdd","date":"2 f\u00e9vrier 2024","format":false,"excerpt":"\u00c0 partir du 11 mars prochain, notre formation \"Je Booste Mon Avenir\" fait son grand retour !!! Vous avez juste besoin d'un petit coup de boost pour concr\u00e9tiser votre projet professionnel ? Cette formation est pour vous ! Durant 4 mois, nous vous proposons : une remise \u00e0 niveau soutenue\u2026","rel":"","context":"Dans &quot;Actualit\u00e9&quot;","img":{"alt_text":"","src":"https:\/\/i0.wp.com\/lasource.be\/wp-content\/uploads\/2024\/02\/Pub-JBMA-Mars-2024-Seances-dinfo-dernier-opus-300x192.png?resize=350%2C200&ssl=1","width":350,"height":200},"classes":[]},{"id":2874,"url":"https:\/\/lasource.be\/?p=2874","url_meta":{"origin":1821,"position":2},"title":"Votre formation \u00ab\u00a0Je Booste Mon Avenir\u00a0\u00bb est de retour !!! Tous \u00e0 vos agendas !!! \ud83d\udcdd","date":"9 f\u00e9vrier 2026","format":false,"excerpt":"\u00c0 partir du 09 mars prochain, notre formation \"Je Booste Mon Avenir\" fait son grand retour !!! Vous avez juste besoin d'un petit coup de boost pour concr\u00e9tiser votre projet professionnel ? Cette formation est pour vous ! Durant 4 mois, nous vous proposons : une remise \u00e0 niveau soutenue\u2026","rel":"","context":"Dans &quot;Actualit\u00e9&quot;","img":{"alt_text":"","src":"https:\/\/i0.wp.com\/lasource.be\/wp-content\/uploads\/2026\/02\/Pub-JBMA-Mars-2026-300x226.png?resize=350%2C200&ssl=1","width":350,"height":200},"classes":[]},{"id":1701,"url":"https:\/\/lasource.be\/?p=1701","url_meta":{"origin":1821,"position":3},"title":"Nouvelle formation \u00ab\u00a0Je booste mon avenir\u00a0\u00bb","date":"28 avril 2022","format":false,"excerpt":"Tu recherches du travail ? Tu es proche de l'emploi mais il te manque juste le petit tremplin qui te propulsera \u00e0 la conqu\u00eate du monde du travail ? Notre nouvelle formation \"Je booste mon avenir\" est faite pour toi ! Nous te proposons une formation intensive de 3 mois\u2026","rel":"","context":"Dans &quot;Actualit\u00e9&quot;","img":{"alt_text":"","src":"https:\/\/i0.wp.com\/lasource.be\/wp-content\/uploads\/2022\/04\/Je-booste-mon-avenir-sans-s\u00c3\u00a9ance-info-300x300.png?resize=350%2C200","width":350,"height":200},"classes":[]},{"id":2032,"url":"https:\/\/lasource.be\/?p=2032","url_meta":{"origin":1821,"position":4},"title":"\u00c0 vos agendas !","date":"11 juillet 2023","format":false,"excerpt":"L'\u00e9t\u00e9 est l\u00e0 ! Place \u00e0 un peu de l\u00e9g\u00e8ret\u00e9 et de repos bien m\u00e9rit\u00e9s avant la rentr\u00e9e ! \u00a0 Nos formations en orientation professionnelle \"Je Cr\u00e9e Mon Avenir\" et \"Je Booste Mon Avenir\" viennent de se terminer en ce d\u00e9but de juillet (nous reviendrons plus en d\u00e9tails sur cet\u2026","rel":"","context":"Dans &quot;Actualit\u00e9&quot;","img":{"alt_text":"","src":"https:\/\/i0.wp.com\/lasource.be\/wp-content\/uploads\/2023\/07\/Couverture-Facebook-Post-it-Finish-Magnets-OK-300x114.png?resize=350%2C200&ssl=1","width":350,"height":200},"classes":[]},{"id":2732,"url":"https:\/\/lasource.be\/?p=2732","url_meta":{"origin":1821,"position":5},"title":"\ud83c\udf93 Retour en images sur la remise des certificats de nos formations JCMA 35H et JBMA 28H \ud83c\udf93","date":"17 juillet 2025","format":false,"excerpt":"Petit retour sur la remise des certificats pour nos stagiaires des formations \"Je Cr\u00e9e Mon Avenir\" et \"Je Booste Mon Avenir\" qui s'est d\u00e9roul\u00e9e ce 4 juillet 2025. \u00a0 \u00a0 \u00a0Nous tenons \u00e0 dire un grand MERCI \u00e0 tous nos stagiaires pour leur belle implication, leur motivation et leur bonne\u2026","rel":"","context":"Dans &quot;Actualit\u00e9&quot;","img":{"alt_text":"","src":"https:\/\/i0.wp.com\/lasource.be\/wp-content\/uploads\/2025\/07\/1.png?resize=350%2C200","width":350,"height":200},"classes":[]}],"_links":{"self":[{"href":"https:\/\/lasource.be\/index.php?rest_route=\/wp\/v2\/posts\/1821"}],"collection":[{"href":"https:\/\/lasource.be\/index.php?rest_route=\/wp\/v2\/posts"}],"about":[{"href":"https:\/\/lasource.be\/index.php?rest_route=\/wp\/v2\/types\/post"}],"author":[{"embeddable":true,"href":"https:\/\/lasource.be\/index.php?rest_route=\/wp\/v2\/users\/1"}],"replies":[{"embeddable":true,"href":"https:\/\/lasource.be\/index.php?rest_route=%2Fwp%2Fv2%2Fcomments&post=1821"}],"version-history":[{"count":2,"href":"https:\/\/lasource.be\/index.php?rest_route=\/wp\/v2\/posts\/1821\/revisions"}],"predecessor-version":[{"id":1825,"href":"https:\/\/lasource.be\/index.php?rest_route=\/wp\/v2\/posts\/1821\/revisions\/1825"}],"wp:attachment":[{"href":"https:\/\/lasource.be\/index.php?rest_route=%2Fwp%2Fv2%2Fmedia&parent=1821"}],"wp:term":[{"taxonomy":"category","embeddable":true,"href":"https:\/\/lasource.be\/index.php?rest_route=%2Fwp%2Fv2%2Fcategories&post=1821"},{"taxonomy":"post_tag","embeddable":true,"href":"https:\/\/lasource.be\/index.php?rest_route=%2Fwp%2Fv2%2Ftags&post=1821"}],"curies":[{"name":"wp","href":"https:\/\/api.w.org\/{rel}","templated":true}]}}