{"id":1897,"date":"2022-11-30T09:26:51","date_gmt":"2022-11-30T08:26:51","guid":{"rendered":"https:\/\/lasource.be\/?p=1897"},"modified":"2022-11-30T09:26:51","modified_gmt":"2022-11-30T08:26:51","slug":"dates-des-seances-dinfo-pour-la-nouvelle-formation-je-cree-mon-avenir-35h","status":"publish","type":"post","link":"https:\/\/lasource.be\/?p=1897","title":{"rendered":"!!! Dates des s\u00e9ances d&rsquo;info pour la nouvelle formation \u00ab\u00a0Je Cr\u00e9e Mon Avenir 35h\u00a0\u00bb !!!"},"content":{"rendered":"<p>Et si, juste avant d&rsquo;entrer dans le tourbillon des f\u00eates, on pensait encore un peu ensemble \u00e0 votre avenir professionnel ?<\/p>\n<p>Vous vous posez des questions sur votre orientation ou r\u00e9orientation professionnelle ?<br \/>\nVous avez envie d&rsquo;explorer de nouveaux horizons, d\u00e9couvrir de nouveaux m\u00e9tiers, vous mettre en situation professionnelle gr\u00e2ce \u00e0 des stages en entreprises et tout cela dans une belle dynamique de groupe !<\/p>\n<p>Alors, venez assister \u00e0 une de nos deux <strong>s\u00e9ances d&rsquo;infos<\/strong> afin de d\u00e9couvrir en d\u00e9tail le contenu de notre formation.<br \/>\nLes rencontres se d\u00e9rouleront dans nos locaux les :<\/p>\n<ul>\n<li><strong>12 d\u00e9cembre \u00e0 14h00<\/strong><\/li>\n<li><strong>20 d\u00e9cembre \u00e0 11h00<\/strong><\/li>\n<\/ul>\n<p>Osez franchir les portes de notre centre de formation car, comme dit le proverbe africain : <em>\u00ab\u00a0Seul on va plus vite, ensemble, on va plus loin !\u00a0\u00bb<\/em><\/p>\n<p>Bienvenue \u00e0 tous !<\/p>\n<p><a href=\"https:\/\/i0.wp.com\/lasource.be\/wp-content\/uploads\/2022\/11\/Seances-dinfo-JCMA-decembre-2022.png?ssl=1\" target=\"_blank\" rel=\"noopener\"><img data-attachment-id=\"1898\" data-permalink=\"https:\/\/lasource.be\/?attachment_id=1898\" data-orig-file=\"https:\/\/i0.wp.com\/lasource.be\/wp-content\/uploads\/2022\/11\/Seances-dinfo-JCMA-decembre-2022.png?fit=2958%2C2218&amp;ssl=1\" data-orig-size=\"2958,2218\" data-comments-opened=\"1\" data-image-meta=\"{&quot;aperture&quot;:&quot;0&quot;,&quot;credit&quot;:&quot;&quot;,&quot;camera&quot;:&quot;&quot;,&quot;caption&quot;:&quot;&quot;,&quot;created_timestamp&quot;:&quot;0&quot;,&quot;copyright&quot;:&quot;&quot;,&quot;focal_length&quot;:&quot;0&quot;,&quot;iso&quot;:&quot;0&quot;,&quot;shutter_speed&quot;:&quot;0&quot;,&quot;title&quot;:&quot;&quot;,&quot;orientation&quot;:&quot;0&quot;}\" data-image-title=\"S\u00e9ances d&amp;rsquo;info JCMA d\u00e9cembre 2022\" data-image-description=\"\" data-image-caption=\"\" data-medium-file=\"https:\/\/i0.wp.com\/lasource.be\/wp-content\/uploads\/2022\/11\/Seances-dinfo-JCMA-decembre-2022.png?fit=300%2C225&amp;ssl=1\" data-large-file=\"https:\/\/i0.wp.com\/lasource.be\/wp-content\/uploads\/2022\/11\/Seances-dinfo-JCMA-decembre-2022.png?fit=825%2C619&amp;ssl=1\" decoding=\"async\" loading=\"lazy\" class=\"aligncenter wp-image-1898\" src=\"https:\/\/i0.wp.com\/lasource.be\/wp-content\/uploads\/2022\/11\/Seances-dinfo-JCMA-decembre-2022.png?resize=600%2C450&#038;ssl=1\" alt=\"\" width=\"600\" height=\"450\" srcset=\"https:\/\/i0.wp.com\/lasource.be\/wp-content\/uploads\/2022\/11\/Seances-dinfo-JCMA-decembre-2022.png?resize=300%2C225&amp;ssl=1 300w, https:\/\/i0.wp.com\/lasource.be\/wp-content\/uploads\/2022\/11\/Seances-dinfo-JCMA-decembre-2022.png?resize=1024%2C768&amp;ssl=1 1024w, https:\/\/i0.wp.com\/lasource.be\/wp-content\/uploads\/2022\/11\/Seances-dinfo-JCMA-decembre-2022.png?resize=768%2C576&amp;ssl=1 768w, https:\/\/i0.wp.com\/lasource.be\/wp-content\/uploads\/2022\/11\/Seances-dinfo-JCMA-decembre-2022.png?resize=1536%2C1152&amp;ssl=1 1536w, https:\/\/i0.wp.com\/lasource.be\/wp-content\/uploads\/2022\/11\/Seances-dinfo-JCMA-decembre-2022.png?resize=2048%2C1536&amp;ssl=1 2048w, https:\/\/i0.wp.com\/lasource.be\/wp-content\/uploads\/2022\/11\/Seances-dinfo-JCMA-decembre-2022.png?w=1650&amp;ssl=1 1650w, https:\/\/i0.wp.com\/lasource.be\/wp-content\/uploads\/2022\/11\/Seances-dinfo-JCMA-decembre-2022.png?w=2475&amp;ssl=1 2475w\" sizes=\"(max-width: 600px) 100vw, 600px\" data-recalc-dims=\"1\" \/><\/a><\/p>\n","protected":false},"excerpt":{"rendered":"<p>Et si, juste avant d&rsquo;entrer dans le tourbillon des f\u00eates, on pensait encore un peu ensemble \u00e0 votre avenir professionnel ? Vous vous posez des questions sur votre orientation ou&hellip; <a href=\"https:\/\/lasource.be\/?p=1897\" class=\"more-link\">Lire la suite <span class=\"screen-reader-text\">!!! Dates des s\u00e9ances d&rsquo;info pour la nouvelle formation \u00ab\u00a0Je Cr\u00e9e Mon Avenir 35h\u00a0\u00bb !!!<\/span><\/a><\/p>\n","protected":false},"author":1,"featured_media":0,"comment_status":"open","ping_status":"open","sticky":false,"template":"","format":"standard","meta":{"jetpack_post_was_ever_published":false,"jetpack_publicize_message":"","jetpack_is_tweetstorm":false,"jetpack_publicize_feature_enabled":true,"jetpack_social_post_already_shared":true,"jetpack_social_options":[]},"categories":[1],"tags":[],"jetpack_publicize_connections":[],"jetpack_featured_media_url":"","jetpack_sharing_enabled":true,"jetpack_shortlink":"https:\/\/wp.me\/p8UIgU-uB","jetpack-related-posts":[{"id":1250,"url":"https:\/\/lasource.be\/?p=1250","url_meta":{"origin":1897,"position":0},"title":"Bient\u00f4t la rentr\u00e9e ! Nouvelle formation \u00ab\u00a0Je Cr\u00e9e Mon Avenir\u00a0\u00bb 35h\/semaine","date":"20 ao\u00fbt 2020","format":false,"excerpt":"C'est avec grand plaisir que nous vous informons que notre nouvelle formation \u00ab\u00a0Je Cr\u00e9e Mon Avenir\u00a0\u00bb (35h\/semaine) recommence au mois d'octobre 2020 ! Voici les dates \u00e0 retenir : La formation \u00ab\u00a0Je Cr\u00e9e Mon Avenir\u00a0\u00bb 35h\/semaine d\u00e9butera le lundi 05 octobre 2020 (pour une dur\u00e9e de 9 mois) S\u00e9ance d\u2019info\u2026","rel":"","context":"Dans &quot;Actualit\u00e9&quot;","img":{"alt_text":"","src":"https:\/\/i0.wp.com\/lasource.be\/wp-content\/uploads\/2020\/08\/Pub-Vlan-octobre-2020-35h-FINISH-300x219.png?resize=350%2C200","width":350,"height":200},"classes":[]},{"id":1068,"url":"https:\/\/lasource.be\/?p=1068","url_meta":{"origin":1897,"position":1},"title":"Bient\u00f4t la rentr\u00e9e : voici les dates de nos nouvelles formations \u00ab\u00a0Je Cr\u00e9e Mon Avenir\u00a0\u00bb","date":"20 ao\u00fbt 2019","format":false,"excerpt":"Nous avons le plaisir de vous informer que nos nouvelles formations \"Je Cr\u00e9e Mon Avenir\" vont bient\u00f4t recommencer ! Voici les dates \u00e0 retenir : La formation \"Je Cr\u00e9e Mon Avenir\" 19h\/semaine d\u00e9butera le lundi 16 septembre 2019\u00a0 (s\u00e9ance d'info : le mardi 03 septembre \u00e0 9h30) La formation \"Je\u2026","rel":"","context":"Dans &quot;Actualit\u00e9&quot;","img":{"alt_text":"","src":"https:\/\/i0.wp.com\/lasource.be\/wp-content\/uploads\/2019\/08\/Pub-Vlan-octobre-2019-35h-FINISH.png?resize=350%2C200","width":350,"height":200},"classes":[]},{"id":2603,"url":"https:\/\/lasource.be\/?p=2603","url_meta":{"origin":1897,"position":2},"title":"\ud83d\udce3 2025 : Le grand retour de nos formations en orientation professionnelle !!!","date":"12 novembre 2024","format":false,"excerpt":"2025 marquera le retour de nos formations \"Je Cr\u00e9e Mon Avenir\" et \"Je Booste Mon Avenir\" ! \ud83d\udd0e Retrouvez ci-dessous un aper\u00e7u de nos deux formations en orientation professionnelle. \ud83d\udcc6 Pour plus de d\u00e9tails, nous vous proposons de nous rencontrer le 17 d\u00e9cembre prochain et le 6 janvier 2025 lors\u2026","rel":"","context":"Dans &quot;Actualit\u00e9&quot;","img":{"alt_text":"","src":"https:\/\/i0.wp.com\/lasource.be\/wp-content\/uploads\/2024\/11\/pub-jcma-janvier-2025-dates-seances-info-300x221.png?resize=350%2C200&ssl=1","width":350,"height":200},"classes":[]},{"id":1930,"url":"https:\/\/lasource.be\/?p=1930","url_meta":{"origin":1897,"position":3},"title":"La nouvelle formation \u00ab\u00a0Je Booste Mon Avenir\u00a0\u00bb est dans les starting-blocks !","date":"8 f\u00e9vrier 2023","format":false,"excerpt":"Vous vous sentez pr\u00eats pour un nouveau d\u00e9part ? Vous \u00eates proches de l'emploi mais il vous manque juste le petit tremplin qui vous propulsera \u00e0 la conqu\u00eate du monde du travail ? Notre nouvelle formation \"Je Booste Mon Avenir\" est faite pour vous ! 4 mois de formation -\u2026","rel":"","context":"Dans &quot;Actualit\u00e9&quot;","img":{"alt_text":"","src":"https:\/\/i0.wp.com\/lasource.be\/wp-content\/uploads\/2023\/02\/Seances-dinfo-JBMA-Mars-2023-OK-COCHON-300x225.jpg?resize=350%2C200&ssl=1","width":350,"height":200},"classes":[]},{"id":1566,"url":"https:\/\/lasource.be\/?p=1566","url_meta":{"origin":1897,"position":4},"title":"!!! Votre nouvelle formation \u00ab\u00a0Je cr\u00e9e mon avenir\u00a0\u00bb d\u00e9bute au mois de SEPTEMBRE !!!","date":"30 juillet 2021","format":false,"excerpt":"Nous sommes encore en \u00e9t\u00e9 (m\u00eame si le temps maussade nous en fait quelque peu douter...) et doucement, la rentr\u00e9e se profile \u00e0 l'horizon. Symbolique rentr\u00e9e du mois de septembre ! Tout comme nos \u00e9coliers, \"la rentr\u00e9e\" est synonyme de nouveau d\u00e9part, de projets, de questionnements et surtout\u00a0 d'avenir !\u2026","rel":"","context":"Dans &quot;Actualit\u00e9&quot;","img":{"alt_text":"","src":"https:\/\/i0.wp.com\/lasource.be\/wp-content\/uploads\/2021\/07\/Projet-Pub-Proximag-octobre-2021-JCMA-35-300x300.png?resize=350%2C200","width":350,"height":200},"classes":[]},{"id":2327,"url":"https:\/\/lasource.be\/?p=2327","url_meta":{"origin":1897,"position":5},"title":"\ud83d\udcdd Notez d\u00e9j\u00e0 les dates de nos prochaines s\u00e9ances d&rsquo;info","date":"22 novembre 2023","format":false,"excerpt":"Tous \u00e0 vos agendas ! Avant d'entamer le tourbillon des f\u00eates, nous vous proposons de d\u00e9couvrir nos deux formations en orientation professionnelle. Notez d\u00e9j\u00e0 les deux dates de nos s\u00e9ances d'info pour ne pas les oublier ! Elles se d\u00e9rouleront dans les locaux de La Source les : Vendredi 8\u2026","rel":"","context":"Dans &quot;Actualit\u00e9&quot;","img":{"alt_text":"","src":"https:\/\/i0.wp.com\/lasource.be\/wp-content\/uploads\/2023\/11\/pub-jcma-janvier-2024-finish-fond-jaune-300x192.png?resize=350%2C200&ssl=1","width":350,"height":200},"classes":[]}],"_links":{"self":[{"href":"https:\/\/lasource.be\/index.php?rest_route=\/wp\/v2\/posts\/1897"}],"collection":[{"href":"https:\/\/lasource.be\/index.php?rest_route=\/wp\/v2\/posts"}],"about":[{"href":"https:\/\/lasource.be\/index.php?rest_route=\/wp\/v2\/types\/post"}],"author":[{"embeddable":true,"href":"https:\/\/lasource.be\/index.php?rest_route=\/wp\/v2\/users\/1"}],"replies":[{"embeddable":true,"href":"https:\/\/lasource.be\/index.php?rest_route=%2Fwp%2Fv2%2Fcomments&post=1897"}],"version-history":[{"count":7,"href":"https:\/\/lasource.be\/index.php?rest_route=\/wp\/v2\/posts\/1897\/revisions"}],"predecessor-version":[{"id":1905,"href":"https:\/\/lasource.be\/index.php?rest_route=\/wp\/v2\/posts\/1897\/revisions\/1905"}],"wp:attachment":[{"href":"https:\/\/lasource.be\/index.php?rest_route=%2Fwp%2Fv2%2Fmedia&parent=1897"}],"wp:term":[{"taxonomy":"category","embeddable":true,"href":"https:\/\/lasource.be\/index.php?rest_route=%2Fwp%2Fv2%2Fcategories&post=1897"},{"taxonomy":"post_tag","embeddable":true,"href":"https:\/\/lasource.be\/index.php?rest_route=%2Fwp%2Fv2%2Ftags&post=1897"}],"curies":[{"name":"wp","href":"https:\/\/api.w.org\/{rel}","templated":true}]}}