{"id":1912,"date":"2022-12-20T14:57:00","date_gmt":"2022-12-20T13:57:00","guid":{"rendered":"https:\/\/lasource.be\/?p=1912"},"modified":"2022-12-20T14:57:00","modified_gmt":"2022-12-20T13:57:00","slug":"joyeux-noel-et-bonne-annee-2023-a-tous","status":"publish","type":"post","link":"https:\/\/lasource.be\/?p=1912","title":{"rendered":"Joyeux No\u00ebl et Bonne ann\u00e9e 2023 \u00e0 tous !"},"content":{"rendered":"<div style=\"width: 825px;\" class=\"wp-video\"><!--[if lt IE 9]><script>document.createElement('video');<\/script><![endif]-->\n<video class=\"wp-video-shortcode\" id=\"video-1912-1\" width=\"825\" height=\"465\" loop=\"1\" autoplay=\"1\" preload=\"metadata\" controls=\"controls\"><source type=\"video\/mp4\" src=\"https:\/\/lasource.be\/wp-content\/uploads\/2022\/12\/Video-voeux-2022.mp4?_=1\" \/><a href=\"https:\/\/lasource.be\/wp-content\/uploads\/2022\/12\/Video-voeux-2022.mp4\">https:\/\/lasource.be\/wp-content\/uploads\/2022\/12\/Video-voeux-2022.mp4<\/a><\/video><\/div>\n","protected":false},"excerpt":{"rendered":"","protected":false},"author":1,"featured_media":0,"comment_status":"open","ping_status":"open","sticky":false,"template":"","format":"standard","meta":{"jetpack_post_was_ever_published":false,"jetpack_publicize_message":"","jetpack_is_tweetstorm":false,"jetpack_publicize_feature_enabled":true,"jetpack_social_post_already_shared":true,"jetpack_social_options":[]},"categories":[1],"tags":[],"jetpack_publicize_connections":[],"jetpack_featured_media_url":"","jetpack_sharing_enabled":true,"jetpack_shortlink":"https:\/\/wp.me\/p8UIgU-uQ","jetpack-related-posts":[{"id":1701,"url":"https:\/\/lasource.be\/?p=1701","url_meta":{"origin":1912,"position":0},"title":"Nouvelle formation \u00ab\u00a0Je booste mon avenir\u00a0\u00bb","date":"28 avril 2022","format":false,"excerpt":"Tu recherches du travail ? Tu es proche de l'emploi mais il te manque juste le petit tremplin qui te propulsera \u00e0 la conqu\u00eate du monde du travail ? Notre nouvelle formation \"Je booste mon avenir\" est faite pour toi ! Nous te proposons une formation intensive de 3 mois\u2026","rel":"","context":"Dans &quot;Actualit\u00e9&quot;","img":{"alt_text":"","src":"https:\/\/i0.wp.com\/lasource.be\/wp-content\/uploads\/2022\/04\/Je-booste-mon-avenir-sans-s\u00c3\u00a9ance-info-300x300.png?resize=350%2C200","width":350,"height":200},"classes":[]},{"id":1079,"url":"https:\/\/lasource.be\/?p=1079","url_meta":{"origin":1912,"position":1},"title":"Besoin d&rsquo;une remise \u00e0 niveau en informatique ?","date":"20 ao\u00fbt 2019","format":false,"excerpt":"Vous avez besoin d'une remise \u00e0 niveau en bureautique ou vous d\u00e9sirez d\u00e9couvrir l'outil informatique ?\u00a0 Notre formation \"Bureau' TIC\" est pour vous ! Venez vous initier ou vous perfectionner dans les logiciels de bureautique professionnels et indispensables de la suite Microsoft Office : Word Excel Powerpoint Publisher Access Le\u2026","rel":"","context":"Dans &quot;Actualit\u00e9&quot;","img":{"alt_text":"","src":"https:\/\/i0.wp.com\/lasource.be\/wp-content\/uploads\/2019\/08\/Pub-Vlan-informatique-NEW-Finish-1.png?resize=350%2C200","width":350,"height":200},"classes":[]},{"id":2379,"url":"https:\/\/lasource.be\/?p=2379","url_meta":{"origin":1912,"position":2},"title":"\ud83d\udd0e D\u00e9couvrez le nouveau module \u00ab\u00a0Phare\u00a0\u00bb du Service d&rsquo;Insertion Sociale","date":"28 novembre 2023","format":false,"excerpt":"C'est avec un grand enthousiasme que l'\u00e9quipe du SIS vous pr\u00e9sente son tout nouveau module baptis\u00e9 \"Phare\" Un module de 6 mois pour dessiner VOTRE projet de VIE ! Curieux de d\u00e9couvrir ce nouveau module ?\u00a0 Plus parlant qu'un long discours, regardez la petite vid\u00e9o ci-dessous : \u00a0 \u00c0 travers\u2026","rel":"","context":"Dans &quot;Actualit\u00e9&quot;","img":{"alt_text":"","src":"https:\/\/i0.wp.com\/lasource.be\/wp-content\/uploads\/2023\/11\/Phare-Seances-dinfo-2.gif?resize=350%2C200&ssl=1","width":350,"height":200},"classes":[]},{"id":2529,"url":"https:\/\/lasource.be\/?p=2529","url_meta":{"origin":1912,"position":3},"title":"\ud83c\udf93 Retour en images sur la remise des certificats de la formation JCMA 35H \ud83c\udf93","date":"29 f\u00e9vrier 2024","format":false,"excerpt":"Vendredi 23 f\u00e9vrier, l'\u00e9quipe de La Source et les stagiaires, accompagn\u00e9s de leurs amis et familles, se sont r\u00e9unis \u00e0 l'Acad\u00e9mie de Musique de Bouillon afin de proc\u00e9der \u00e0 la remise des certificats de la formation \"Je Cr\u00e9e Mon Avenir\" qui arrivait \u00e0 son terme. \u270d\ufe0f Ce moment de partage\u2026","rel":"","context":"Dans &quot;Actualit\u00e9&quot;","img":{"alt_text":"","src":"https:\/\/i0.wp.com\/lasource.be\/wp-content\/uploads\/2024\/02\/1.png?resize=350%2C200","width":350,"height":200},"classes":[]},{"id":2071,"url":"https:\/\/lasource.be\/?p=2071","url_meta":{"origin":1912,"position":4},"title":"Petit retour sur la remise des certificats !","date":"18 juillet 2023","format":false,"excerpt":"Le 6 juillet dernier marquait la fin de nos deux formations \u00ab Je Cr\u00e9e Mon Avenir \u00bb et \u00ab Je Booste Mon Avenir \u00bb. Plac\u00e9e sous le signe de la convivialit\u00e9, cette belle journ\u00e9e ensoleill\u00e9e a \u00e9t\u00e9 ponctu\u00e9e de belles interventions et empreinte d\u2019\u00e9motion. C\u2019est au Bastion de Bourgogne, abritant\u2026","rel":"","context":"Dans &quot;Actualit\u00e9&quot;","img":{"alt_text":"","src":"https:\/\/i0.wp.com\/lasource.be\/wp-content\/uploads\/2023\/07\/Remise-des-certificats-Je-Cree-Mon-Avenir-35H-300x157.jpg?resize=350%2C200&ssl=1","width":350,"height":200},"classes":[]},{"id":1692,"url":"https:\/\/lasource.be\/?p=1692","url_meta":{"origin":1912,"position":5},"title":"!!! Le 14 f\u00e9vrier 2022 : s\u00e9ance d&rsquo;info Bureau&rsquo;TIC !!!","date":"10 f\u00e9vrier 2022","format":false,"excerpt":"","rel":"","context":"Dans &quot;Actualit\u00e9&quot;","img":{"alt_text":"","src":"https:\/\/i0.wp.com\/lasource.be\/wp-content\/uploads\/2022\/02\/S\u00c3\u00a9ances-dinfo-BUREAU-TIC-Janvier-F\u00c3\u00a9vrier-2022-14-f\u00c3\u00a9vrier-bis-300x255.png?resize=350%2C200","width":350,"height":200},"classes":[]}],"_links":{"self":[{"href":"https:\/\/lasource.be\/index.php?rest_route=\/wp\/v2\/posts\/1912"}],"collection":[{"href":"https:\/\/lasource.be\/index.php?rest_route=\/wp\/v2\/posts"}],"about":[{"href":"https:\/\/lasource.be\/index.php?rest_route=\/wp\/v2\/types\/post"}],"author":[{"embeddable":true,"href":"https:\/\/lasource.be\/index.php?rest_route=\/wp\/v2\/users\/1"}],"replies":[{"embeddable":true,"href":"https:\/\/lasource.be\/index.php?rest_route=%2Fwp%2Fv2%2Fcomments&post=1912"}],"version-history":[{"count":6,"href":"https:\/\/lasource.be\/index.php?rest_route=\/wp\/v2\/posts\/1912\/revisions"}],"predecessor-version":[{"id":1925,"href":"https:\/\/lasource.be\/index.php?rest_route=\/wp\/v2\/posts\/1912\/revisions\/1925"}],"wp:attachment":[{"href":"https:\/\/lasource.be\/index.php?rest_route=%2Fwp%2Fv2%2Fmedia&parent=1912"}],"wp:term":[{"taxonomy":"category","embeddable":true,"href":"https:\/\/lasource.be\/index.php?rest_route=%2Fwp%2Fv2%2Fcategories&post=1912"},{"taxonomy":"post_tag","embeddable":true,"href":"https:\/\/lasource.be\/index.php?rest_route=%2Fwp%2Fv2%2Ftags&post=1912"}],"curies":[{"name":"wp","href":"https:\/\/api.w.org\/{rel}","templated":true}]}}