{"id":1926,"date":"2022-12-20T15:10:30","date_gmt":"2022-12-20T14:10:30","guid":{"rendered":"https:\/\/lasource.be\/?p=1926"},"modified":"2022-12-20T15:10:30","modified_gmt":"2022-12-20T14:10:30","slug":"la-source-saccorde-une-petite-pause","status":"publish","type":"post","link":"https:\/\/lasource.be\/?p=1926","title":{"rendered":"La Source s&rsquo;accorde une petite pause ;-)"},"content":{"rendered":"<p><a href=\"https:\/\/i0.wp.com\/lasource.be\/wp-content\/uploads\/2022\/12\/Conges-noel-Source-2022.png?ssl=1\" target=\"_blank\" rel=\"noopener\"><img data-attachment-id=\"1927\" data-permalink=\"https:\/\/lasource.be\/?attachment_id=1927\" data-orig-file=\"https:\/\/i0.wp.com\/lasource.be\/wp-content\/uploads\/2022\/12\/Conges-noel-Source-2022.png?fit=940%2C788&amp;ssl=1\" data-orig-size=\"940,788\" data-comments-opened=\"1\" data-image-meta=\"{&quot;aperture&quot;:&quot;0&quot;,&quot;credit&quot;:&quot;&quot;,&quot;camera&quot;:&quot;&quot;,&quot;caption&quot;:&quot;&quot;,&quot;created_timestamp&quot;:&quot;0&quot;,&quot;copyright&quot;:&quot;&quot;,&quot;focal_length&quot;:&quot;0&quot;,&quot;iso&quot;:&quot;0&quot;,&quot;shutter_speed&quot;:&quot;0&quot;,&quot;title&quot;:&quot;&quot;,&quot;orientation&quot;:&quot;0&quot;}\" data-image-title=\"Cong\u00e9s noel Source 2022\" data-image-description=\"\" data-image-caption=\"\" data-medium-file=\"https:\/\/i0.wp.com\/lasource.be\/wp-content\/uploads\/2022\/12\/Conges-noel-Source-2022.png?fit=300%2C251&amp;ssl=1\" data-large-file=\"https:\/\/i0.wp.com\/lasource.be\/wp-content\/uploads\/2022\/12\/Conges-noel-Source-2022.png?fit=825%2C692&amp;ssl=1\" decoding=\"async\" loading=\"lazy\" class=\"aligncenter wp-image-1927\" src=\"https:\/\/i0.wp.com\/lasource.be\/wp-content\/uploads\/2022\/12\/Conges-noel-Source-2022.png?resize=600%2C503&#038;ssl=1\" alt=\"\" width=\"600\" height=\"503\" srcset=\"https:\/\/i0.wp.com\/lasource.be\/wp-content\/uploads\/2022\/12\/Conges-noel-Source-2022.png?resize=300%2C251&amp;ssl=1 300w, https:\/\/i0.wp.com\/lasource.be\/wp-content\/uploads\/2022\/12\/Conges-noel-Source-2022.png?resize=768%2C644&amp;ssl=1 768w, https:\/\/i0.wp.com\/lasource.be\/wp-content\/uploads\/2022\/12\/Conges-noel-Source-2022.png?w=940&amp;ssl=1 940w\" sizes=\"(max-width: 600px) 100vw, 600px\" data-recalc-dims=\"1\" \/><\/a><\/p>\n","protected":false},"excerpt":{"rendered":"","protected":false},"author":1,"featured_media":0,"comment_status":"open","ping_status":"open","sticky":false,"template":"","format":"standard","meta":{"jetpack_post_was_ever_published":false,"jetpack_publicize_message":"","jetpack_is_tweetstorm":false,"jetpack_publicize_feature_enabled":true,"jetpack_social_post_already_shared":true,"jetpack_social_options":[]},"categories":[1],"tags":[],"jetpack_publicize_connections":[],"jetpack_featured_media_url":"","jetpack_sharing_enabled":true,"jetpack_shortlink":"https:\/\/wp.me\/p8UIgU-v4","jetpack-related-posts":[{"id":1618,"url":"https:\/\/lasource.be\/?p=1618","url_meta":{"origin":1926,"position":0},"title":"Marche solidaire au profit de Cap48","date":"17 septembre 2021","format":false,"excerpt":"Venez marcher pour une bonne cause ! Notre Service d'Insertion Sociale vous invite le dimanche 3 octobre prochain \u00e0 participer \u00e0 l'\u00e9v\u00e8nement \"Marche solidaire\" au profit de Cap48 ! Vous aimez marcher ? Vous voulez faire une bonne action ? Alors, venez d\u00e9couvrir ou red\u00e9couvrir Bouillon, ses paysages insolites, ses\u2026","rel":"","context":"Dans &quot;Actualit\u00e9&quot;","img":{"alt_text":"","src":"https:\/\/i0.wp.com\/lasource.be\/wp-content\/uploads\/2021\/09\/Marche-solidaire-affiche-bis-212x300.png?resize=350%2C200","width":350,"height":200},"classes":[]},{"id":97,"url":"https:\/\/lasource.be\/?p=97","url_meta":{"origin":1926,"position":1},"title":"Bienvenue \u00e0 l&rsquo;Asbl \u00ab\u00a0La Source, une cascade de ressources\u00a0\u00bb !","date":"10 juillet 2017","format":false,"excerpt":"Nous sommes heureux de vous accueillir sur notre nouveau site. Vous trouverez ici toutes les informations sur nos diff\u00e9rentes activit\u00e9s. Bouillon, petite ville historique et touristique, est situ\u00e9e dans la Province de Luxembourg. Cette petite ville, install\u00e9e dans une boucle de la Semois, pr\u00e9sente beaucoup de charme, et est surplomb\u00e9e\u2026","rel":"","context":"Dans &quot;Actualit\u00e9&quot;","img":{"alt_text":"","src":"","width":0,"height":0},"classes":[]},{"id":2862,"url":"https:\/\/lasource.be\/?p=2862","url_meta":{"origin":1926,"position":2},"title":"\ud83c\udfe0\u200b\ud83d\udce6\u200bLa Source d\u00e9m\u00e9nage !!! \ud83c\udfe0\u200b\ud83d\udce6\u200b","date":"14 janvier 2026","format":false,"excerpt":"L'ann\u00e9e 2026 commence sur les chapeaux de roues pour La Source ! Votre Asbl Lasource Bouillon \ud835\uddf1\ud835\uddf2\u0301\ud835\uddfa\ud835\uddf2\u0301\ud835\uddfb\ud835\uddee\ud835\uddf4\ud835\uddf2 et vient tout juste de s'installer dans ses nouveaux locaux situ\u00e9s au : \ud835\udff4, \ud835\udde0\ud835\uddf2\ud835\uddfb\ud835\ude02\ud835\uddf0\ud835\uddf5\ud835\uddf2\ud835\uddfb\ud835\uddf2\ud835\ude01 \ud835\udff2\ud835\udff4\ud835\udfef\ud835\udff0 \ud835\uddd5\ud835\uddd8\ud835\udddf\ud835\udddf\ud835\uddd8\ud835\udde9\ud835\uddd4\ud835\udde8\ud835\uddeb N'h\u00e9sitez pas \u00e0 nous rendre une petite visite et d\u00e9couvrir nos locaux modernes et lumineux qui\u2026","rel":"","context":"Dans &quot;Actualit\u00e9&quot;","img":{"alt_text":"","src":"https:\/\/i0.wp.com\/lasource.be\/wp-content\/uploads\/2026\/01\/Demenagement-300x158.png?resize=350%2C200&ssl=1","width":350,"height":200},"classes":[]},{"id":1505,"url":"https:\/\/lasource.be\/?p=1505","url_meta":{"origin":1926,"position":3},"title":"L&rsquo;aventure de la petite Amal commence !","date":"28 juillet 2021","format":false,"excerpt":"Suivez le p\u00e9riple de la petite Amal via la page Facebook d\u00e9di\u00e9e \u00e0 La Marche : https:\/\/www.facebook.com\/walkwithamal\/ Nos partenaires : La Ville de Bouillon Biblioth\u00e8que Communale de Bouillon Centre Culture et Loisirs de Bouillon ( La Poulie) Avana, Groupe Interculturel de Bertrix Equipes Populaires du Luxembourg Crilux Cpas Vielsalm Fedasil\u2026","rel":"","context":"Dans &quot;Actualit\u00e9&quot;","img":{"alt_text":"","src":"https:\/\/i0.wp.com\/lasource.be\/wp-content\/uploads\/2021\/07\/Flyer-grand-format-AMAL-1-207x300.png?resize=350%2C200","width":350,"height":200},"classes":[]},{"id":985,"url":"https:\/\/lasource.be\/?p=985","url_meta":{"origin":1926,"position":4},"title":"Meilleurs v\u0153ux !","date":"4 janvier 2019","format":false,"excerpt":"L'\u00e9quipe de La Source vous souhaite une belle et heureuse ann\u00e9e 2019 !","rel":"","context":"Dans &quot;Actualit\u00e9&quot;","img":{"alt_text":"","src":"https:\/\/i0.wp.com\/lasource.be\/wp-content\/uploads\/2019\/01\/photo-groupe-No\u00c3\u00abl-Source-Finish-300x111.jpg?resize=350%2C200","width":350,"height":200},"classes":[]},{"id":1200,"url":"https:\/\/lasource.be\/?p=1200","url_meta":{"origin":1926,"position":5},"title":"Confinement prolong\u00e9 jusqu&rsquo;au 19 avril inclus","date":"30 mars 2020","format":false,"excerpt":"Suite aux nouvelles mesures sanitaires, prises par le Conseil National de S\u00e9curit\u00e9 en date du 27 mars dernier, nous vous informons que La Source sera ferm\u00e9e jusqu'au 19 avril inclus.\u00a0 En attendant de vous retrouver, prenez bien soin de vous. L'\u00e9quipe de La Source","rel":"","context":"Dans &quot;Actualit\u00e9&quot;","img":{"alt_text":"","src":"https:\/\/i0.wp.com\/lasource.be\/wp-content\/uploads\/2020\/03\/Couverture-Facebook-Covid-19-prolongation-300x114.gif?resize=350%2C200","width":350,"height":200},"classes":[]}],"_links":{"self":[{"href":"https:\/\/lasource.be\/index.php?rest_route=\/wp\/v2\/posts\/1926"}],"collection":[{"href":"https:\/\/lasource.be\/index.php?rest_route=\/wp\/v2\/posts"}],"about":[{"href":"https:\/\/lasource.be\/index.php?rest_route=\/wp\/v2\/types\/post"}],"author":[{"embeddable":true,"href":"https:\/\/lasource.be\/index.php?rest_route=\/wp\/v2\/users\/1"}],"replies":[{"embeddable":true,"href":"https:\/\/lasource.be\/index.php?rest_route=%2Fwp%2Fv2%2Fcomments&post=1926"}],"version-history":[{"count":1,"href":"https:\/\/lasource.be\/index.php?rest_route=\/wp\/v2\/posts\/1926\/revisions"}],"predecessor-version":[{"id":1928,"href":"https:\/\/lasource.be\/index.php?rest_route=\/wp\/v2\/posts\/1926\/revisions\/1928"}],"wp:attachment":[{"href":"https:\/\/lasource.be\/index.php?rest_route=%2Fwp%2Fv2%2Fmedia&parent=1926"}],"wp:term":[{"taxonomy":"category","embeddable":true,"href":"https:\/\/lasource.be\/index.php?rest_route=%2Fwp%2Fv2%2Fcategories&post=1926"},{"taxonomy":"post_tag","embeddable":true,"href":"https:\/\/lasource.be\/index.php?rest_route=%2Fwp%2Fv2%2Ftags&post=1926"}],"curies":[{"name":"wp","href":"https:\/\/api.w.org\/{rel}","templated":true}]}}