{"id":1951,"date":"2023-02-14T16:42:43","date_gmt":"2023-02-14T15:42:43","guid":{"rendered":"https:\/\/lasource.be\/?p=1951"},"modified":"2023-02-14T16:42:43","modified_gmt":"2023-02-14T15:42:43","slug":"alerte-piratage-facebook","status":"publish","type":"post","link":"https:\/\/lasource.be\/?p=1951","title":{"rendered":"!!! Alerte piratage Facebook !!!"},"content":{"rendered":"<p><a href=\"https:\/\/i0.wp.com\/lasource.be\/wp-content\/uploads\/2023\/02\/Facebook-pirate-alerte.png?ssl=1\" target=\"_blank\" rel=\"noopener\"><img data-attachment-id=\"1952\" data-permalink=\"https:\/\/lasource.be\/?attachment_id=1952\" data-orig-file=\"https:\/\/i0.wp.com\/lasource.be\/wp-content\/uploads\/2023\/02\/Facebook-pirate-alerte.png?fit=2400%2C1260&amp;ssl=1\" data-orig-size=\"2400,1260\" data-comments-opened=\"1\" data-image-meta=\"{&quot;aperture&quot;:&quot;0&quot;,&quot;credit&quot;:&quot;&quot;,&quot;camera&quot;:&quot;&quot;,&quot;caption&quot;:&quot;&quot;,&quot;created_timestamp&quot;:&quot;0&quot;,&quot;copyright&quot;:&quot;&quot;,&quot;focal_length&quot;:&quot;0&quot;,&quot;iso&quot;:&quot;0&quot;,&quot;shutter_speed&quot;:&quot;0&quot;,&quot;title&quot;:&quot;&quot;,&quot;orientation&quot;:&quot;0&quot;}\" data-image-title=\"Facebook pirate alerte\" data-image-description=\"\" data-image-caption=\"\" data-medium-file=\"https:\/\/i0.wp.com\/lasource.be\/wp-content\/uploads\/2023\/02\/Facebook-pirate-alerte.png?fit=300%2C158&amp;ssl=1\" data-large-file=\"https:\/\/i0.wp.com\/lasource.be\/wp-content\/uploads\/2023\/02\/Facebook-pirate-alerte.png?fit=825%2C433&amp;ssl=1\" decoding=\"async\" loading=\"lazy\" class=\"aligncenter wp-image-1952\" src=\"https:\/\/i0.wp.com\/lasource.be\/wp-content\/uploads\/2023\/02\/Facebook-pirate-alerte.png?resize=600%2C315&#038;ssl=1\" alt=\"\" width=\"600\" height=\"315\" srcset=\"https:\/\/i0.wp.com\/lasource.be\/wp-content\/uploads\/2023\/02\/Facebook-pirate-alerte.png?resize=300%2C158&amp;ssl=1 300w, https:\/\/i0.wp.com\/lasource.be\/wp-content\/uploads\/2023\/02\/Facebook-pirate-alerte.png?resize=1024%2C538&amp;ssl=1 1024w, https:\/\/i0.wp.com\/lasource.be\/wp-content\/uploads\/2023\/02\/Facebook-pirate-alerte.png?resize=768%2C403&amp;ssl=1 768w, https:\/\/i0.wp.com\/lasource.be\/wp-content\/uploads\/2023\/02\/Facebook-pirate-alerte.png?resize=1536%2C806&amp;ssl=1 1536w, https:\/\/i0.wp.com\/lasource.be\/wp-content\/uploads\/2023\/02\/Facebook-pirate-alerte.png?resize=2048%2C1075&amp;ssl=1 2048w, https:\/\/i0.wp.com\/lasource.be\/wp-content\/uploads\/2023\/02\/Facebook-pirate-alerte.png?w=1650&amp;ssl=1 1650w\" sizes=\"(max-width: 600px) 100vw, 600px\" data-recalc-dims=\"1\" \/><\/a><\/p>\n<p><strong>!!! Attention, nous vous informons que notre profil Facebook a \u00e9t\u00e9 pirat\u00e9 !!!<\/strong><\/p>\n<p>Nous sommes d\u00e9sol\u00e9s pour ce d\u00e9sagr\u00e9ment mais nous sommes maintenant en mesure de vous inviter \u00e0 aimer et partager sans mod\u00e9ration notre nouvelle page Facebook en toute s\u00e9curit\u00e9.<br \/>\nSuivez ce lien pour liker notre page et suivre toutes nos actualit\u00e9s : <a href=\"https:\/\/www.facebook.com\/profile.php?id=100089954456028\" target=\"_blank\" rel=\"noopener\"><strong>Asbl Lasource Bouillon<\/strong><\/a><\/p>\n","protected":false},"excerpt":{"rendered":"<p>!!! Attention, nous vous informons que notre profil Facebook a \u00e9t\u00e9 pirat\u00e9 !!! Nous sommes d\u00e9sol\u00e9s pour ce d\u00e9sagr\u00e9ment mais nous sommes maintenant en mesure de vous inviter \u00e0 aimer&hellip; <a href=\"https:\/\/lasource.be\/?p=1951\" class=\"more-link\">Lire la suite <span class=\"screen-reader-text\">!!! Alerte piratage Facebook !!!<\/span><\/a><\/p>\n","protected":false},"author":1,"featured_media":0,"comment_status":"open","ping_status":"open","sticky":false,"template":"","format":"standard","meta":{"jetpack_post_was_ever_published":false,"jetpack_publicize_message":"","jetpack_is_tweetstorm":false,"jetpack_publicize_feature_enabled":true,"jetpack_social_post_already_shared":true,"jetpack_social_options":[]},"categories":[1],"tags":[],"jetpack_publicize_connections":[],"jetpack_featured_media_url":"","jetpack_sharing_enabled":true,"jetpack_shortlink":"https:\/\/wp.me\/p8UIgU-vt","jetpack-related-posts":[{"id":1973,"url":"https:\/\/lasource.be\/?p=1973","url_meta":{"origin":1951,"position":0},"title":"!!! Nouveau profil Facebook !!!","date":"22 f\u00e9vrier 2023","format":false,"excerpt":"D\u00e9couvrez sans tarder notre tout nouveau profil Facebook et restez inform\u00e9s de nos derni\u00e8res actualit\u00e9s ! Suite au piratage de notre compte, nous essayons d'inviter un maximum de nos fid\u00e8les followers au fil des jours. De votre c\u00f4t\u00e9, n'h\u00e9sitez pas \u00e0 liker notre nouveau profil Asbl Lasource Bouillon\u00a0 ;-) A\u2026","rel":"","context":"Dans &quot;Actualit\u00e9&quot;","img":{"alt_text":"","src":"","width":0,"height":0},"classes":[]},{"id":1505,"url":"https:\/\/lasource.be\/?p=1505","url_meta":{"origin":1951,"position":1},"title":"L&rsquo;aventure de la petite Amal commence !","date":"28 juillet 2021","format":false,"excerpt":"Suivez le p\u00e9riple de la petite Amal via la page Facebook d\u00e9di\u00e9e \u00e0 La Marche : https:\/\/www.facebook.com\/walkwithamal\/ Nos partenaires : La Ville de Bouillon Biblioth\u00e8que Communale de Bouillon Centre Culture et Loisirs de Bouillon ( La Poulie) Avana, Groupe Interculturel de Bertrix Equipes Populaires du Luxembourg Crilux Cpas Vielsalm Fedasil\u2026","rel":"","context":"Dans &quot;Actualit\u00e9&quot;","img":{"alt_text":"","src":"https:\/\/i0.wp.com\/lasource.be\/wp-content\/uploads\/2021\/07\/Flyer-grand-format-AMAL-1-207x300.png?resize=350%2C200","width":350,"height":200},"classes":[]},{"id":1794,"url":"https:\/\/lasource.be\/?p=1794","url_meta":{"origin":1951,"position":2},"title":"!!! Spectacle radiophonique \u00e0 Herbeumont !!!","date":"5 ao\u00fbt 2022","format":false,"excerpt":"Dans le cadre de l'appel \u00e0 projet ILI (Initiatives Locales d'Int\u00e9gration), l'ASBL La Source et l'association \"Partons \u00e0 la Campagne !\" vous invitent chaleureusement \u00e0 venir passer un moment de rencontres et d'\u00e9changes empli de convivialit\u00e9 lors d'une exp\u00e9rience unique ! Un spectacle radiophonique interactif qui propose d'aller \u00e0 la\u2026","rel":"","context":"Dans &quot;Actualit\u00e9&quot;","img":{"alt_text":"","src":"https:\/\/i0.wp.com\/lasource.be\/wp-content\/uploads\/2022\/08\/EMISSION-PALC-HERBEUMONT-flyer-derniere-version-212x300.png?resize=350%2C200&ssl=1","width":350,"height":200},"classes":[]},{"id":1299,"url":"https:\/\/lasource.be\/?p=1299","url_meta":{"origin":1951,"position":3},"title":"Notre Service d&rsquo;Insertion Sociale participe au grand d\u00e9fi CAP48 !","date":"29 septembre 2020","format":false,"excerpt":"Le Service d'Insertion Sociale de la Source a d\u00e9cid\u00e9 de participer au grand d\u00e9fi \"Les 100km de CAP48 connect\u00e9s\". Du 21 septembre au 11 octobre 2020, l'\u00e9quipe des Walkc\u0153urs 100 Baskets va parcourir\u00a0100km en 21 jours et collecter de l'argent afin de soutenir le projet de recherche m\u00e9dicale sur la\u2026","rel":"","context":"Dans &quot;Actualit\u00e9&quot;","img":{"alt_text":"","src":"https:\/\/i0.wp.com\/lasource.be\/wp-content\/uploads\/2020\/09\/Groupe-2-300x169.jpg?resize=350%2C200","width":350,"height":200},"classes":[]},{"id":732,"url":"https:\/\/lasource.be\/?p=732","url_meta":{"origin":1951,"position":4},"title":"Conf\u00e9rence z\u00e9ro d\u00e9chet &#8211; Jeudi 21 juin 2018 \u00e0 20H00","date":"22 mai 2018","format":false,"excerpt":"L'Asbl La Source \u00e0 Bouillon organise une conf\u00e9rence sur la d\u00e9marche \"presque\" z\u00e9ro d\u00e9chet, une famille de L\u00e9glise viendra nous pr\u00e9senter son nouveau mode de vie. Ensuite, la Vrac Car (\u00e9picerie itin\u00e9rante qui propose des produits alimentaires bio (c\u00e9r\u00e9ales, p\u00e2tes, riz, farine...), des produits d'entretien\u00a0 naturels pour la maison ainsi\u2026","rel":"","context":"Dans &quot;Actualit\u00e9&quot;","img":{"alt_text":"","src":"https:\/\/i0.wp.com\/lasource.be\/wp-content\/uploads\/2018\/05\/Z\u00c3\u00a9ro-d\u00c3\u00a9chet-733x1024.jpg?resize=350%2C200","width":350,"height":200},"classes":[]},{"id":2762,"url":"https:\/\/lasource.be\/?p=2762","url_meta":{"origin":1951,"position":5},"title":"\ud83d\udce3\u200b Votre formation \u00ab\u00a0Je Cr\u00e9e Mon Avenir\u00a0\u00bb is back !!! Tous \u00e0 vos agendas !!! \ud83d\udcdd","date":"6 ao\u00fbt 2025","format":false,"excerpt":"Nous sommes encore au mois d'ao\u00fbt mais il est d\u00e9j\u00e0 temps de penser doucement \u00e0 pr\u00e9parer activement votre rentr\u00e9e\u2026 \u00c0 partir du 08 septembre prochain, notre formation \"Je Cr\u00e9e Mon Avenir\" fait son retour !!! Vous avez besoin d'un accompagnement pour construire votre projet professionnel ?\u00a0 Cette formation est pour\u2026","rel":"","context":"Dans &quot;Actualit\u00e9&quot;","img":{"alt_text":"","src":"https:\/\/i0.wp.com\/lasource.be\/wp-content\/uploads\/2025\/08\/Pub-JCMA-Sept25-Fev26-300x192.png?resize=350%2C200&ssl=1","width":350,"height":200},"classes":[]}],"_links":{"self":[{"href":"https:\/\/lasource.be\/index.php?rest_route=\/wp\/v2\/posts\/1951"}],"collection":[{"href":"https:\/\/lasource.be\/index.php?rest_route=\/wp\/v2\/posts"}],"about":[{"href":"https:\/\/lasource.be\/index.php?rest_route=\/wp\/v2\/types\/post"}],"author":[{"embeddable":true,"href":"https:\/\/lasource.be\/index.php?rest_route=\/wp\/v2\/users\/1"}],"replies":[{"embeddable":true,"href":"https:\/\/lasource.be\/index.php?rest_route=%2Fwp%2Fv2%2Fcomments&post=1951"}],"version-history":[{"count":5,"href":"https:\/\/lasource.be\/index.php?rest_route=\/wp\/v2\/posts\/1951\/revisions"}],"predecessor-version":[{"id":1957,"href":"https:\/\/lasource.be\/index.php?rest_route=\/wp\/v2\/posts\/1951\/revisions\/1957"}],"wp:attachment":[{"href":"https:\/\/lasource.be\/index.php?rest_route=%2Fwp%2Fv2%2Fmedia&parent=1951"}],"wp:term":[{"taxonomy":"category","embeddable":true,"href":"https:\/\/lasource.be\/index.php?rest_route=%2Fwp%2Fv2%2Fcategories&post=1951"},{"taxonomy":"post_tag","embeddable":true,"href":"https:\/\/lasource.be\/index.php?rest_route=%2Fwp%2Fv2%2Ftags&post=1951"}],"curies":[{"name":"wp","href":"https:\/\/api.w.org\/{rel}","templated":true}]}}