{"id":1973,"date":"2023-02-22T16:49:23","date_gmt":"2023-02-22T15:49:23","guid":{"rendered":"https:\/\/lasource.be\/?p=1973"},"modified":"2023-02-22T16:49:23","modified_gmt":"2023-02-22T15:49:23","slug":"nouveau-profil-facebook","status":"publish","type":"post","link":"https:\/\/lasource.be\/?p=1973","title":{"rendered":"!!! Nouveau profil Facebook !!!"},"content":{"rendered":"<p>D\u00e9couvrez sans tarder notre tout nouveau profil Facebook et restez inform\u00e9s de nos derni\u00e8res actualit\u00e9s !<br \/>\nSuite au piratage de notre compte, nous essayons d&rsquo;inviter un maximum de nos fid\u00e8les followers au fil des jours.<br \/>\nDe votre c\u00f4t\u00e9, n&rsquo;h\u00e9sitez pas \u00e0 liker notre nouveau profil <a href=\"https:\/\/www.facebook.com\/people\/Asbl-Lasource-Bouillon\/100089954456028\/\" target=\"_blank\" rel=\"noopener\">Asbl Lasource Bouillon<\/a>\u00a0 \ud83d\ude09<br \/>\nA bient\u00f4t !<\/p>\n<p><a href=\"https:\/\/www.facebook.com\/people\/Asbl-Lasource-Bouillon\/100089954456028\/\" target=\"_blank\" rel=\"noopener\"><img data-attachment-id=\"1975\" data-permalink=\"https:\/\/lasource.be\/?attachment_id=1975\" data-orig-file=\"https:\/\/i0.wp.com\/lasource.be\/wp-content\/uploads\/2023\/02\/2023-02-22-16_34_33-Asbl-Lasource-Bouillon-_-Facebook-\u2014-Mozilla-Firefox.png?fit=553%2C196&amp;ssl=1\" data-orig-size=\"553,196\" data-comments-opened=\"1\" data-image-meta=\"{&quot;aperture&quot;:&quot;0&quot;,&quot;credit&quot;:&quot;&quot;,&quot;camera&quot;:&quot;&quot;,&quot;caption&quot;:&quot;&quot;,&quot;created_timestamp&quot;:&quot;0&quot;,&quot;copyright&quot;:&quot;&quot;,&quot;focal_length&quot;:&quot;0&quot;,&quot;iso&quot;:&quot;0&quot;,&quot;shutter_speed&quot;:&quot;0&quot;,&quot;title&quot;:&quot;&quot;,&quot;orientation&quot;:&quot;0&quot;}\" data-image-title=\"2023-02-22 16_34_33-Asbl Lasource Bouillon _ Facebook \u2014 Mozilla Firefox\" data-image-description=\"\" data-image-caption=\"\" data-medium-file=\"https:\/\/i0.wp.com\/lasource.be\/wp-content\/uploads\/2023\/02\/2023-02-22-16_34_33-Asbl-Lasource-Bouillon-_-Facebook-\u2014-Mozilla-Firefox.png?fit=300%2C106&amp;ssl=1\" data-large-file=\"https:\/\/i0.wp.com\/lasource.be\/wp-content\/uploads\/2023\/02\/2023-02-22-16_34_33-Asbl-Lasource-Bouillon-_-Facebook-\u2014-Mozilla-Firefox.png?fit=553%2C196&amp;ssl=1\" decoding=\"async\" loading=\"lazy\" class=\"aligncenter wp-image-1975 size-medium\" src=\"https:\/\/i0.wp.com\/lasource.be\/wp-content\/uploads\/2023\/02\/2023-02-22-16_34_33-Asbl-Lasource-Bouillon-_-Facebook-\u2014-Mozilla-Firefox.png?resize=300%2C106&#038;ssl=1\" alt=\"\" width=\"300\" height=\"106\" srcset=\"https:\/\/i0.wp.com\/lasource.be\/wp-content\/uploads\/2023\/02\/2023-02-22-16_34_33-Asbl-Lasource-Bouillon-_-Facebook-\u2014-Mozilla-Firefox.png?resize=300%2C106&amp;ssl=1 300w, https:\/\/i0.wp.com\/lasource.be\/wp-content\/uploads\/2023\/02\/2023-02-22-16_34_33-Asbl-Lasource-Bouillon-_-Facebook-\u2014-Mozilla-Firefox.png?w=553&amp;ssl=1 553w\" sizes=\"(max-width: 300px) 100vw, 300px\" data-recalc-dims=\"1\" \/><\/a><\/p>\n","protected":false},"excerpt":{"rendered":"<p>D\u00e9couvrez sans tarder notre tout nouveau profil Facebook et restez inform\u00e9s de nos derni\u00e8res actualit\u00e9s ! Suite au piratage de notre compte, nous essayons d&rsquo;inviter un maximum de nos fid\u00e8les&hellip; <a href=\"https:\/\/lasource.be\/?p=1973\" class=\"more-link\">Lire la suite <span class=\"screen-reader-text\">!!! Nouveau profil Facebook !!!<\/span><\/a><\/p>\n","protected":false},"author":1,"featured_media":0,"comment_status":"open","ping_status":"open","sticky":false,"template":"","format":"standard","meta":{"jetpack_post_was_ever_published":false,"jetpack_publicize_message":"","jetpack_is_tweetstorm":false,"jetpack_publicize_feature_enabled":true,"jetpack_social_post_already_shared":true,"jetpack_social_options":[]},"categories":[1],"tags":[],"jetpack_publicize_connections":[],"jetpack_featured_media_url":"","jetpack_sharing_enabled":true,"jetpack_shortlink":"https:\/\/wp.me\/p8UIgU-vP","jetpack-related-posts":[{"id":1951,"url":"https:\/\/lasource.be\/?p=1951","url_meta":{"origin":1973,"position":0},"title":"!!! Alerte piratage Facebook !!!","date":"14 f\u00e9vrier 2023","format":false,"excerpt":"!!! Attention, nous vous informons que notre profil Facebook a \u00e9t\u00e9 pirat\u00e9 !!! Nous sommes d\u00e9sol\u00e9s pour ce d\u00e9sagr\u00e9ment mais nous sommes maintenant en mesure de vous inviter \u00e0 aimer et partager sans mod\u00e9ration notre nouvelle page Facebook en toute s\u00e9curit\u00e9. Suivez ce lien pour liker notre page et suivre\u2026","rel":"","context":"Dans &quot;Actualit\u00e9&quot;","img":{"alt_text":"","src":"https:\/\/i0.wp.com\/lasource.be\/wp-content\/uploads\/2023\/02\/Facebook-pirate-alerte-300x158.png?resize=350%2C200&ssl=1","width":350,"height":200},"classes":[]},{"id":1566,"url":"https:\/\/lasource.be\/?p=1566","url_meta":{"origin":1973,"position":1},"title":"!!! Votre nouvelle formation \u00ab\u00a0Je cr\u00e9e mon avenir\u00a0\u00bb d\u00e9bute au mois de SEPTEMBRE !!!","date":"30 juillet 2021","format":false,"excerpt":"Nous sommes encore en \u00e9t\u00e9 (m\u00eame si le temps maussade nous en fait quelque peu douter...) et doucement, la rentr\u00e9e se profile \u00e0 l'horizon. Symbolique rentr\u00e9e du mois de septembre ! Tout comme nos \u00e9coliers, \"la rentr\u00e9e\" est synonyme de nouveau d\u00e9part, de projets, de questionnements et surtout\u00a0 d'avenir !\u2026","rel":"","context":"Dans &quot;Actualit\u00e9&quot;","img":{"alt_text":"","src":"https:\/\/i0.wp.com\/lasource.be\/wp-content\/uploads\/2021\/07\/Projet-Pub-Proximag-octobre-2021-JCMA-35-300x300.png?resize=350%2C200","width":350,"height":200},"classes":[]},{"id":2082,"url":"https:\/\/lasource.be\/?p=2082","url_meta":{"origin":1973,"position":2},"title":"Tous \u00e0 vos agendas, date \u00e0 retenir !  ;-)","date":"1 ao\u00fbt 2023","format":false,"excerpt":"Nous voici au d\u00e9but du mois d'ao\u00fbt, c'est encore le temps des vacances mais la rentr\u00e9e se profile d\u00e9j\u00e0 doucement \u00e0 l'horizon... Vous avez eu une id\u00e9e g\u00e9niale cet \u00e9t\u00e9, vous avez d\u00e9cid\u00e9 d'entreprendre une formation !\u00a0 \ud83d\udc4d Et pourquoi pas \u00e0 La Source ? Durant le mois d'ao\u00fbt, nous\u2026","rel":"","context":"Dans &quot;Actualit\u00e9&quot;","img":{"alt_text":"","src":"https:\/\/i0.wp.com\/lasource.be\/wp-content\/uploads\/2023\/08\/rappel-seance-dinfo-8-aout-300x141.png?resize=350%2C200&ssl=1","width":350,"height":200},"classes":[]},{"id":1609,"url":"https:\/\/lasource.be\/?p=1609","url_meta":{"origin":1973,"position":3},"title":"Besoin d&rsquo;un peu d&rsquo;aide pour booster votre recherche d&#8217;emploi ?","date":"9 septembre 2021","format":false,"excerpt":"Septembre est l\u00e0 ! L'\u00e9t\u00e9 et la farniente font place \u00e0 la rentr\u00e9e et aux bonnes r\u00e9solutions ! Vous voil\u00e0 reboost\u00e9s, vos batteries sont bien recharg\u00e9es et vous \u00eates pr\u00eats pour une rentr\u00e9e positive et super active ! C'est d\u00e9cid\u00e9, c'est le moment de booster votre recherche d'emploi, de r\u00e9actualiser\u2026","rel":"","context":"Dans &quot;Actualit\u00e9&quot;","img":{"alt_text":"","src":"https:\/\/i0.wp.com\/lasource.be\/wp-content\/uploads\/2021\/08\/Pub-PMTIC-Septembre-2021-Finish-300x300.png?resize=350%2C200","width":350,"height":200},"classes":[]},{"id":1930,"url":"https:\/\/lasource.be\/?p=1930","url_meta":{"origin":1973,"position":4},"title":"La nouvelle formation \u00ab\u00a0Je Booste Mon Avenir\u00a0\u00bb est dans les starting-blocks !","date":"8 f\u00e9vrier 2023","format":false,"excerpt":"Vous vous sentez pr\u00eats pour un nouveau d\u00e9part ? Vous \u00eates proches de l'emploi mais il vous manque juste le petit tremplin qui vous propulsera \u00e0 la conqu\u00eate du monde du travail ? Notre nouvelle formation \"Je Booste Mon Avenir\" est faite pour vous ! 4 mois de formation -\u2026","rel":"","context":"Dans &quot;Actualit\u00e9&quot;","img":{"alt_text":"","src":"https:\/\/i0.wp.com\/lasource.be\/wp-content\/uploads\/2023\/02\/Seances-dinfo-JBMA-Mars-2023-OK-COCHON-300x225.jpg?resize=350%2C200&ssl=1","width":350,"height":200},"classes":[]},{"id":732,"url":"https:\/\/lasource.be\/?p=732","url_meta":{"origin":1973,"position":5},"title":"Conf\u00e9rence z\u00e9ro d\u00e9chet &#8211; Jeudi 21 juin 2018 \u00e0 20H00","date":"22 mai 2018","format":false,"excerpt":"L'Asbl La Source \u00e0 Bouillon organise une conf\u00e9rence sur la d\u00e9marche \"presque\" z\u00e9ro d\u00e9chet, une famille de L\u00e9glise viendra nous pr\u00e9senter son nouveau mode de vie. Ensuite, la Vrac Car (\u00e9picerie itin\u00e9rante qui propose des produits alimentaires bio (c\u00e9r\u00e9ales, p\u00e2tes, riz, farine...), des produits d'entretien\u00a0 naturels pour la maison ainsi\u2026","rel":"","context":"Dans &quot;Actualit\u00e9&quot;","img":{"alt_text":"","src":"https:\/\/i0.wp.com\/lasource.be\/wp-content\/uploads\/2018\/05\/Z\u00c3\u00a9ro-d\u00c3\u00a9chet-733x1024.jpg?resize=350%2C200","width":350,"height":200},"classes":[]}],"_links":{"self":[{"href":"https:\/\/lasource.be\/index.php?rest_route=\/wp\/v2\/posts\/1973"}],"collection":[{"href":"https:\/\/lasource.be\/index.php?rest_route=\/wp\/v2\/posts"}],"about":[{"href":"https:\/\/lasource.be\/index.php?rest_route=\/wp\/v2\/types\/post"}],"author":[{"embeddable":true,"href":"https:\/\/lasource.be\/index.php?rest_route=\/wp\/v2\/users\/1"}],"replies":[{"embeddable":true,"href":"https:\/\/lasource.be\/index.php?rest_route=%2Fwp%2Fv2%2Fcomments&post=1973"}],"version-history":[{"count":2,"href":"https:\/\/lasource.be\/index.php?rest_route=\/wp\/v2\/posts\/1973\/revisions"}],"predecessor-version":[{"id":1977,"href":"https:\/\/lasource.be\/index.php?rest_route=\/wp\/v2\/posts\/1973\/revisions\/1977"}],"wp:attachment":[{"href":"https:\/\/lasource.be\/index.php?rest_route=%2Fwp%2Fv2%2Fmedia&parent=1973"}],"wp:term":[{"taxonomy":"category","embeddable":true,"href":"https:\/\/lasource.be\/index.php?rest_route=%2Fwp%2Fv2%2Fcategories&post=1973"},{"taxonomy":"post_tag","embeddable":true,"href":"https:\/\/lasource.be\/index.php?rest_route=%2Fwp%2Fv2%2Ftags&post=1973"}],"curies":[{"name":"wp","href":"https:\/\/api.w.org\/{rel}","templated":true}]}}