{"id":1995,"date":"2023-03-08T15:50:07","date_gmt":"2023-03-08T14:50:07","guid":{"rendered":"https:\/\/lasource.be\/?p=1995"},"modified":"2023-03-08T15:50:07","modified_gmt":"2023-03-08T14:50:07","slug":"8-mars-journee-internationale-des-femmes","status":"publish","type":"post","link":"https:\/\/lasource.be\/?p=1995","title":{"rendered":"8 mars : journ\u00e9e internationale des femmes"},"content":{"rendered":"<p><img data-attachment-id=\"1996\" data-permalink=\"https:\/\/lasource.be\/?attachment_id=1996\" data-orig-file=\"https:\/\/i0.wp.com\/lasource.be\/wp-content\/uploads\/2023\/03\/Facebook_FR.png?fit=1596%2C591&amp;ssl=1\" data-orig-size=\"1596,591\" data-comments-opened=\"1\" data-image-meta=\"{&quot;aperture&quot;:&quot;0&quot;,&quot;credit&quot;:&quot;&quot;,&quot;camera&quot;:&quot;&quot;,&quot;caption&quot;:&quot;&quot;,&quot;created_timestamp&quot;:&quot;0&quot;,&quot;copyright&quot;:&quot;&quot;,&quot;focal_length&quot;:&quot;0&quot;,&quot;iso&quot;:&quot;0&quot;,&quot;shutter_speed&quot;:&quot;0&quot;,&quot;title&quot;:&quot;&quot;,&quot;orientation&quot;:&quot;0&quot;}\" data-image-title=\"Facebook_FR\" data-image-description=\"\" data-image-caption=\"\" data-medium-file=\"https:\/\/i0.wp.com\/lasource.be\/wp-content\/uploads\/2023\/03\/Facebook_FR.png?fit=300%2C111&amp;ssl=1\" data-large-file=\"https:\/\/i0.wp.com\/lasource.be\/wp-content\/uploads\/2023\/03\/Facebook_FR.png?fit=825%2C305&amp;ssl=1\" decoding=\"async\" loading=\"lazy\" class=\"aligncenter wp-image-1996\" src=\"https:\/\/i0.wp.com\/lasource.be\/wp-content\/uploads\/2023\/03\/Facebook_FR.png?resize=400%2C148&#038;ssl=1\" alt=\"\" width=\"400\" height=\"148\" srcset=\"https:\/\/i0.wp.com\/lasource.be\/wp-content\/uploads\/2023\/03\/Facebook_FR.png?resize=300%2C111&amp;ssl=1 300w, https:\/\/i0.wp.com\/lasource.be\/wp-content\/uploads\/2023\/03\/Facebook_FR.png?resize=1024%2C379&amp;ssl=1 1024w, https:\/\/i0.wp.com\/lasource.be\/wp-content\/uploads\/2023\/03\/Facebook_FR.png?resize=768%2C284&amp;ssl=1 768w, https:\/\/i0.wp.com\/lasource.be\/wp-content\/uploads\/2023\/03\/Facebook_FR.png?resize=1536%2C569&amp;ssl=1 1536w, https:\/\/i0.wp.com\/lasource.be\/wp-content\/uploads\/2023\/03\/Facebook_FR.png?resize=1180%2C435&amp;ssl=1 1180w, https:\/\/i0.wp.com\/lasource.be\/wp-content\/uploads\/2023\/03\/Facebook_FR.png?w=1596&amp;ssl=1 1596w\" sizes=\"(max-width: 400px) 100vw, 400px\" data-recalc-dims=\"1\" \/><\/p>\n<p>Aujourd\u2019hui <strong>8 mars<\/strong>, c\u2019est la journ\u00e9e la <strong>Journ\u00e9e internationale des femmes<\/strong>, plus exactement la journ\u00e9e internationale des droits des femmes.\u00a0 L\u2019\u00e9dition 2023 a pour th\u00e8me <strong>\u00ab\u00a0Pour un monde digital inclusif : innovation et technologies pour l\u2019\u00e9galit\u00e9 des sexes\u00a0\u00bb<\/strong><strong>, <\/strong>th\u00e8me qui nous tient particuli\u00e8rement \u00e0 c\u0153ur.<\/p>\n<p>Notre ASBL a toujours \u00e9t\u00e9 tr\u00e8s proche des femmes.<\/p>\n<p>Savez-vous qu\u2019\u00e0 sa cr\u00e9ation, notre ASBL ne s\u2019appelait pas La Source mais <strong>\u00ab\u00a0Femmes en Formation\u00a0\u00bb<\/strong>\u00a0!<\/p>\n<p>Cette belle aventure humaine a commenc\u00e9 en 1983 gr\u00e2ce \u00e0 la \u00ab\u00a0maman\u00a0\u00bb de La Source\u00a0: <strong>Jacqueline Bertaux<\/strong>.<\/p>\n<p>En cette journ\u00e9e de la femme, nous aimerions mettre Jacqueline \u00e0 l\u2019honneur comme il se doit.<\/p>\n<p>Jacqueline\u00a0: femme engag\u00e9e, hyper-dynamique et d\u00e9termin\u00e9e\u00a0! Une femme p\u00e9tillante, d\u00e9bordante d\u2019\u00e9nergie et dont les convictions lui font d\u00e9placer des montagnes.\u00a0 Pla\u00e7ant toujours l\u2019humain au centre, Jacqueline a fait de La Source bien plus qu\u2019un lieu de formation\u00a0!\u00a0 Elle a souhait\u00e9 cr\u00e9er un lieu d\u2019apprentissage et d\u2019insertion \u00e0 son image\u00a0: convivial et ouvert \u00e0 tous sans aucune discrimination ni jugement.<\/p>\n<p>Puis, en 1992, notre structure est devenue une ASBL et s\u2019est appel\u00e9e <strong>\u00ab\u00a0ASBL La Source, une cascade de ressources\u00a0\u00bb<\/strong>.<\/p>\n<p>Depuis, 47 travailleurs hyper actifs rendent cette structure dynamique et parmi ces travailleurs\u2026 nous comptons 44 superwomen\u00a0!<\/p>\n<p>L\u2019ann\u00e9e prochaine, cela fera 30 ans que nous sommes reconnus en tant que Centre d\u2019Insertion SocioProfessionnel.\u00a0 Souhaitons encore de nombreuses belles ann\u00e9es \u00e0 La Source sous l\u2019\u0153il maternel et toujours bienveillant de Jacqueline.<\/p>\n<p><strong>Voil\u00e0, vous connaissez un peu mieux l\u2019histoire et la fondatrice de La Source\u00a0!<\/strong><\/p>\n","protected":false},"excerpt":{"rendered":"<p>Aujourd\u2019hui 8 mars, c\u2019est la journ\u00e9e la Journ\u00e9e internationale des femmes, plus exactement la journ\u00e9e internationale des droits des femmes.\u00a0 L\u2019\u00e9dition 2023 a pour th\u00e8me \u00ab\u00a0Pour un monde digital inclusif&hellip; <a href=\"https:\/\/lasource.be\/?p=1995\" class=\"more-link\">Lire la suite <span class=\"screen-reader-text\">8 mars : journ\u00e9e internationale des femmes<\/span><\/a><\/p>\n","protected":false},"author":1,"featured_media":0,"comment_status":"open","ping_status":"open","sticky":false,"template":"","format":"standard","meta":{"jetpack_post_was_ever_published":false,"jetpack_publicize_message":"","jetpack_is_tweetstorm":false,"jetpack_publicize_feature_enabled":true,"jetpack_social_post_already_shared":true,"jetpack_social_options":[]},"categories":[1],"tags":[],"jetpack_publicize_connections":[],"jetpack_featured_media_url":"","jetpack_sharing_enabled":true,"jetpack_shortlink":"https:\/\/wp.me\/p8UIgU-wb","jetpack-related-posts":[{"id":436,"url":"https:\/\/lasource.be\/?p=436","url_meta":{"origin":1995,"position":0},"title":"Journ\u00e9e Interculturelle  \u00ab\u00a0Les arbres du monde\u00a0\u00bb &#8211; Le 07 octobre \u00e0 Bouillon","date":"21 septembre 2017","format":false,"excerpt":"En partenariat avec F\u00e9d\u00e9ration Wallonie-Bruxelles, La Province de Luxembourg et la Biblioth\u00e8que communale de Bouillon, l'asbl La Source a le plaisir de vous inviter \u00e0 sa Journ\u00e9e Interculturelle \"Les arbres du monde\". Tout au long de la journ\u00e9e du samedi 07 octobre \u00e0 partir de 15h30, venez d\u00e9couvrir nos diverses\u2026","rel":"","context":"Dans &quot;Actualit\u00e9&quot;","img":{"alt_text":"","src":"https:\/\/i0.wp.com\/lasource.be\/wp-content\/uploads\/2017\/09\/Les-arbres-du-monde-affiche-Bastion-Facebook-212x300.png?resize=350%2C200","width":350,"height":200},"classes":[]},{"id":1166,"url":"https:\/\/lasource.be\/?p=1166","url_meta":{"origin":1995,"position":1},"title":"EMOTION","date":"7 f\u00e9vrier 2020","format":false,"excerpt":"Dans le cadre du projet \"Initiative Locale d'Int\u00e9gration\", La Source va bient\u00f4t d\u00e9marrer un nouveau projet ! \u00c9MOTION : c'est le nom donn\u00e9 \u00e0 ce beau projet qui vous permettra de vous exprimer, de partager, de cr\u00e9er, de dessiner une \u00e9tincelle dans les yeux de chacun et la partager... A\u2026","rel":"","context":"Dans &quot;Actualit\u00e9&quot;","img":{"alt_text":"","src":"https:\/\/i0.wp.com\/lasource.be\/wp-content\/uploads\/2020\/02\/Emotion-Finish-logo-Bouillon-212x300.png?resize=350%2C200","width":350,"height":200},"classes":[]},{"id":1794,"url":"https:\/\/lasource.be\/?p=1794","url_meta":{"origin":1995,"position":2},"title":"!!! Spectacle radiophonique \u00e0 Herbeumont !!!","date":"5 ao\u00fbt 2022","format":false,"excerpt":"Dans le cadre de l'appel \u00e0 projet ILI (Initiatives Locales d'Int\u00e9gration), l'ASBL La Source et l'association \"Partons \u00e0 la Campagne !\" vous invitent chaleureusement \u00e0 venir passer un moment de rencontres et d'\u00e9changes empli de convivialit\u00e9 lors d'une exp\u00e9rience unique ! Un spectacle radiophonique interactif qui propose d'aller \u00e0 la\u2026","rel":"","context":"Dans &quot;Actualit\u00e9&quot;","img":{"alt_text":"","src":"https:\/\/i0.wp.com\/lasource.be\/wp-content\/uploads\/2022\/08\/EMISSION-PALC-HERBEUMONT-flyer-derniere-version-212x300.png?resize=350%2C200&ssl=1","width":350,"height":200},"classes":[]},{"id":2862,"url":"https:\/\/lasource.be\/?p=2862","url_meta":{"origin":1995,"position":3},"title":"\ud83c\udfe0\u200b\ud83d\udce6\u200bLa Source d\u00e9m\u00e9nage !!! \ud83c\udfe0\u200b\ud83d\udce6\u200b","date":"14 janvier 2026","format":false,"excerpt":"L'ann\u00e9e 2026 commence sur les chapeaux de roues pour La Source ! Votre Asbl Lasource Bouillon \ud835\uddf1\ud835\uddf2\u0301\ud835\uddfa\ud835\uddf2\u0301\ud835\uddfb\ud835\uddee\ud835\uddf4\ud835\uddf2 et vient tout juste de s'installer dans ses nouveaux locaux situ\u00e9s au : \ud835\udff4, \ud835\udde0\ud835\uddf2\ud835\uddfb\ud835\ude02\ud835\uddf0\ud835\uddf5\ud835\uddf2\ud835\uddfb\ud835\uddf2\ud835\ude01 \ud835\udff2\ud835\udff4\ud835\udfef\ud835\udff0 \ud835\uddd5\ud835\uddd8\ud835\udddf\ud835\udddf\ud835\uddd8\ud835\udde9\ud835\uddd4\ud835\udde8\ud835\uddeb N'h\u00e9sitez pas \u00e0 nous rendre une petite visite et d\u00e9couvrir nos locaux modernes et lumineux qui\u2026","rel":"","context":"Dans &quot;Actualit\u00e9&quot;","img":{"alt_text":"","src":"https:\/\/i0.wp.com\/lasource.be\/wp-content\/uploads\/2026\/01\/Demenagement-300x158.png?resize=350%2C200&ssl=1","width":350,"height":200},"classes":[]},{"id":1018,"url":"https:\/\/lasource.be\/?p=1018","url_meta":{"origin":1995,"position":4},"title":"TOUS SOLIDAIRES !","date":"18 mars 2019","format":false,"excerpt":"Ce lundi 18 mars 2019, La Source est solidaire du mouvement de gr\u00e8ve qui touche notamment les Asbl, le secteur du non-marchand, les services publics, ... Ces structures et leur personnel sont menac\u00e9s par les mesures du gouvernement wallon.\u00a0 Les services essentiels \u00e0 la population sont aujourd\u2019hui en danger !\u2026","rel":"","context":"Dans &quot;Actualit\u00e9&quot;","img":{"alt_text":"","src":"https:\/\/i0.wp.com\/lasource.be\/wp-content\/uploads\/2019\/03\/pr\u00e9paration-des-calicots.jpg?resize=350%2C200","width":350,"height":200},"classes":[]},{"id":2082,"url":"https:\/\/lasource.be\/?p=2082","url_meta":{"origin":1995,"position":5},"title":"Tous \u00e0 vos agendas, date \u00e0 retenir !  ;-)","date":"1 ao\u00fbt 2023","format":false,"excerpt":"Nous voici au d\u00e9but du mois d'ao\u00fbt, c'est encore le temps des vacances mais la rentr\u00e9e se profile d\u00e9j\u00e0 doucement \u00e0 l'horizon... Vous avez eu une id\u00e9e g\u00e9niale cet \u00e9t\u00e9, vous avez d\u00e9cid\u00e9 d'entreprendre une formation !\u00a0 \ud83d\udc4d Et pourquoi pas \u00e0 La Source ? Durant le mois d'ao\u00fbt, nous\u2026","rel":"","context":"Dans &quot;Actualit\u00e9&quot;","img":{"alt_text":"","src":"https:\/\/i0.wp.com\/lasource.be\/wp-content\/uploads\/2023\/08\/rappel-seance-dinfo-8-aout-300x141.png?resize=350%2C200&ssl=1","width":350,"height":200},"classes":[]}],"_links":{"self":[{"href":"https:\/\/lasource.be\/index.php?rest_route=\/wp\/v2\/posts\/1995"}],"collection":[{"href":"https:\/\/lasource.be\/index.php?rest_route=\/wp\/v2\/posts"}],"about":[{"href":"https:\/\/lasource.be\/index.php?rest_route=\/wp\/v2\/types\/post"}],"author":[{"embeddable":true,"href":"https:\/\/lasource.be\/index.php?rest_route=\/wp\/v2\/users\/1"}],"replies":[{"embeddable":true,"href":"https:\/\/lasource.be\/index.php?rest_route=%2Fwp%2Fv2%2Fcomments&post=1995"}],"version-history":[{"count":3,"href":"https:\/\/lasource.be\/index.php?rest_route=\/wp\/v2\/posts\/1995\/revisions"}],"predecessor-version":[{"id":1999,"href":"https:\/\/lasource.be\/index.php?rest_route=\/wp\/v2\/posts\/1995\/revisions\/1999"}],"wp:attachment":[{"href":"https:\/\/lasource.be\/index.php?rest_route=%2Fwp%2Fv2%2Fmedia&parent=1995"}],"wp:term":[{"taxonomy":"category","embeddable":true,"href":"https:\/\/lasource.be\/index.php?rest_route=%2Fwp%2Fv2%2Fcategories&post=1995"},{"taxonomy":"post_tag","embeddable":true,"href":"https:\/\/lasource.be\/index.php?rest_route=%2Fwp%2Fv2%2Ftags&post=1995"}],"curies":[{"name":"wp","href":"https:\/\/api.w.org\/{rel}","templated":true}]}}