{"id":2001,"date":"2023-03-29T14:17:14","date_gmt":"2023-03-29T12:17:14","guid":{"rendered":"https:\/\/lasource.be\/?p=2001"},"modified":"2023-03-29T14:17:14","modified_gmt":"2023-03-29T12:17:14","slug":"remise-des-certificats-pour-la-formation-je-cree-mon-avenir","status":"publish","type":"post","link":"https:\/\/lasource.be\/?p=2001","title":{"rendered":"Remise des certificats pour la formation \u00ab\u00a0Je Cr\u00e9e Mon Avenir\u00a0\u00bb"},"content":{"rendered":"<div class=\"x11i5rnm xat24cr x1mh8g0r x1vvkbs xdj266r x126k92a\">\n<div dir=\"auto\"><a href=\"https:\/\/i0.wp.com\/lasource.be\/wp-content\/uploads\/2023\/03\/1-Remise-des-certificats-Je-Cree-Mon-Avenir-35H.png?ssl=1\" target=\"_blank\" rel=\"noopener\"><img data-attachment-id=\"2002\" data-permalink=\"https:\/\/lasource.be\/?attachment_id=2002\" data-orig-file=\"https:\/\/i0.wp.com\/lasource.be\/wp-content\/uploads\/2023\/03\/1-Remise-des-certificats-Je-Cree-Mon-Avenir-35H.png?fit=1200%2C628&amp;ssl=1\" data-orig-size=\"1200,628\" data-comments-opened=\"1\" data-image-meta=\"{&quot;aperture&quot;:&quot;0&quot;,&quot;credit&quot;:&quot;&quot;,&quot;camera&quot;:&quot;&quot;,&quot;caption&quot;:&quot;&quot;,&quot;created_timestamp&quot;:&quot;0&quot;,&quot;copyright&quot;:&quot;&quot;,&quot;focal_length&quot;:&quot;0&quot;,&quot;iso&quot;:&quot;0&quot;,&quot;shutter_speed&quot;:&quot;0&quot;,&quot;title&quot;:&quot;&quot;,&quot;orientation&quot;:&quot;0&quot;}\" data-image-title=\"1-Remise des certificats Je Cr\u00e9e Mon Avenir 35H\" data-image-description=\"\" data-image-caption=\"\" data-medium-file=\"https:\/\/i0.wp.com\/lasource.be\/wp-content\/uploads\/2023\/03\/1-Remise-des-certificats-Je-Cree-Mon-Avenir-35H.png?fit=300%2C157&amp;ssl=1\" data-large-file=\"https:\/\/i0.wp.com\/lasource.be\/wp-content\/uploads\/2023\/03\/1-Remise-des-certificats-Je-Cree-Mon-Avenir-35H.png?fit=825%2C432&amp;ssl=1\" decoding=\"async\" loading=\"lazy\" class=\"aligncenter wp-image-2002\" src=\"https:\/\/i0.wp.com\/lasource.be\/wp-content\/uploads\/2023\/03\/1-Remise-des-certificats-Je-Cree-Mon-Avenir-35H.png?resize=600%2C314&#038;ssl=1\" alt=\"\" width=\"600\" height=\"314\" srcset=\"https:\/\/i0.wp.com\/lasource.be\/wp-content\/uploads\/2023\/03\/1-Remise-des-certificats-Je-Cree-Mon-Avenir-35H.png?resize=300%2C157&amp;ssl=1 300w, https:\/\/i0.wp.com\/lasource.be\/wp-content\/uploads\/2023\/03\/1-Remise-des-certificats-Je-Cree-Mon-Avenir-35H.png?resize=1024%2C536&amp;ssl=1 1024w, https:\/\/i0.wp.com\/lasource.be\/wp-content\/uploads\/2023\/03\/1-Remise-des-certificats-Je-Cree-Mon-Avenir-35H.png?resize=768%2C402&amp;ssl=1 768w, https:\/\/i0.wp.com\/lasource.be\/wp-content\/uploads\/2023\/03\/1-Remise-des-certificats-Je-Cree-Mon-Avenir-35H.png?w=1200&amp;ssl=1 1200w\" sizes=\"(max-width: 600px) 100vw, 600px\" data-recalc-dims=\"1\" \/><\/a><\/div>\n<div dir=\"auto\">Retour sur cette journ\u00e9e sp\u00e9ciale du 27 mars dernier.<\/div>\n<div dir=\"auto\">C&rsquo;\u00e9tait un jour particulier pour nos stagiaires de la formation <a href=\"https:\/\/lasource.be\/?page_id=44\" target=\"_blank\" rel=\"noopener\">\u00ab\u00a0Je cr\u00e9e mon avenir\u00a0\u00bb<\/a> : un jour qui marquait la fin de leur formation de 7 mois.<\/div>\n<div dir=\"auto\">Ce lundi a d\u00e9but\u00e9 par la <a href=\"https:\/\/lasource.be\/?p=1427\" target=\"_blank\" rel=\"noopener\">\u00ab\u00a0Balade des Poilus\u00a0\u00bb<\/a>, une marche de 10,5 kms ponctu\u00e9e par la neige, la pluie, le vent, le soleil et surtout par la bonne humeur de nos courageux stagiaires ! <span class=\"x3nfvp2 x1j61x8r x1fcty0u xdj266r xhhsvwb xat24cr xgzva0m xxymvpz xlup9mm x1kky2od\"><img decoding=\"async\" loading=\"lazy\" src=\"https:\/\/static.xx.fbcdn.net\/images\/emoji.php\/v9\/ta9\/1.5\/16\/1f6b6_200d_2640.png\" alt=\"\ud83d\udeb6\u200d\u2640\ufe0f\" width=\"16\" height=\"16\" \/><\/span><span class=\"x3nfvp2 x1j61x8r x1fcty0u xdj266r xhhsvwb xat24cr xgzva0m xxymvpz xlup9mm x1kky2od\"><img decoding=\"async\" loading=\"lazy\" src=\"https:\/\/static.xx.fbcdn.net\/images\/emoji.php\/v9\/t3b\/1.5\/16\/1f6b6.png\" alt=\"\ud83d\udeb6\" width=\"16\" height=\"16\" \/><\/span><span class=\"x3nfvp2 x1j61x8r x1fcty0u xdj266r xhhsvwb xat24cr xgzva0m xxymvpz xlup9mm x1kky2od\"><img decoding=\"async\" loading=\"lazy\" src=\"https:\/\/static.xx.fbcdn.net\/images\/emoji.php\/v9\/tab\/1.5\/16\/1f6b6_200d_2642.png\" alt=\"\ud83d\udeb6\u200d\u2642\ufe0f\" width=\"16\" height=\"16\" \/><\/span><\/div>\n<div dir=\"auto\">Pendant ce temps, les stagiaires qui ne participaient pas \u00e0 la marche parcouraient un v\u00e9ritable marathon en cuisines afin de pr\u00e9parer un d\u00e9licieux spaghetti pour toute l&rsquo;\u00e9quipe ! <span class=\"x3nfvp2 x1j61x8r x1fcty0u xdj266r xhhsvwb xat24cr xgzva0m xxymvpz xlup9mm x1kky2od\"><img decoding=\"async\" loading=\"lazy\" src=\"https:\/\/static.xx.fbcdn.net\/images\/emoji.php\/v9\/tb3\/1.5\/16\/1f35d.png\" alt=\"\ud83c\udf5d\" width=\"16\" height=\"16\" \/><\/span><\/div>\n<div dir=\"auto\">Apr\u00e8s ce repas convivial, les stagiaires ont pu pr\u00e9senter les travaux r\u00e9alis\u00e9s durant les \u00ab\u00a0Ateliers cr\u00e9atifs\u00a0\u00bb et lire quelques textes \u00e9crits lors des ateliers \u00ab\u00a0Vie en groupe\u00a0\u00bb. <span class=\"x3nfvp2 x1j61x8r x1fcty0u xdj266r xhhsvwb xat24cr xgzva0m xxymvpz xlup9mm x1kky2od\"><img decoding=\"async\" loading=\"lazy\" src=\"https:\/\/static.xx.fbcdn.net\/images\/emoji.php\/v9\/t10\/1.5\/16\/1f58b.png\" alt=\"\ud83d\udd8b\" width=\"16\" height=\"16\" \/><\/span><\/div>\n<div dir=\"auto\">Cette belle journ\u00e9e s&rsquo;est termin\u00e9e par la remise des certificats. <span class=\"x3nfvp2 x1j61x8r x1fcty0u xdj266r xhhsvwb xat24cr xgzva0m xxymvpz xlup9mm x1kky2od\"><img decoding=\"async\" loading=\"lazy\" src=\"https:\/\/static.xx.fbcdn.net\/images\/emoji.php\/v9\/ted\/1.5\/16\/1f947.png\" alt=\"\ud83e\udd47\" width=\"16\" height=\"16\" \/><\/span><\/div>\n<div dir=\"auto\">Une belle page se tourne pour nos stagiaires avec, pour la plupart d&rsquo;entre eux, de tr\u00e8s belles perspectives \u00e0 l&rsquo;horizon&#8230; mais \u00e7a, nous vous en parlerons un peu plus tard <span class=\"x3nfvp2 x1j61x8r x1fcty0u xdj266r xhhsvwb xat24cr xgzva0m xxymvpz xlup9mm x1kky2od\"><img decoding=\"async\" loading=\"lazy\" src=\"https:\/\/static.xx.fbcdn.net\/images\/emoji.php\/v9\/tb0\/1.5\/16\/1f609.png\" alt=\"\ud83d\ude09\" width=\"16\" height=\"16\" \/><\/span><\/div>\n<div dir=\"auto\">Toutes nos f\u00e9licitations \u00e0 nos stagiaires !<\/div>\n<div dir=\"auto\">A bient\u00f4t et tr\u00e8s belle route \u00e0 tous ! <span class=\"x3nfvp2 x1j61x8r x1fcty0u xdj266r xhhsvwb xat24cr xgzva0m xxymvpz xlup9mm x1kky2od\"><img decoding=\"async\" loading=\"lazy\" src=\"https:\/\/static.xx.fbcdn.net\/images\/emoji.php\/v9\/td9\/1.5\/16\/1f64f.png\" alt=\"\ud83d\ude4f\" width=\"16\" height=\"16\" \/><\/span><\/div>\n<div dir=\"auto\"><\/div>\n<div dir=\"auto\">\n<p class=\"jetpack-slideshow-noscript robots-nocontent\">Ce diaporama n\u00e9cessite JavaScript.<\/p><div id=\"gallery-2001-1-slideshow\" class=\"jetpack-slideshow-window jetpack-slideshow jetpack-slideshow-black\" data-trans=\"fade\" data-autostart=\"1\" data-gallery=\"[{&quot;src&quot;:&quot;https:\\\/\\\/i0.wp.com\\\/lasource.be\\\/wp-content\\\/uploads\\\/2023\\\/03\\\/1-Remise-des-certificats-Je-Cree-Mon-Avenir-35H-1.png?fit=1200%2C628\\u0026ssl=1&quot;,&quot;id&quot;:&quot;2013&quot;,&quot;title&quot;:&quot;1-Remise des certificats Je Cr\\u00e9e Mon Avenir 35H&quot;,&quot;alt&quot;:&quot;&quot;,&quot;caption&quot;:&quot;Remise des certificats le 27 mars 2023&quot;,&quot;itemprop&quot;:&quot;image&quot;},{&quot;src&quot;:&quot;https:\\\/\\\/i0.wp.com\\\/lasource.be\\\/wp-content\\\/uploads\\\/2023\\\/03\\\/2-Balade-des-Poilus-1.png?fit=1200%2C628\\u0026ssl=1&quot;,&quot;id&quot;:&quot;2014&quot;,&quot;title&quot;:&quot;2-Balade des Poilus&quot;,&quot;alt&quot;:&quot;&quot;,&quot;caption&quot;:&quot;Tout commence par La balade des Poilus&quot;,&quot;itemprop&quot;:&quot;image&quot;},{&quot;src&quot;:&quot;https:\\\/\\\/i0.wp.com\\\/lasource.be\\\/wp-content\\\/uploads\\\/2023\\\/03\\\/3-Balade-des-Poilus-1.png?fit=1200%2C628\\u0026ssl=1&quot;,&quot;id&quot;:&quot;2015&quot;,&quot;title&quot;:&quot;3-Balade des Poilus&quot;,&quot;alt&quot;:&quot;&quot;,&quot;caption&quot;:&quot;La balade des Poilus&quot;,&quot;itemprop&quot;:&quot;image&quot;},{&quot;src&quot;:&quot;https:\\\/\\\/i0.wp.com\\\/lasource.be\\\/wp-content\\\/uploads\\\/2023\\\/03\\\/4-Travaux-1.png?fit=1200%2C628\\u0026ssl=1&quot;,&quot;id&quot;:&quot;2016&quot;,&quot;title&quot;:&quot;4-Travaux&quot;,&quot;alt&quot;:&quot;&quot;,&quot;caption&quot;:&quot;Pr\\u00e9sentation des travaux r\\u00e9alis\\u00e9s durant les ateliers cr\\u00e9atifs de Manu&quot;,&quot;itemprop&quot;:&quot;image&quot;},{&quot;src&quot;:&quot;https:\\\/\\\/i0.wp.com\\\/lasource.be\\\/wp-content\\\/uploads\\\/2023\\\/03\\\/5-Textes-1.png?fit=1200%2C628\\u0026ssl=1&quot;,&quot;id&quot;:&quot;2017&quot;,&quot;title&quot;:&quot;5-Textes&quot;,&quot;alt&quot;:&quot;&quot;,&quot;caption&quot;:&quot;Lecture de quelques textes \\u00e9crits lors des ateliers \\u00ab\\u00a0Vie en groupe\\u00a0\\u00bb de Conny&quot;,&quot;itemprop&quot;:&quot;image&quot;},{&quot;src&quot;:&quot;https:\\\/\\\/i0.wp.com\\\/lasource.be\\\/wp-content\\\/uploads\\\/2023\\\/03\\\/6-Textes-1.png?fit=1200%2C628\\u0026ssl=1&quot;,&quot;id&quot;:&quot;2018&quot;,&quot;title&quot;:&quot;6-Textes&quot;,&quot;alt&quot;:&quot;&quot;,&quot;caption&quot;:&quot;Pr\\u00e9sentation de quelques textes&quot;,&quot;itemprop&quot;:&quot;image&quot;},{&quot;src&quot;:&quot;https:\\\/\\\/i0.wp.com\\\/lasource.be\\\/wp-content\\\/uploads\\\/2023\\\/03\\\/7-Certificats-1.png?fit=1200%2C628\\u0026ssl=1&quot;,&quot;id&quot;:&quot;2019&quot;,&quot;title&quot;:&quot;7-Certificats&quot;,&quot;alt&quot;:&quot;&quot;,&quot;caption&quot;:&quot;La remise des certificats aux stagiaires&quot;,&quot;itemprop&quot;:&quot;image&quot;},{&quot;src&quot;:&quot;https:\\\/\\\/i0.wp.com\\\/lasource.be\\\/wp-content\\\/uploads\\\/2023\\\/03\\\/8-Certificats-1.png?fit=1200%2C628\\u0026ssl=1&quot;,&quot;id&quot;:&quot;2020&quot;,&quot;title&quot;:&quot;8-Certificats&quot;,&quot;alt&quot;:&quot;&quot;,&quot;caption&quot;:&quot;F\\u00e9licitation \\u00e0 tous !&quot;,&quot;itemprop&quot;:&quot;image&quot;}]\" itemscope itemtype=\"https:\/\/schema.org\/ImageGallery\"><\/div>\n<\/div>\n<\/div>\n","protected":false},"excerpt":{"rendered":"<p>Retour sur cette journ\u00e9e sp\u00e9ciale du 27 mars dernier. C&rsquo;\u00e9tait un jour particulier pour nos stagiaires de la formation \u00ab\u00a0Je cr\u00e9e mon avenir\u00a0\u00bb : un jour qui marquait la fin&hellip; <a href=\"https:\/\/lasource.be\/?p=2001\" class=\"more-link\">Lire la suite <span class=\"screen-reader-text\">Remise des certificats pour la formation \u00ab\u00a0Je Cr\u00e9e Mon Avenir\u00a0\u00bb<\/span><\/a><\/p>\n","protected":false},"author":1,"featured_media":0,"comment_status":"open","ping_status":"open","sticky":false,"template":"","format":"standard","meta":{"jetpack_post_was_ever_published":false,"jetpack_publicize_message":"","jetpack_is_tweetstorm":false,"jetpack_publicize_feature_enabled":true,"jetpack_social_post_already_shared":true,"jetpack_social_options":[]},"categories":[1],"tags":[],"jetpack_publicize_connections":[],"jetpack_featured_media_url":"","jetpack_sharing_enabled":true,"jetpack_shortlink":"https:\/\/wp.me\/p8UIgU-wh","jetpack-related-posts":[{"id":904,"url":"https:\/\/lasource.be\/?p=904","url_meta":{"origin":2001,"position":0},"title":"R\u00e9alisation d&rsquo;un documentaire au centre \u00ab\u00a0Revivre \u00e0 Sugny\u00a0\u00bb","date":"4 d\u00e9cembre 2018","format":false,"excerpt":"Dans le cadre du nouvel atelier multim\u00e9dia\/photographie dispens\u00e9 par Nicola\u00ef Blomstrand; les stagiaires de la formation \"Je Cr\u00e9e Mon Avenir\" 35 heures ont l'opportunit\u00e9 de vivre une exp\u00e9rience unique. Nicola\u00ef et ses apprentis reporters vont r\u00e9aliser un documentaire afin de pr\u00e9senter le centre \"Revivre \u00e0 Sugny\" (Asbl accueillant des Adultes\u2026","rel":"","context":"Dans &quot;Actualit\u00e9&quot;","img":{"alt_text":"","src":"https:\/\/i0.wp.com\/lasource.be\/wp-content\/uploads\/2018\/12\/IMG_9668-300x200.jpg?resize=350%2C200","width":350,"height":200},"classes":[]},{"id":2558,"url":"https:\/\/lasource.be\/?p=2558","url_meta":{"origin":2001,"position":1},"title":"\ud83d\udc4d Stagiaires \u00e0 l&rsquo;honneur \ud83d\udc4d","date":"12 mars 2024","format":false,"excerpt":"Deux stagiaires de la pr\u00e9c\u00e9dente formation \"Je Cr\u00e9e Mon Avenir\" ont d\u00e9croch\u00e9 un emploi !!! BRAVO \u00e0 eux, nous leur souhaitons beaucoup de r\u00e9ussite dans leurs parcours ! \ud83d\udc4f","rel":"","context":"Dans &quot;Actualit\u00e9&quot;","img":{"alt_text":"","src":"https:\/\/i0.wp.com\/lasource.be\/wp-content\/uploads\/2024\/03\/Eddy.gif?resize=350%2C200","width":350,"height":200},"classes":[]},{"id":2732,"url":"https:\/\/lasource.be\/?p=2732","url_meta":{"origin":2001,"position":2},"title":"\ud83c\udf93 Retour en images sur la remise des certificats de nos formations JCMA 35H et JBMA 28H \ud83c\udf93","date":"17 juillet 2025","format":false,"excerpt":"Petit retour sur la remise des certificats pour nos stagiaires des formations \"Je Cr\u00e9e Mon Avenir\" et \"Je Booste Mon Avenir\" qui s'est d\u00e9roul\u00e9e ce 4 juillet 2025. \u00a0 \u00a0 \u00a0Nous tenons \u00e0 dire un grand MERCI \u00e0 tous nos stagiaires pour leur belle implication, leur motivation et leur bonne\u2026","rel":"","context":"Dans &quot;Actualit\u00e9&quot;","img":{"alt_text":"","src":"https:\/\/i0.wp.com\/lasource.be\/wp-content\/uploads\/2025\/07\/1.png?resize=350%2C200","width":350,"height":200},"classes":[]},{"id":2566,"url":"https:\/\/lasource.be\/?p=2566","url_meta":{"origin":2001,"position":3},"title":"\ud83d\udc4d Stagiaire \u00e0 l&rsquo;honneur \ud83d\udc4d","date":"10 avril 2024","format":false,"excerpt":"En ce d\u00e9but du mois d'avril, nous tenons \u00e0 mettre une de nos anciennes stagiaires \u00e0 l'honneur, il s'agit de Nancy. Nancy avait suivi la formation \"Je Cr\u00e9e Mon Avenir\"\u00a0 de septembre 2023 \u00e0 f\u00e9vrier 2024. Elle s'est \u00e9panouie tout au long de son parcours et s'est impliqu\u00e9e \u00e0 fond\u2026","rel":"","context":"Dans &quot;Actualit\u00e9&quot;","img":{"alt_text":"","src":"https:\/\/i0.wp.com\/lasource.be\/wp-content\/uploads\/2024\/04\/Nancy-300x251.gif?resize=350%2C200&ssl=1","width":350,"height":200},"classes":[]},{"id":2529,"url":"https:\/\/lasource.be\/?p=2529","url_meta":{"origin":2001,"position":4},"title":"\ud83c\udf93 Retour en images sur la remise des certificats de la formation JCMA 35H \ud83c\udf93","date":"29 f\u00e9vrier 2024","format":false,"excerpt":"Vendredi 23 f\u00e9vrier, l'\u00e9quipe de La Source et les stagiaires, accompagn\u00e9s de leurs amis et familles, se sont r\u00e9unis \u00e0 l'Acad\u00e9mie de Musique de Bouillon afin de proc\u00e9der \u00e0 la remise des certificats de la formation \"Je Cr\u00e9e Mon Avenir\" qui arrivait \u00e0 son terme. \u270d\ufe0f Ce moment de partage\u2026","rel":"","context":"Dans &quot;Actualit\u00e9&quot;","img":{"alt_text":"","src":"https:\/\/i0.wp.com\/lasource.be\/wp-content\/uploads\/2024\/02\/1.png?resize=350%2C200","width":350,"height":200},"classes":[]},{"id":2310,"url":"https:\/\/lasource.be\/?p=2310","url_meta":{"origin":2001,"position":5},"title":"Bienvenus au c\u0153ur d&rsquo;une s\u00e9quence d&rsquo;animation un peu particuli\u00e8re \ud83e\uddd1\u200d\ud83c\udf73","date":"26 octobre 2023","format":false,"excerpt":"\u00c0 La Source, les ateliers sont avant tout bas\u00e9s sur l'\u00e9panouissement et la mise en valeur du potentiel de chacun. Vous allez d\u00e9couvrir une apr\u00e8s-midi de formation un peu sp\u00e9ciale, suivez-nous ! La semaine derni\u00e8re, Eddy, un de nos stagiaires de la formation \"Je cr\u00e9e mon avenir\" a coanim\u00e9 le\u2026","rel":"","context":"Dans &quot;Actualit\u00e9&quot;","img":{"alt_text":"","src":"https:\/\/i0.wp.com\/lasource.be\/wp-content\/uploads\/2023\/10\/tuile-de-parmesan.jpg?resize=350%2C200","width":350,"height":200},"classes":[]}],"_links":{"self":[{"href":"https:\/\/lasource.be\/index.php?rest_route=\/wp\/v2\/posts\/2001"}],"collection":[{"href":"https:\/\/lasource.be\/index.php?rest_route=\/wp\/v2\/posts"}],"about":[{"href":"https:\/\/lasource.be\/index.php?rest_route=\/wp\/v2\/types\/post"}],"author":[{"embeddable":true,"href":"https:\/\/lasource.be\/index.php?rest_route=\/wp\/v2\/users\/1"}],"replies":[{"embeddable":true,"href":"https:\/\/lasource.be\/index.php?rest_route=%2Fwp%2Fv2%2Fcomments&post=2001"}],"version-history":[{"count":6,"href":"https:\/\/lasource.be\/index.php?rest_route=\/wp\/v2\/posts\/2001\/revisions"}],"predecessor-version":[{"id":2023,"href":"https:\/\/lasource.be\/index.php?rest_route=\/wp\/v2\/posts\/2001\/revisions\/2023"}],"wp:attachment":[{"href":"https:\/\/lasource.be\/index.php?rest_route=%2Fwp%2Fv2%2Fmedia&parent=2001"}],"wp:term":[{"taxonomy":"category","embeddable":true,"href":"https:\/\/lasource.be\/index.php?rest_route=%2Fwp%2Fv2%2Fcategories&post=2001"},{"taxonomy":"post_tag","embeddable":true,"href":"https:\/\/lasource.be\/index.php?rest_route=%2Fwp%2Fv2%2Ftags&post=2001"}],"curies":[{"name":"wp","href":"https:\/\/api.w.org\/{rel}","templated":true}]}}