{"id":2032,"date":"2023-07-11T11:54:05","date_gmt":"2023-07-11T09:54:05","guid":{"rendered":"https:\/\/lasource.be\/?p=2032"},"modified":"2023-07-11T11:54:05","modified_gmt":"2023-07-11T09:54:05","slug":"a-vos-agendas","status":"publish","type":"post","link":"https:\/\/lasource.be\/?p=2032","title":{"rendered":"\u00c0 vos agendas !"},"content":{"rendered":"<p><img data-attachment-id=\"2033\" data-permalink=\"https:\/\/lasource.be\/?attachment_id=2033\" data-orig-file=\"https:\/\/i0.wp.com\/lasource.be\/wp-content\/uploads\/2023\/07\/Logo-Source-ete-2.png?fit=2362%2C2362&amp;ssl=1\" data-orig-size=\"2362,2362\" data-comments-opened=\"1\" data-image-meta=\"{&quot;aperture&quot;:&quot;0&quot;,&quot;credit&quot;:&quot;&quot;,&quot;camera&quot;:&quot;&quot;,&quot;caption&quot;:&quot;&quot;,&quot;created_timestamp&quot;:&quot;0&quot;,&quot;copyright&quot;:&quot;&quot;,&quot;focal_length&quot;:&quot;0&quot;,&quot;iso&quot;:&quot;0&quot;,&quot;shutter_speed&quot;:&quot;0&quot;,&quot;title&quot;:&quot;&quot;,&quot;orientation&quot;:&quot;0&quot;}\" data-image-title=\"Logo Source \u00e9t\u00e9\" data-image-description=\"\" data-image-caption=\"\" data-medium-file=\"https:\/\/i0.wp.com\/lasource.be\/wp-content\/uploads\/2023\/07\/Logo-Source-ete-2.png?fit=300%2C300&amp;ssl=1\" data-large-file=\"https:\/\/i0.wp.com\/lasource.be\/wp-content\/uploads\/2023\/07\/Logo-Source-ete-2.png?fit=825%2C825&amp;ssl=1\" decoding=\"async\" loading=\"lazy\" class=\"alignleft wp-image-2033\" src=\"https:\/\/i0.wp.com\/lasource.be\/wp-content\/uploads\/2023\/07\/Logo-Source-ete-2.png?resize=150%2C150&#038;ssl=1\" alt=\"\" width=\"150\" height=\"150\" srcset=\"https:\/\/i0.wp.com\/lasource.be\/wp-content\/uploads\/2023\/07\/Logo-Source-ete-2.png?resize=300%2C300&amp;ssl=1 300w, https:\/\/i0.wp.com\/lasource.be\/wp-content\/uploads\/2023\/07\/Logo-Source-ete-2.png?resize=1024%2C1024&amp;ssl=1 1024w, https:\/\/i0.wp.com\/lasource.be\/wp-content\/uploads\/2023\/07\/Logo-Source-ete-2.png?resize=150%2C150&amp;ssl=1 150w, https:\/\/i0.wp.com\/lasource.be\/wp-content\/uploads\/2023\/07\/Logo-Source-ete-2.png?resize=768%2C768&amp;ssl=1 768w, https:\/\/i0.wp.com\/lasource.be\/wp-content\/uploads\/2023\/07\/Logo-Source-ete-2.png?resize=1536%2C1536&amp;ssl=1 1536w, https:\/\/i0.wp.com\/lasource.be\/wp-content\/uploads\/2023\/07\/Logo-Source-ete-2.png?resize=2048%2C2048&amp;ssl=1 2048w, https:\/\/i0.wp.com\/lasource.be\/wp-content\/uploads\/2023\/07\/Logo-Source-ete-2.png?resize=180%2C180&amp;ssl=1 180w, https:\/\/i0.wp.com\/lasource.be\/wp-content\/uploads\/2023\/07\/Logo-Source-ete-2.png?w=1650&amp;ssl=1 1650w\" sizes=\"(max-width: 150px) 100vw, 150px\" data-recalc-dims=\"1\" \/><strong><span style=\"color: #ffcc00;\"><br \/>\nL&rsquo;\u00e9t\u00e9 est l\u00e0 !<br \/>\nPlace \u00e0 un peu de l\u00e9g\u00e8ret\u00e9 et de repos bien m\u00e9rit\u00e9s avant la rentr\u00e9e !<\/span><\/strong><\/p>\n<p>&nbsp;<\/p>\n<p>Nos formations en orientation professionnelle \u00ab\u00a0Je Cr\u00e9e Mon Avenir\u00a0\u00bb et \u00ab\u00a0Je Booste Mon Avenir\u00a0\u00bb viennent de se terminer en ce d\u00e9but de juillet (nous reviendrons plus en d\u00e9tails sur cet \u00e9v\u00e8nement dans un prochain article \ud83d\ude09 ) et prennent un peu de vacances.<\/p>\n<p>Nous vous invitons d&rsquo;ores et d\u00e9j\u00e0 \u00e0 prendre note de nos futures s\u00e9ances d&rsquo;information qui se d\u00e9rouleront durant le mois d&rsquo;ao\u00fbt prochain.<\/p>\n<p>C&rsquo;est avec enthousiasme que nous vous rencontrerons les mardis 8, 22 et 29 ao\u00fbt \u00e0 9h30 dans nos locaux de La Source pour vous faire d\u00e9couvrir nos futures formations qui d\u00e9buteront toutes deux au mois de septembre.<\/p>\n<p>\u00c0 bient\u00f4t ! \ud83d\ude00<\/p>\n<p><a href=\"https:\/\/i0.wp.com\/lasource.be\/wp-content\/uploads\/2023\/07\/Couverture-Facebook-Post-it-Finish-Magnets-OK.png?ssl=1\" target=\"_blank\" rel=\"noopener\"><img data-attachment-id=\"2041\" data-permalink=\"https:\/\/lasource.be\/?attachment_id=2041\" data-orig-file=\"https:\/\/i0.wp.com\/lasource.be\/wp-content\/uploads\/2023\/07\/Couverture-Facebook-Post-it-Finish-Magnets-OK.png?fit=1656%2C630&amp;ssl=1\" data-orig-size=\"1656,630\" data-comments-opened=\"1\" data-image-meta=\"{&quot;aperture&quot;:&quot;0&quot;,&quot;credit&quot;:&quot;&quot;,&quot;camera&quot;:&quot;&quot;,&quot;caption&quot;:&quot;&quot;,&quot;created_timestamp&quot;:&quot;0&quot;,&quot;copyright&quot;:&quot;&quot;,&quot;focal_length&quot;:&quot;0&quot;,&quot;iso&quot;:&quot;0&quot;,&quot;shutter_speed&quot;:&quot;0&quot;,&quot;title&quot;:&quot;&quot;,&quot;orientation&quot;:&quot;0&quot;}\" data-image-title=\"Couverture Facebook Post it-Finish Magnets OK\" data-image-description=\"\" data-image-caption=\"\" data-medium-file=\"https:\/\/i0.wp.com\/lasource.be\/wp-content\/uploads\/2023\/07\/Couverture-Facebook-Post-it-Finish-Magnets-OK.png?fit=300%2C114&amp;ssl=1\" data-large-file=\"https:\/\/i0.wp.com\/lasource.be\/wp-content\/uploads\/2023\/07\/Couverture-Facebook-Post-it-Finish-Magnets-OK.png?fit=825%2C314&amp;ssl=1\" decoding=\"async\" loading=\"lazy\" class=\"aligncenter wp-image-2041\" src=\"https:\/\/i0.wp.com\/lasource.be\/wp-content\/uploads\/2023\/07\/Couverture-Facebook-Post-it-Finish-Magnets-OK.png?resize=600%2C228&#038;ssl=1\" alt=\"\" width=\"600\" height=\"228\" srcset=\"https:\/\/i0.wp.com\/lasource.be\/wp-content\/uploads\/2023\/07\/Couverture-Facebook-Post-it-Finish-Magnets-OK.png?resize=300%2C114&amp;ssl=1 300w, https:\/\/i0.wp.com\/lasource.be\/wp-content\/uploads\/2023\/07\/Couverture-Facebook-Post-it-Finish-Magnets-OK.png?resize=1024%2C390&amp;ssl=1 1024w, https:\/\/i0.wp.com\/lasource.be\/wp-content\/uploads\/2023\/07\/Couverture-Facebook-Post-it-Finish-Magnets-OK.png?resize=768%2C292&amp;ssl=1 768w, https:\/\/i0.wp.com\/lasource.be\/wp-content\/uploads\/2023\/07\/Couverture-Facebook-Post-it-Finish-Magnets-OK.png?resize=1536%2C584&amp;ssl=1 1536w, https:\/\/i0.wp.com\/lasource.be\/wp-content\/uploads\/2023\/07\/Couverture-Facebook-Post-it-Finish-Magnets-OK.png?w=1656&amp;ssl=1 1656w\" sizes=\"(max-width: 600px) 100vw, 600px\" data-recalc-dims=\"1\" \/><\/a><\/p>\n","protected":false},"excerpt":{"rendered":"<p>L&rsquo;\u00e9t\u00e9 est l\u00e0 ! Place \u00e0 un peu de l\u00e9g\u00e8ret\u00e9 et de repos bien m\u00e9rit\u00e9s avant la rentr\u00e9e ! &nbsp; Nos formations en orientation professionnelle \u00ab\u00a0Je Cr\u00e9e Mon Avenir\u00a0\u00bb et&hellip; <a href=\"https:\/\/lasource.be\/?p=2032\" class=\"more-link\">Lire la suite <span class=\"screen-reader-text\">\u00c0 vos agendas !<\/span><\/a><\/p>\n","protected":false},"author":1,"featured_media":0,"comment_status":"open","ping_status":"open","sticky":false,"template":"","format":"standard","meta":{"jetpack_post_was_ever_published":false,"jetpack_publicize_message":"","jetpack_is_tweetstorm":false,"jetpack_publicize_feature_enabled":true,"jetpack_social_post_already_shared":true,"jetpack_social_options":[]},"categories":[1],"tags":[],"jetpack_publicize_connections":[],"jetpack_featured_media_url":"","jetpack_sharing_enabled":true,"jetpack_shortlink":"https:\/\/wp.me\/p8UIgU-wM","jetpack-related-posts":[{"id":2082,"url":"https:\/\/lasource.be\/?p=2082","url_meta":{"origin":2032,"position":0},"title":"Tous \u00e0 vos agendas, date \u00e0 retenir !  ;-)","date":"1 ao\u00fbt 2023","format":false,"excerpt":"Nous voici au d\u00e9but du mois d'ao\u00fbt, c'est encore le temps des vacances mais la rentr\u00e9e se profile d\u00e9j\u00e0 doucement \u00e0 l'horizon... Vous avez eu une id\u00e9e g\u00e9niale cet \u00e9t\u00e9, vous avez d\u00e9cid\u00e9 d'entreprendre une formation !\u00a0 \ud83d\udc4d Et pourquoi pas \u00e0 La Source ? Durant le mois d'ao\u00fbt, nous\u2026","rel":"","context":"Dans &quot;Actualit\u00e9&quot;","img":{"alt_text":"","src":"https:\/\/i0.wp.com\/lasource.be\/wp-content\/uploads\/2023\/08\/rappel-seance-dinfo-8-aout-300x141.png?resize=350%2C200&ssl=1","width":350,"height":200},"classes":[]},{"id":2762,"url":"https:\/\/lasource.be\/?p=2762","url_meta":{"origin":2032,"position":1},"title":"\ud83d\udce3\u200b Votre formation \u00ab\u00a0Je Cr\u00e9e Mon Avenir\u00a0\u00bb is back !!! Tous \u00e0 vos agendas !!! \ud83d\udcdd","date":"6 ao\u00fbt 2025","format":false,"excerpt":"Nous sommes encore au mois d'ao\u00fbt mais il est d\u00e9j\u00e0 temps de penser doucement \u00e0 pr\u00e9parer activement votre rentr\u00e9e\u2026 \u00c0 partir du 08 septembre prochain, notre formation \"Je Cr\u00e9e Mon Avenir\" fait son retour !!! Vous avez besoin d'un accompagnement pour construire votre projet professionnel ?\u00a0 Cette formation est pour\u2026","rel":"","context":"Dans &quot;Actualit\u00e9&quot;","img":{"alt_text":"","src":"https:\/\/i0.wp.com\/lasource.be\/wp-content\/uploads\/2025\/08\/Pub-JCMA-Sept25-Fev26-300x192.png?resize=350%2C200&ssl=1","width":350,"height":200},"classes":[]},{"id":1764,"url":"https:\/\/lasource.be\/?p=1764","url_meta":{"origin":2032,"position":2},"title":"Nos nouvelles formations en orientation professionnelle ?  C&rsquo;est au mois de septembre !!! :-)","date":"25 juillet 2022","format":false,"excerpt":"C'est l'\u00e9t\u00e9, il fait beau, il fait chaud, m\u00eame tr\u00e8s chaud !!! Un air de farniente plane au-dessus de nos t\u00eates...\u00a0 Comme il est bon de se laisser vivre... Et pourtant, alors que les rayons du soleil nous r\u00e9chauffent, les rayons des magasins quant \u00e0 eux s'emplissent d\u00e9j\u00e0 de cartables,\u2026","rel":"","context":"Dans &quot;Actualit\u00e9&quot;","img":{"alt_text":"","src":"https:\/\/i0.wp.com\/lasource.be\/wp-content\/uploads\/2022\/07\/Seances-dinfo-JBMA-Aout-2022-OK-300x225.png?resize=350%2C200&ssl=1","width":350,"height":200},"classes":[]},{"id":2575,"url":"https:\/\/lasource.be\/?p=2575","url_meta":{"origin":2032,"position":3},"title":"Vive les vacances ! Profitez, nous pr\u00e9parons la rentr\u00e9e \ud83d\ude0e","date":"25 juillet 2024","format":false,"excerpt":"C'est l'\u00e9t\u00e9, le soleil pointe enfin le bout de son nez !\u00a0 Place \u00e0 un peu de l\u00e9g\u00e8ret\u00e9 et de repos bien m\u00e9rit\u00e9s avant la rentr\u00e9e ! \u00a0 Le temps est venu de se laisser doucement vivre, de prendre un peu de repos, de farniente, un peu de temps pour\u2026","rel":"","context":"Dans &quot;Actualit\u00e9&quot;","img":{"alt_text":"","src":"https:\/\/i0.wp.com\/lasource.be\/wp-content\/uploads\/2024\/07\/pub-jcma-septembre-2024_ok-300x221.png?resize=350%2C200&ssl=1","width":350,"height":200},"classes":[]},{"id":1566,"url":"https:\/\/lasource.be\/?p=1566","url_meta":{"origin":2032,"position":4},"title":"!!! Votre nouvelle formation \u00ab\u00a0Je cr\u00e9e mon avenir\u00a0\u00bb d\u00e9bute au mois de SEPTEMBRE !!!","date":"30 juillet 2021","format":false,"excerpt":"Nous sommes encore en \u00e9t\u00e9 (m\u00eame si le temps maussade nous en fait quelque peu douter...) et doucement, la rentr\u00e9e se profile \u00e0 l'horizon. Symbolique rentr\u00e9e du mois de septembre ! Tout comme nos \u00e9coliers, \"la rentr\u00e9e\" est synonyme de nouveau d\u00e9part, de projets, de questionnements et surtout\u00a0 d'avenir !\u2026","rel":"","context":"Dans &quot;Actualit\u00e9&quot;","img":{"alt_text":"","src":"https:\/\/i0.wp.com\/lasource.be\/wp-content\/uploads\/2021\/07\/Projet-Pub-Proximag-octobre-2021-JCMA-35-300x300.png?resize=350%2C200","width":350,"height":200},"classes":[]},{"id":2566,"url":"https:\/\/lasource.be\/?p=2566","url_meta":{"origin":2032,"position":5},"title":"\ud83d\udc4d Stagiaire \u00e0 l&rsquo;honneur \ud83d\udc4d","date":"10 avril 2024","format":false,"excerpt":"En ce d\u00e9but du mois d'avril, nous tenons \u00e0 mettre une de nos anciennes stagiaires \u00e0 l'honneur, il s'agit de Nancy. Nancy avait suivi la formation \"Je Cr\u00e9e Mon Avenir\"\u00a0 de septembre 2023 \u00e0 f\u00e9vrier 2024. Elle s'est \u00e9panouie tout au long de son parcours et s'est impliqu\u00e9e \u00e0 fond\u2026","rel":"","context":"Dans &quot;Actualit\u00e9&quot;","img":{"alt_text":"","src":"https:\/\/i0.wp.com\/lasource.be\/wp-content\/uploads\/2024\/04\/Nancy-300x251.gif?resize=350%2C200&ssl=1","width":350,"height":200},"classes":[]}],"_links":{"self":[{"href":"https:\/\/lasource.be\/index.php?rest_route=\/wp\/v2\/posts\/2032"}],"collection":[{"href":"https:\/\/lasource.be\/index.php?rest_route=\/wp\/v2\/posts"}],"about":[{"href":"https:\/\/lasource.be\/index.php?rest_route=\/wp\/v2\/types\/post"}],"author":[{"embeddable":true,"href":"https:\/\/lasource.be\/index.php?rest_route=\/wp\/v2\/users\/1"}],"replies":[{"embeddable":true,"href":"https:\/\/lasource.be\/index.php?rest_route=%2Fwp%2Fv2%2Fcomments&post=2032"}],"version-history":[{"count":13,"href":"https:\/\/lasource.be\/index.php?rest_route=\/wp\/v2\/posts\/2032\/revisions"}],"predecessor-version":[{"id":2047,"href":"https:\/\/lasource.be\/index.php?rest_route=\/wp\/v2\/posts\/2032\/revisions\/2047"}],"wp:attachment":[{"href":"https:\/\/lasource.be\/index.php?rest_route=%2Fwp%2Fv2%2Fmedia&parent=2032"}],"wp:term":[{"taxonomy":"category","embeddable":true,"href":"https:\/\/lasource.be\/index.php?rest_route=%2Fwp%2Fv2%2Fcategories&post=2032"},{"taxonomy":"post_tag","embeddable":true,"href":"https:\/\/lasource.be\/index.php?rest_route=%2Fwp%2Fv2%2Ftags&post=2032"}],"curies":[{"name":"wp","href":"https:\/\/api.w.org\/{rel}","templated":true}]}}