{"id":2071,"date":"2023-07-18T16:20:17","date_gmt":"2023-07-18T14:20:17","guid":{"rendered":"https:\/\/lasource.be\/?p=2071"},"modified":"2023-07-18T16:20:17","modified_gmt":"2023-07-18T14:20:17","slug":"petit-retour-sur-la-remise-des-certificats","status":"publish","type":"post","link":"https:\/\/lasource.be\/?p=2071","title":{"rendered":"Petit retour sur la remise des certificats !"},"content":{"rendered":"<p><a href=\"https:\/\/i0.wp.com\/lasource.be\/wp-content\/uploads\/2023\/07\/Remise-des-certificats-Je-Cree-Mon-Avenir-35H.jpg?ssl=1\" target=\"_blank\" rel=\"noopener\"><img data-attachment-id=\"2074\" data-permalink=\"https:\/\/lasource.be\/?attachment_id=2074\" data-orig-file=\"https:\/\/i0.wp.com\/lasource.be\/wp-content\/uploads\/2023\/07\/Remise-des-certificats-Je-Cree-Mon-Avenir-35H.jpg?fit=1200%2C628&amp;ssl=1\" data-orig-size=\"1200,628\" data-comments-opened=\"1\" data-image-meta=\"{&quot;aperture&quot;:&quot;0&quot;,&quot;credit&quot;:&quot;&quot;,&quot;camera&quot;:&quot;&quot;,&quot;caption&quot;:&quot;&quot;,&quot;created_timestamp&quot;:&quot;0&quot;,&quot;copyright&quot;:&quot;&quot;,&quot;focal_length&quot;:&quot;0&quot;,&quot;iso&quot;:&quot;0&quot;,&quot;shutter_speed&quot;:&quot;0&quot;,&quot;title&quot;:&quot;&quot;,&quot;orientation&quot;:&quot;1&quot;}\" data-image-title=\"Remise des certificats Je Cr\u00e9e Mon Avenir 35H\" data-image-description=\"\" data-image-caption=\"\" data-medium-file=\"https:\/\/i0.wp.com\/lasource.be\/wp-content\/uploads\/2023\/07\/Remise-des-certificats-Je-Cree-Mon-Avenir-35H.jpg?fit=300%2C157&amp;ssl=1\" data-large-file=\"https:\/\/i0.wp.com\/lasource.be\/wp-content\/uploads\/2023\/07\/Remise-des-certificats-Je-Cree-Mon-Avenir-35H.jpg?fit=825%2C432&amp;ssl=1\" decoding=\"async\" loading=\"lazy\" class=\"aligncenter wp-image-2074\" src=\"https:\/\/i0.wp.com\/lasource.be\/wp-content\/uploads\/2023\/07\/Remise-des-certificats-Je-Cree-Mon-Avenir-35H.jpg?resize=700%2C366&#038;ssl=1\" alt=\"\" width=\"700\" height=\"366\" srcset=\"https:\/\/i0.wp.com\/lasource.be\/wp-content\/uploads\/2023\/07\/Remise-des-certificats-Je-Cree-Mon-Avenir-35H.jpg?resize=300%2C157&amp;ssl=1 300w, https:\/\/i0.wp.com\/lasource.be\/wp-content\/uploads\/2023\/07\/Remise-des-certificats-Je-Cree-Mon-Avenir-35H.jpg?resize=1024%2C536&amp;ssl=1 1024w, https:\/\/i0.wp.com\/lasource.be\/wp-content\/uploads\/2023\/07\/Remise-des-certificats-Je-Cree-Mon-Avenir-35H.jpg?resize=768%2C402&amp;ssl=1 768w, https:\/\/i0.wp.com\/lasource.be\/wp-content\/uploads\/2023\/07\/Remise-des-certificats-Je-Cree-Mon-Avenir-35H.jpg?w=1200&amp;ssl=1 1200w\" sizes=\"(max-width: 700px) 100vw, 700px\" data-recalc-dims=\"1\" \/><\/a><\/p>\n<div class=\"\" dir=\"auto\">\n<div id=\":r1pv:\" class=\"x1iorvi4 x1pi30zi x1l90r2v x1swvt13\" data-ad-comet-preview=\"message\" data-ad-preview=\"message\">\n<div class=\"x78zum5 xdt5ytf xz62fqu x16ldp7u\">\n<div class=\"xu06os2 x1ok221b\">\n<div class=\"x11i5rnm xat24cr x1mh8g0r x1vvkbs xtlvy1s x126k92a\">\n<div dir=\"auto\">Le 6 juillet dernier marquait la fin de nos deux formations \u00ab Je Cr\u00e9e Mon Avenir \u00bb et \u00ab Je Booste Mon Avenir \u00bb.<\/div>\n<div dir=\"auto\"><\/div>\n<\/div>\n<div class=\"x11i5rnm xat24cr x1mh8g0r x1vvkbs xtlvy1s x126k92a\">\n<div dir=\"auto\">Plac\u00e9e sous le signe de la convivialit\u00e9, cette belle journ\u00e9e ensoleill\u00e9e a \u00e9t\u00e9 ponctu\u00e9e de belles interventions et empreinte d\u2019\u00e9motion.<\/div>\n<\/div>\n<div class=\"x11i5rnm xat24cr x1mh8g0r x1vvkbs xtlvy1s x126k92a\">\n<div dir=\"auto\">C\u2019est au Bastion de Bourgogne, abritant pour l\u2019occasion une exposition des travaux et photos r\u00e9alis\u00e9s par les stagiaires, que s\u2019est d\u00e9roul\u00e9e la traditionnelle remise des certificats !<\/div>\n<div dir=\"auto\">Afin de partager ce moment, nos stagiaires \u00e9taient venus nombreux, certains accompagn\u00e9s de leur famille ou\/et amis.<\/div>\n<\/div>\n<div class=\"x11i5rnm xat24cr x1mh8g0r x1vvkbs xtlvy1s x126k92a\">\n<div dir=\"auto\"><\/div>\n<div dir=\"auto\">Pour d\u00e9buter cette journ\u00e9e, Pauline et Nico ont pr\u00e9sent\u00e9 le jeu de piste qu\u2019ils avaient concoct\u00e9 pour les stagiaires (une s\u00e9rie de d\u00e9fis, jeux et \u00e9nigmes \u00e0 r\u00e9soudre afin de (re)d\u00e9couvrir la ville de Bouillon et son histoire). Apr\u00e8s le montage vid\u00e9o, les vainqueurs ont pu choisir un lot parmi les cadeaux offerts par de nombreux commer\u00e7ants de Bouillon.<\/div>\n<div dir=\"auto\">Encore merci \u00e0 eux pour leur g\u00e9n\u00e9rosit\u00e9 !<\/div>\n<\/div>\n<div class=\"x11i5rnm xat24cr x1mh8g0r x1vvkbs xtlvy1s x126k92a\">\n<div dir=\"auto\"><\/div>\n<div dir=\"auto\">S\u2019ensuit un moment po\u00e9tique avec la lecture de textes r\u00e9alis\u00e9s par les stagiaires lors des ateliers plumes propos\u00e9s par \u00c9lodie. Le th\u00e8me choisi \u00e9tait celui de l\u2019arbre.<\/div>\n<\/div>\n<div class=\"x11i5rnm xat24cr x1mh8g0r x1vvkbs xtlvy1s x126k92a\">\n<div dir=\"auto\"><\/div>\n<div dir=\"auto\">Dans une belle d\u00e9marche \u00e9cologique, Manu a encha\u00een\u00e9 avec la pr\u00e9sentation de ses ateliers \u00ab Z\u00e9ro d\u00e9chet \u00bb visant \u00e0 sensibiliser les stagiaires sur l\u2019importance du recyclage et du respect de notre environnement. Nous avons pu admirer les r\u00e9alisations confectionn\u00e9es pendant les ateliers de Manu.<\/div>\n<\/div>\n<div class=\"x11i5rnm xat24cr x1mh8g0r x1vvkbs xtlvy1s x126k92a\">\n<div dir=\"auto\"><\/div>\n<div dir=\"auto\">Place ensuite \u00e0 la musique avec une cr\u00e9ation musicale originale propos\u00e9e par l\u2019atelier d\u2019\u00e9criture et d\u2019expression musicale de S\u00e9bastien P\u00e9rignon. Cr\u00e9ation surprenante et unique r\u00e9alis\u00e9e avec des mots et bribes de phrases prononc\u00e9s par nos stagiaires sur un arrangement musical in\u00e9dit.<\/div>\n<\/div>\n<div class=\"x11i5rnm xat24cr x1mh8g0r x1vvkbs xtlvy1s x126k92a\">\n<div dir=\"auto\"><\/div>\n<div dir=\"auto\">Plus solennellement, l\u2019\u00e9quipe de La Source a mis les stagiaires \u00e0 l\u2019honneur en lisant un petit mot personnalis\u00e9 pour chacun avant de proc\u00e9der \u00e0 la remise des certificats.<\/div>\n<div dir=\"auto\">Pour terminer cette c\u00e9r\u00e9monie, tout le monde s\u2019est retrouv\u00e9 autour d\u2019un verre de l\u2019amiti\u00e9 et d\u2019un barbecue bien sympathique !<\/div>\n<\/div>\n<\/div>\n<div dir=\"auto\"><\/div>\n<div dir=\"auto\"><strong>Merci \u00e0 tous nos stagiaires, \u00e0 leurs familles, amis et \u00e0 nos partenaires d&rsquo;\u00eatre venus partager ce moment important marquant non pas une fin mais un nouveau d\u00e9part !<\/strong><\/div>\n<\/div>\n<\/div>\n<\/div>\n","protected":false},"excerpt":{"rendered":"<p>Le 6 juillet dernier marquait la fin de nos deux formations \u00ab Je Cr\u00e9e Mon Avenir \u00bb et \u00ab Je Booste Mon Avenir \u00bb. Plac\u00e9e sous le signe de la&hellip; <a href=\"https:\/\/lasource.be\/?p=2071\" class=\"more-link\">Lire la suite <span class=\"screen-reader-text\">Petit retour sur la remise des certificats !<\/span><\/a><\/p>\n","protected":false},"author":1,"featured_media":0,"comment_status":"open","ping_status":"open","sticky":false,"template":"","format":"standard","meta":{"jetpack_post_was_ever_published":false,"jetpack_publicize_message":"","jetpack_is_tweetstorm":false,"jetpack_publicize_feature_enabled":true,"jetpack_social_post_already_shared":true,"jetpack_social_options":[]},"categories":[1],"tags":[],"jetpack_publicize_connections":[],"jetpack_featured_media_url":"","jetpack_sharing_enabled":true,"jetpack_shortlink":"https:\/\/wp.me\/p8UIgU-xp","jetpack-related-posts":[{"id":2732,"url":"https:\/\/lasource.be\/?p=2732","url_meta":{"origin":2071,"position":0},"title":"\ud83c\udf93 Retour en images sur la remise des certificats de nos formations JCMA 35H et JBMA 28H \ud83c\udf93","date":"17 juillet 2025","format":false,"excerpt":"Petit retour sur la remise des certificats pour nos stagiaires des formations \"Je Cr\u00e9e Mon Avenir\" et \"Je Booste Mon Avenir\" qui s'est d\u00e9roul\u00e9e ce 4 juillet 2025. \u00a0 \u00a0 \u00a0Nous tenons \u00e0 dire un grand MERCI \u00e0 tous nos stagiaires pour leur belle implication, leur motivation et leur bonne\u2026","rel":"","context":"Dans &quot;Actualit\u00e9&quot;","img":{"alt_text":"","src":"https:\/\/i0.wp.com\/lasource.be\/wp-content\/uploads\/2025\/07\/1.png?resize=350%2C200","width":350,"height":200},"classes":[]},{"id":2001,"url":"https:\/\/lasource.be\/?p=2001","url_meta":{"origin":2071,"position":1},"title":"Remise des certificats pour la formation \u00ab\u00a0Je Cr\u00e9e Mon Avenir\u00a0\u00bb","date":"29 mars 2023","format":false,"excerpt":"Retour sur cette journ\u00e9e sp\u00e9ciale du 27 mars dernier. C'\u00e9tait un jour particulier pour nos stagiaires de la formation \"Je cr\u00e9e mon avenir\" : un jour qui marquait la fin de leur formation de 7 mois. Ce lundi a d\u00e9but\u00e9 par la \"Balade des Poilus\", une marche de 10,5 kms\u2026","rel":"","context":"Dans &quot;Actualit\u00e9&quot;","img":{"alt_text":"","src":"https:\/\/i0.wp.com\/lasource.be\/wp-content\/uploads\/2023\/03\/1-Remise-des-certificats-Je-Cree-Mon-Avenir-35H-1.png?resize=350%2C200","width":350,"height":200},"classes":[]},{"id":1897,"url":"https:\/\/lasource.be\/?p=1897","url_meta":{"origin":2071,"position":2},"title":"!!! Dates des s\u00e9ances d&rsquo;info pour la nouvelle formation \u00ab\u00a0Je Cr\u00e9e Mon Avenir 35h\u00a0\u00bb !!!","date":"30 novembre 2022","format":false,"excerpt":"Et si, juste avant d'entrer dans le tourbillon des f\u00eates, on pensait encore un peu ensemble \u00e0 votre avenir professionnel ? Vous vous posez des questions sur votre orientation ou r\u00e9orientation professionnelle ? Vous avez envie d'explorer de nouveaux horizons, d\u00e9couvrir de nouveaux m\u00e9tiers, vous mettre en situation professionnelle gr\u00e2ce\u2026","rel":"","context":"Dans &quot;Actualit\u00e9&quot;","img":{"alt_text":"","src":"https:\/\/i0.wp.com\/lasource.be\/wp-content\/uploads\/2022\/11\/Seances-dinfo-JCMA-decembre-2022-300x225.png?resize=350%2C200&ssl=1","width":350,"height":200},"classes":[]},{"id":2310,"url":"https:\/\/lasource.be\/?p=2310","url_meta":{"origin":2071,"position":3},"title":"Bienvenus au c\u0153ur d&rsquo;une s\u00e9quence d&rsquo;animation un peu particuli\u00e8re \ud83e\uddd1\u200d\ud83c\udf73","date":"26 octobre 2023","format":false,"excerpt":"\u00c0 La Source, les ateliers sont avant tout bas\u00e9s sur l'\u00e9panouissement et la mise en valeur du potentiel de chacun. Vous allez d\u00e9couvrir une apr\u00e8s-midi de formation un peu sp\u00e9ciale, suivez-nous ! La semaine derni\u00e8re, Eddy, un de nos stagiaires de la formation \"Je cr\u00e9e mon avenir\" a coanim\u00e9 le\u2026","rel":"","context":"Dans &quot;Actualit\u00e9&quot;","img":{"alt_text":"","src":"https:\/\/i0.wp.com\/lasource.be\/wp-content\/uploads\/2023\/10\/tuile-de-parmesan.jpg?resize=350%2C200","width":350,"height":200},"classes":[]},{"id":1427,"url":"https:\/\/lasource.be\/?p=1427","url_meta":{"origin":2071,"position":4},"title":"Inauguration de \u00ab\u00a0La balade des Poilus\u00a0\u00bb","date":"7 juillet 2021","format":false,"excerpt":"Au mois de mai dernier (suite \u00e0 plusieurs reports dus \u00e0 la crise sanitaire), c'est avec un immense plaisir et une certaine fiert\u00e9 que nous avons pu inaugurer \"La balade des Poilus\". \"La balade des Poilus\" est un parcours p\u00e9destre comm\u00e9moratif de la premi\u00e8re guerre mondiale.\u00a0 Sillonnant les communes de\u2026","rel":"","context":"Dans &quot;Actualit\u00e9&quot;","img":{"alt_text":"","src":"https:\/\/i0.wp.com\/lasource.be\/wp-content\/uploads\/2021\/07\/La-balade-des-Poilus-Brochure-RECTO-300x212.png?resize=350%2C200","width":350,"height":200},"classes":[]},{"id":1068,"url":"https:\/\/lasource.be\/?p=1068","url_meta":{"origin":2071,"position":5},"title":"Bient\u00f4t la rentr\u00e9e : voici les dates de nos nouvelles formations \u00ab\u00a0Je Cr\u00e9e Mon Avenir\u00a0\u00bb","date":"20 ao\u00fbt 2019","format":false,"excerpt":"Nous avons le plaisir de vous informer que nos nouvelles formations \"Je Cr\u00e9e Mon Avenir\" vont bient\u00f4t recommencer ! Voici les dates \u00e0 retenir : La formation \"Je Cr\u00e9e Mon Avenir\" 19h\/semaine d\u00e9butera le lundi 16 septembre 2019\u00a0 (s\u00e9ance d'info : le mardi 03 septembre \u00e0 9h30) La formation \"Je\u2026","rel":"","context":"Dans &quot;Actualit\u00e9&quot;","img":{"alt_text":"","src":"https:\/\/i0.wp.com\/lasource.be\/wp-content\/uploads\/2019\/08\/Pub-Vlan-octobre-2019-35h-FINISH.png?resize=350%2C200","width":350,"height":200},"classes":[]}],"_links":{"self":[{"href":"https:\/\/lasource.be\/index.php?rest_route=\/wp\/v2\/posts\/2071"}],"collection":[{"href":"https:\/\/lasource.be\/index.php?rest_route=\/wp\/v2\/posts"}],"about":[{"href":"https:\/\/lasource.be\/index.php?rest_route=\/wp\/v2\/types\/post"}],"author":[{"embeddable":true,"href":"https:\/\/lasource.be\/index.php?rest_route=\/wp\/v2\/users\/1"}],"replies":[{"embeddable":true,"href":"https:\/\/lasource.be\/index.php?rest_route=%2Fwp%2Fv2%2Fcomments&post=2071"}],"version-history":[{"count":4,"href":"https:\/\/lasource.be\/index.php?rest_route=\/wp\/v2\/posts\/2071\/revisions"}],"predecessor-version":[{"id":2076,"href":"https:\/\/lasource.be\/index.php?rest_route=\/wp\/v2\/posts\/2071\/revisions\/2076"}],"wp:attachment":[{"href":"https:\/\/lasource.be\/index.php?rest_route=%2Fwp%2Fv2%2Fmedia&parent=2071"}],"wp:term":[{"taxonomy":"category","embeddable":true,"href":"https:\/\/lasource.be\/index.php?rest_route=%2Fwp%2Fv2%2Fcategories&post=2071"},{"taxonomy":"post_tag","embeddable":true,"href":"https:\/\/lasource.be\/index.php?rest_route=%2Fwp%2Fv2%2Ftags&post=2071"}],"curies":[{"name":"wp","href":"https:\/\/api.w.org\/{rel}","templated":true}]}}