{"id":2082,"date":"2023-08-01T16:09:04","date_gmt":"2023-08-01T14:09:04","guid":{"rendered":"https:\/\/lasource.be\/?p=2082"},"modified":"2023-08-01T16:10:56","modified_gmt":"2023-08-01T14:10:56","slug":"tous-a-vos-agendas-date-a-retenir","status":"publish","type":"post","link":"https:\/\/lasource.be\/?p=2082","title":{"rendered":"Tous \u00e0 vos agendas, date \u00e0 retenir !  ;-)"},"content":{"rendered":"<p><a href=\"https:\/\/i0.wp.com\/lasource.be\/wp-content\/uploads\/2023\/08\/rappel-seance-dinfo-8-aout.png?ssl=1\" target=\"_blank\" rel=\"noopener\"><img data-attachment-id=\"2088\" data-permalink=\"https:\/\/lasource.be\/?attachment_id=2088\" data-orig-file=\"https:\/\/i0.wp.com\/lasource.be\/wp-content\/uploads\/2023\/08\/rappel-seance-dinfo-8-aout.png?fit=2048%2C960&amp;ssl=1\" data-orig-size=\"2048,960\" data-comments-opened=\"1\" data-image-meta=\"{&quot;aperture&quot;:&quot;0&quot;,&quot;credit&quot;:&quot;&quot;,&quot;camera&quot;:&quot;&quot;,&quot;caption&quot;:&quot;&quot;,&quot;created_timestamp&quot;:&quot;0&quot;,&quot;copyright&quot;:&quot;&quot;,&quot;focal_length&quot;:&quot;0&quot;,&quot;iso&quot;:&quot;0&quot;,&quot;shutter_speed&quot;:&quot;0&quot;,&quot;title&quot;:&quot;&quot;,&quot;orientation&quot;:&quot;0&quot;}\" data-image-title=\"rappel s\u00e9ance d&amp;rsquo;info 8 ao\u00fbt\" data-image-description=\"\" data-image-caption=\"\" data-medium-file=\"https:\/\/i0.wp.com\/lasource.be\/wp-content\/uploads\/2023\/08\/rappel-seance-dinfo-8-aout.png?fit=300%2C141&amp;ssl=1\" data-large-file=\"https:\/\/i0.wp.com\/lasource.be\/wp-content\/uploads\/2023\/08\/rappel-seance-dinfo-8-aout.png?fit=825%2C387&amp;ssl=1\" decoding=\"async\" loading=\"lazy\" class=\"wp-image-2088 alignnone\" src=\"https:\/\/i0.wp.com\/lasource.be\/wp-content\/uploads\/2023\/08\/rappel-seance-dinfo-8-aout.png?resize=600%2C281&#038;ssl=1\" alt=\"\" width=\"600\" height=\"281\" srcset=\"https:\/\/i0.wp.com\/lasource.be\/wp-content\/uploads\/2023\/08\/rappel-seance-dinfo-8-aout.png?resize=300%2C141&amp;ssl=1 300w, https:\/\/i0.wp.com\/lasource.be\/wp-content\/uploads\/2023\/08\/rappel-seance-dinfo-8-aout.png?resize=1024%2C480&amp;ssl=1 1024w, https:\/\/i0.wp.com\/lasource.be\/wp-content\/uploads\/2023\/08\/rappel-seance-dinfo-8-aout.png?resize=768%2C360&amp;ssl=1 768w, https:\/\/i0.wp.com\/lasource.be\/wp-content\/uploads\/2023\/08\/rappel-seance-dinfo-8-aout.png?resize=1536%2C720&amp;ssl=1 1536w, https:\/\/i0.wp.com\/lasource.be\/wp-content\/uploads\/2023\/08\/rappel-seance-dinfo-8-aout.png?w=2048&amp;ssl=1 2048w, https:\/\/i0.wp.com\/lasource.be\/wp-content\/uploads\/2023\/08\/rappel-seance-dinfo-8-aout.png?w=1650&amp;ssl=1 1650w\" sizes=\"(max-width: 600px) 100vw, 600px\" data-recalc-dims=\"1\" \/><\/a><\/p>\n<p>Nous voici au d\u00e9but du mois d&rsquo;ao\u00fbt, c&rsquo;est encore le temps des vacances mais la rentr\u00e9e se profile d\u00e9j\u00e0 doucement \u00e0 l&rsquo;horizon&#8230;<\/p>\n<p>Vous avez eu une id\u00e9e g\u00e9niale cet \u00e9t\u00e9, vous avez d\u00e9cid\u00e9 d&rsquo;entreprendre une formation !\u00a0 \ud83d\udc4d Et pourquoi pas \u00e0 La Source ?<br \/>\nDurant le mois d&rsquo;ao\u00fbt, nous vous invitons \u00e0 venir d\u00e9couvrir nos formations \u00ab\u00a0Je booste mon avenir\u00a0\u00bb, \u00ab\u00a0Je cr\u00e9e mon avenir\u00a0\u00bb et \u00ab\u00a0Bureau&rsquo;TIC\u00a0\u00bb.<\/p>\n<p>Nous organisons 3 s\u00e9ances d&rsquo;information afin de vous pr\u00e9senter en d\u00e9tails nos formations, r\u00e9pondre \u00e0 toutes vos questions et vous guider dans votre choix.<br \/>\nNotez d\u00e9j\u00e0 la premi\u00e8re date dans vos agendas, elle se d\u00e9roulera le <strong>mardi 8 ao\u00fbt \u00e0 9h30<\/strong> dans la salle de cours de l&rsquo;ASBL La Source.<br \/>\nN&rsquo;oubliez pas de vous inscrire au 061\/46 86 88 \u270d<\/p>\n<p>A bient\u00f4t et bonne fin d&rsquo;\u00e9t\u00e9 \u00e0 tous ! \ud83d\ude09<\/p>\n<p><a href=\"https:\/\/i0.wp.com\/lasource.be\/wp-content\/uploads\/2023\/08\/Pub-VLAN-FINISH.png?ssl=1\" target=\"_blank\" rel=\"noopener\"><img data-attachment-id=\"2086\" data-permalink=\"https:\/\/lasource.be\/?attachment_id=2086\" data-orig-file=\"https:\/\/i0.wp.com\/lasource.be\/wp-content\/uploads\/2023\/08\/Pub-VLAN-FINISH.png?fit=2528%2C1654&amp;ssl=1\" data-orig-size=\"2528,1654\" data-comments-opened=\"1\" data-image-meta=\"{&quot;aperture&quot;:&quot;0&quot;,&quot;credit&quot;:&quot;&quot;,&quot;camera&quot;:&quot;&quot;,&quot;caption&quot;:&quot;&quot;,&quot;created_timestamp&quot;:&quot;0&quot;,&quot;copyright&quot;:&quot;&quot;,&quot;focal_length&quot;:&quot;0&quot;,&quot;iso&quot;:&quot;0&quot;,&quot;shutter_speed&quot;:&quot;0&quot;,&quot;title&quot;:&quot;&quot;,&quot;orientation&quot;:&quot;0&quot;}\" data-image-title=\"Pub VLAN FINISH\" data-image-description=\"\" data-image-caption=\"\" data-medium-file=\"https:\/\/i0.wp.com\/lasource.be\/wp-content\/uploads\/2023\/08\/Pub-VLAN-FINISH.png?fit=300%2C196&amp;ssl=1\" data-large-file=\"https:\/\/i0.wp.com\/lasource.be\/wp-content\/uploads\/2023\/08\/Pub-VLAN-FINISH.png?fit=825%2C540&amp;ssl=1\" decoding=\"async\" loading=\"lazy\" class=\"wp-image-2086 alignnone\" src=\"https:\/\/i0.wp.com\/lasource.be\/wp-content\/uploads\/2023\/08\/Pub-VLAN-FINISH.png?resize=600%2C393&#038;ssl=1\" alt=\"\" width=\"600\" height=\"393\" srcset=\"https:\/\/i0.wp.com\/lasource.be\/wp-content\/uploads\/2023\/08\/Pub-VLAN-FINISH.png?resize=300%2C196&amp;ssl=1 300w, https:\/\/i0.wp.com\/lasource.be\/wp-content\/uploads\/2023\/08\/Pub-VLAN-FINISH.png?resize=1024%2C670&amp;ssl=1 1024w, https:\/\/i0.wp.com\/lasource.be\/wp-content\/uploads\/2023\/08\/Pub-VLAN-FINISH.png?resize=768%2C502&amp;ssl=1 768w, https:\/\/i0.wp.com\/lasource.be\/wp-content\/uploads\/2023\/08\/Pub-VLAN-FINISH.png?resize=1536%2C1005&amp;ssl=1 1536w, https:\/\/i0.wp.com\/lasource.be\/wp-content\/uploads\/2023\/08\/Pub-VLAN-FINISH.png?resize=2048%2C1340&amp;ssl=1 2048w, https:\/\/i0.wp.com\/lasource.be\/wp-content\/uploads\/2023\/08\/Pub-VLAN-FINISH.png?w=1650&amp;ssl=1 1650w, https:\/\/i0.wp.com\/lasource.be\/wp-content\/uploads\/2023\/08\/Pub-VLAN-FINISH.png?w=2475&amp;ssl=1 2475w\" sizes=\"(max-width: 600px) 100vw, 600px\" data-recalc-dims=\"1\" \/><\/a><\/p>\n","protected":false},"excerpt":{"rendered":"<p>Nous voici au d\u00e9but du mois d&rsquo;ao\u00fbt, c&rsquo;est encore le temps des vacances mais la rentr\u00e9e se profile d\u00e9j\u00e0 doucement \u00e0 l&rsquo;horizon&#8230; Vous avez eu une id\u00e9e g\u00e9niale cet \u00e9t\u00e9,&hellip; <a href=\"https:\/\/lasource.be\/?p=2082\" class=\"more-link\">Lire la suite <span class=\"screen-reader-text\">Tous \u00e0 vos agendas, date \u00e0 retenir !  \ud83d\ude09<\/span><\/a><\/p>\n","protected":false},"author":1,"featured_media":0,"comment_status":"open","ping_status":"open","sticky":false,"template":"","format":"standard","meta":{"jetpack_post_was_ever_published":false,"jetpack_publicize_message":"","jetpack_is_tweetstorm":false,"jetpack_publicize_feature_enabled":true,"jetpack_social_post_already_shared":true,"jetpack_social_options":[]},"categories":[1],"tags":[],"jetpack_publicize_connections":[],"jetpack_featured_media_url":"","jetpack_sharing_enabled":true,"jetpack_shortlink":"https:\/\/wp.me\/p8UIgU-xA","jetpack-related-posts":[{"id":1764,"url":"https:\/\/lasource.be\/?p=1764","url_meta":{"origin":2082,"position":0},"title":"Nos nouvelles formations en orientation professionnelle ?  C&rsquo;est au mois de septembre !!! :-)","date":"25 juillet 2022","format":false,"excerpt":"C'est l'\u00e9t\u00e9, il fait beau, il fait chaud, m\u00eame tr\u00e8s chaud !!! Un air de farniente plane au-dessus de nos t\u00eates...\u00a0 Comme il est bon de se laisser vivre... Et pourtant, alors que les rayons du soleil nous r\u00e9chauffent, les rayons des magasins quant \u00e0 eux s'emplissent d\u00e9j\u00e0 de cartables,\u2026","rel":"","context":"Dans &quot;Actualit\u00e9&quot;","img":{"alt_text":"","src":"https:\/\/i0.wp.com\/lasource.be\/wp-content\/uploads\/2022\/07\/Seances-dinfo-JBMA-Aout-2022-OK-300x225.png?resize=350%2C200&ssl=1","width":350,"height":200},"classes":[]},{"id":2762,"url":"https:\/\/lasource.be\/?p=2762","url_meta":{"origin":2082,"position":1},"title":"\ud83d\udce3\u200b Votre formation \u00ab\u00a0Je Cr\u00e9e Mon Avenir\u00a0\u00bb is back !!! Tous \u00e0 vos agendas !!! \ud83d\udcdd","date":"6 ao\u00fbt 2025","format":false,"excerpt":"Nous sommes encore au mois d'ao\u00fbt mais il est d\u00e9j\u00e0 temps de penser doucement \u00e0 pr\u00e9parer activement votre rentr\u00e9e\u2026 \u00c0 partir du 08 septembre prochain, notre formation \"Je Cr\u00e9e Mon Avenir\" fait son retour !!! Vous avez besoin d'un accompagnement pour construire votre projet professionnel ?\u00a0 Cette formation est pour\u2026","rel":"","context":"Dans &quot;Actualit\u00e9&quot;","img":{"alt_text":"","src":"https:\/\/i0.wp.com\/lasource.be\/wp-content\/uploads\/2025\/08\/Pub-JCMA-Sept25-Fev26-300x192.png?resize=350%2C200&ssl=1","width":350,"height":200},"classes":[]},{"id":2032,"url":"https:\/\/lasource.be\/?p=2032","url_meta":{"origin":2082,"position":2},"title":"\u00c0 vos agendas !","date":"11 juillet 2023","format":false,"excerpt":"L'\u00e9t\u00e9 est l\u00e0 ! Place \u00e0 un peu de l\u00e9g\u00e8ret\u00e9 et de repos bien m\u00e9rit\u00e9s avant la rentr\u00e9e ! \u00a0 Nos formations en orientation professionnelle \"Je Cr\u00e9e Mon Avenir\" et \"Je Booste Mon Avenir\" viennent de se terminer en ce d\u00e9but de juillet (nous reviendrons plus en d\u00e9tails sur cet\u2026","rel":"","context":"Dans &quot;Actualit\u00e9&quot;","img":{"alt_text":"","src":"https:\/\/i0.wp.com\/lasource.be\/wp-content\/uploads\/2023\/07\/Couverture-Facebook-Post-it-Finish-Magnets-OK-300x114.png?resize=350%2C200&ssl=1","width":350,"height":200},"classes":[]},{"id":2575,"url":"https:\/\/lasource.be\/?p=2575","url_meta":{"origin":2082,"position":3},"title":"Vive les vacances ! Profitez, nous pr\u00e9parons la rentr\u00e9e \ud83d\ude0e","date":"25 juillet 2024","format":false,"excerpt":"C'est l'\u00e9t\u00e9, le soleil pointe enfin le bout de son nez !\u00a0 Place \u00e0 un peu de l\u00e9g\u00e8ret\u00e9 et de repos bien m\u00e9rit\u00e9s avant la rentr\u00e9e ! \u00a0 Le temps est venu de se laisser doucement vivre, de prendre un peu de repos, de farniente, un peu de temps pour\u2026","rel":"","context":"Dans &quot;Actualit\u00e9&quot;","img":{"alt_text":"","src":"https:\/\/i0.wp.com\/lasource.be\/wp-content\/uploads\/2024\/07\/pub-jcma-septembre-2024_ok-300x221.png?resize=350%2C200&ssl=1","width":350,"height":200},"classes":[]},{"id":2603,"url":"https:\/\/lasource.be\/?p=2603","url_meta":{"origin":2082,"position":4},"title":"\ud83d\udce3 2025 : Le grand retour de nos formations en orientation professionnelle !!!","date":"12 novembre 2024","format":false,"excerpt":"2025 marquera le retour de nos formations \"Je Cr\u00e9e Mon Avenir\" et \"Je Booste Mon Avenir\" ! \ud83d\udd0e Retrouvez ci-dessous un aper\u00e7u de nos deux formations en orientation professionnelle. \ud83d\udcc6 Pour plus de d\u00e9tails, nous vous proposons de nous rencontrer le 17 d\u00e9cembre prochain et le 6 janvier 2025 lors\u2026","rel":"","context":"Dans &quot;Actualit\u00e9&quot;","img":{"alt_text":"","src":"https:\/\/i0.wp.com\/lasource.be\/wp-content\/uploads\/2024\/11\/pub-jcma-janvier-2025-dates-seances-info-300x221.png?resize=350%2C200&ssl=1","width":350,"height":200},"classes":[]},{"id":2829,"url":"https:\/\/lasource.be\/?p=2829","url_meta":{"origin":2082,"position":5},"title":"\ud83d\udce2 1\u00e8re session de \u00ab\u00a0Je Cr\u00e9e Mon Avenir 2026\u00a0\u00bb","date":"12 d\u00e9cembre 2025","format":false,"excerpt":"\u200b\u200b\ud83d\udcd3\u200b\u200b Notez d\u00e9j\u00e0 dans vos agendas la date de notre toute premi\u00e8re session de formation \"Je Cr\u00e9e Mon Avenir\" ! \u200b\ud83d\uddd3\ufe0f\u200b JCMA d\u00e9butera le 19 janvier 2026 \ud83d\udcdd Pour plus de renseignements, n'h\u00e9sitez pas \u00e0 participer \u00e0 une de nos deux s\u00e9ances d'info o\u00f9 nous nous ferons un plaisir de\u2026","rel":"","context":"Dans &quot;Actualit\u00e9&quot;","img":{"alt_text":"","src":"https:\/\/i0.wp.com\/lasource.be\/wp-content\/uploads\/2025\/12\/Pub-JCMA-Janv26-Juillet26-300x192.png?resize=350%2C200&ssl=1","width":350,"height":200},"classes":[]}],"_links":{"self":[{"href":"https:\/\/lasource.be\/index.php?rest_route=\/wp\/v2\/posts\/2082"}],"collection":[{"href":"https:\/\/lasource.be\/index.php?rest_route=\/wp\/v2\/posts"}],"about":[{"href":"https:\/\/lasource.be\/index.php?rest_route=\/wp\/v2\/types\/post"}],"author":[{"embeddable":true,"href":"https:\/\/lasource.be\/index.php?rest_route=\/wp\/v2\/users\/1"}],"replies":[{"embeddable":true,"href":"https:\/\/lasource.be\/index.php?rest_route=%2Fwp%2Fv2%2Fcomments&post=2082"}],"version-history":[{"count":11,"href":"https:\/\/lasource.be\/index.php?rest_route=\/wp\/v2\/posts\/2082\/revisions"}],"predecessor-version":[{"id":2096,"href":"https:\/\/lasource.be\/index.php?rest_route=\/wp\/v2\/posts\/2082\/revisions\/2096"}],"wp:attachment":[{"href":"https:\/\/lasource.be\/index.php?rest_route=%2Fwp%2Fv2%2Fmedia&parent=2082"}],"wp:term":[{"taxonomy":"category","embeddable":true,"href":"https:\/\/lasource.be\/index.php?rest_route=%2Fwp%2Fv2%2Fcategories&post=2082"},{"taxonomy":"post_tag","embeddable":true,"href":"https:\/\/lasource.be\/index.php?rest_route=%2Fwp%2Fv2%2Ftags&post=2082"}],"curies":[{"name":"wp","href":"https:\/\/api.w.org\/{rel}","templated":true}]}}