{"id":2097,"date":"2023-08-02T15:49:22","date_gmt":"2023-08-02T13:49:22","guid":{"rendered":"https:\/\/lasource.be\/?p=2097"},"modified":"2023-08-02T15:50:57","modified_gmt":"2023-08-02T13:50:57","slug":"nos-stagiaires-a-lhonneur","status":"publish","type":"post","link":"https:\/\/lasource.be\/?p=2097","title":{"rendered":"Stagiaires \u00e0 l&rsquo;honneur !"},"content":{"rendered":"<div data-carousel-extra='{\"blog_id\":1,\"permalink\":\"https:\\\/\\\/lasource.be\\\/?p=2097\"}' id='gallery-1' class='gallery galleryid-2097 gallery-columns-2 gallery-size-full'><figure class='gallery-item'>\n\t\t\t<div class='gallery-icon landscape'>\n\t\t\t\t<a href='https:\/\/lasource.be\/?attachment_id=2098'><img width=\"940\" height=\"788\" src=\"https:\/\/i0.wp.com\/lasource.be\/wp-content\/uploads\/2023\/08\/Felicitations-Perpetue.gif?fit=940%2C788&amp;ssl=1\" class=\"attachment-full size-full\" alt=\"\" decoding=\"async\" loading=\"lazy\" aria-describedby=\"gallery-1-2098\" data-attachment-id=\"2098\" data-permalink=\"https:\/\/lasource.be\/?attachment_id=2098\" data-orig-file=\"https:\/\/i0.wp.com\/lasource.be\/wp-content\/uploads\/2023\/08\/Felicitations-Perpetue.gif?fit=940%2C788&amp;ssl=1\" data-orig-size=\"940,788\" data-comments-opened=\"1\" data-image-meta=\"{&quot;aperture&quot;:&quot;0&quot;,&quot;credit&quot;:&quot;&quot;,&quot;camera&quot;:&quot;&quot;,&quot;caption&quot;:&quot;&quot;,&quot;created_timestamp&quot;:&quot;0&quot;,&quot;copyright&quot;:&quot;&quot;,&quot;focal_length&quot;:&quot;0&quot;,&quot;iso&quot;:&quot;0&quot;,&quot;shutter_speed&quot;:&quot;0&quot;,&quot;title&quot;:&quot;&quot;,&quot;orientation&quot;:&quot;0&quot;}\" data-image-title=\"F\u00e9licitations Perp\u00e9tue\" data-image-description=\"\" data-image-caption=\"&lt;p&gt;F\u00e9licitations Perp\u00e9tue !&lt;\/p&gt;\n\" data-medium-file=\"https:\/\/i0.wp.com\/lasource.be\/wp-content\/uploads\/2023\/08\/Felicitations-Perpetue.gif?fit=300%2C251&amp;ssl=1\" data-large-file=\"https:\/\/i0.wp.com\/lasource.be\/wp-content\/uploads\/2023\/08\/Felicitations-Perpetue.gif?fit=825%2C692&amp;ssl=1\" \/><\/a>\n\t\t\t<\/div>\n\t\t\t\t<figcaption class='wp-caption-text gallery-caption' id='gallery-1-2098'>\n\t\t\t\tF\u00e9licitations Perp\u00e9tue !\n\t\t\t\t<\/figcaption><\/figure><figure class='gallery-item'>\n\t\t\t<div class='gallery-icon landscape'>\n\t\t\t\t<a href='https:\/\/lasource.be\/?attachment_id=2099'><img width=\"940\" height=\"788\" src=\"https:\/\/i0.wp.com\/lasource.be\/wp-content\/uploads\/2023\/08\/Felicitations-Priscilla.gif?fit=940%2C788&amp;ssl=1\" class=\"attachment-full size-full\" alt=\"\" decoding=\"async\" loading=\"lazy\" aria-describedby=\"gallery-1-2099\" data-attachment-id=\"2099\" data-permalink=\"https:\/\/lasource.be\/?attachment_id=2099\" data-orig-file=\"https:\/\/i0.wp.com\/lasource.be\/wp-content\/uploads\/2023\/08\/Felicitations-Priscilla.gif?fit=940%2C788&amp;ssl=1\" data-orig-size=\"940,788\" data-comments-opened=\"1\" data-image-meta=\"{&quot;aperture&quot;:&quot;0&quot;,&quot;credit&quot;:&quot;&quot;,&quot;camera&quot;:&quot;&quot;,&quot;caption&quot;:&quot;&quot;,&quot;created_timestamp&quot;:&quot;0&quot;,&quot;copyright&quot;:&quot;&quot;,&quot;focal_length&quot;:&quot;0&quot;,&quot;iso&quot;:&quot;0&quot;,&quot;shutter_speed&quot;:&quot;0&quot;,&quot;title&quot;:&quot;&quot;,&quot;orientation&quot;:&quot;0&quot;}\" data-image-title=\"F\u00e9licitations Priscilla\" data-image-description=\"\" data-image-caption=\"&lt;p&gt;F\u00e9licitations Priscilla !&lt;\/p&gt;\n\" data-medium-file=\"https:\/\/i0.wp.com\/lasource.be\/wp-content\/uploads\/2023\/08\/Felicitations-Priscilla.gif?fit=300%2C251&amp;ssl=1\" data-large-file=\"https:\/\/i0.wp.com\/lasource.be\/wp-content\/uploads\/2023\/08\/Felicitations-Priscilla.gif?fit=825%2C692&amp;ssl=1\" \/><\/a>\n\t\t\t<\/div>\n\t\t\t\t<figcaption class='wp-caption-text gallery-caption' id='gallery-1-2099'>\n\t\t\t\tF\u00e9licitations Priscilla !\n\t\t\t\t<\/figcaption><\/figure>\n\t\t<\/div>\n\n","protected":false},"excerpt":{"rendered":"","protected":false},"author":1,"featured_media":0,"comment_status":"open","ping_status":"open","sticky":false,"template":"","format":"standard","meta":{"jetpack_post_was_ever_published":false,"jetpack_publicize_message":"","jetpack_is_tweetstorm":false,"jetpack_publicize_feature_enabled":true,"jetpack_social_post_already_shared":true,"jetpack_social_options":[]},"categories":[1],"tags":[],"jetpack_publicize_connections":[],"jetpack_featured_media_url":"","jetpack_sharing_enabled":true,"jetpack_shortlink":"https:\/\/wp.me\/p8UIgU-xP","jetpack-related-posts":[{"id":2558,"url":"https:\/\/lasource.be\/?p=2558","url_meta":{"origin":2097,"position":0},"title":"\ud83d\udc4d Stagiaires \u00e0 l&rsquo;honneur \ud83d\udc4d","date":"12 mars 2024","format":false,"excerpt":"Deux stagiaires de la pr\u00e9c\u00e9dente formation \"Je Cr\u00e9e Mon Avenir\" ont d\u00e9croch\u00e9 un emploi !!! BRAVO \u00e0 eux, nous leur souhaitons beaucoup de r\u00e9ussite dans leurs parcours ! \ud83d\udc4f","rel":"","context":"Dans &quot;Actualit\u00e9&quot;","img":{"alt_text":"","src":"https:\/\/i0.wp.com\/lasource.be\/wp-content\/uploads\/2024\/03\/Eddy.gif?resize=350%2C200","width":350,"height":200},"classes":[]},{"id":2566,"url":"https:\/\/lasource.be\/?p=2566","url_meta":{"origin":2097,"position":1},"title":"\ud83d\udc4d Stagiaire \u00e0 l&rsquo;honneur \ud83d\udc4d","date":"10 avril 2024","format":false,"excerpt":"En ce d\u00e9but du mois d'avril, nous tenons \u00e0 mettre une de nos anciennes stagiaires \u00e0 l'honneur, il s'agit de Nancy. Nancy avait suivi la formation \"Je Cr\u00e9e Mon Avenir\"\u00a0 de septembre 2023 \u00e0 f\u00e9vrier 2024. Elle s'est \u00e9panouie tout au long de son parcours et s'est impliqu\u00e9e \u00e0 fond\u2026","rel":"","context":"Dans &quot;Actualit\u00e9&quot;","img":{"alt_text":"","src":"https:\/\/i0.wp.com\/lasource.be\/wp-content\/uploads\/2024\/04\/Nancy-300x251.gif?resize=350%2C200&ssl=1","width":350,"height":200},"classes":[]},{"id":2071,"url":"https:\/\/lasource.be\/?p=2071","url_meta":{"origin":2097,"position":2},"title":"Petit retour sur la remise des certificats !","date":"18 juillet 2023","format":false,"excerpt":"Le 6 juillet dernier marquait la fin de nos deux formations \u00ab Je Cr\u00e9e Mon Avenir \u00bb et \u00ab Je Booste Mon Avenir \u00bb. Plac\u00e9e sous le signe de la convivialit\u00e9, cette belle journ\u00e9e ensoleill\u00e9e a \u00e9t\u00e9 ponctu\u00e9e de belles interventions et empreinte d\u2019\u00e9motion. C\u2019est au Bastion de Bourgogne, abritant\u2026","rel":"","context":"Dans &quot;Actualit\u00e9&quot;","img":{"alt_text":"","src":"https:\/\/i0.wp.com\/lasource.be\/wp-content\/uploads\/2023\/07\/Remise-des-certificats-Je-Cree-Mon-Avenir-35H-300x157.jpg?resize=350%2C200&ssl=1","width":350,"height":200},"classes":[]},{"id":2001,"url":"https:\/\/lasource.be\/?p=2001","url_meta":{"origin":2097,"position":3},"title":"Remise des certificats pour la formation \u00ab\u00a0Je Cr\u00e9e Mon Avenir\u00a0\u00bb","date":"29 mars 2023","format":false,"excerpt":"Retour sur cette journ\u00e9e sp\u00e9ciale du 27 mars dernier. C'\u00e9tait un jour particulier pour nos stagiaires de la formation \"Je cr\u00e9e mon avenir\" : un jour qui marquait la fin de leur formation de 7 mois. Ce lundi a d\u00e9but\u00e9 par la \"Balade des Poilus\", une marche de 10,5 kms\u2026","rel":"","context":"Dans &quot;Actualit\u00e9&quot;","img":{"alt_text":"","src":"https:\/\/i0.wp.com\/lasource.be\/wp-content\/uploads\/2023\/03\/1-Remise-des-certificats-Je-Cree-Mon-Avenir-35H-1.png?resize=350%2C200","width":350,"height":200},"classes":[]},{"id":2271,"url":"https:\/\/lasource.be\/?p=2271","url_meta":{"origin":2097,"position":4},"title":"Petit drink avec nos stagiaires Bureau&rsquo;TIC","date":"11 ao\u00fbt 2023","format":false,"excerpt":"Jeudi 10 ao\u00fbt... et si on prenait le temps... le temps d'un petit drink avec nos stagiaires de la formation informatique Bureau'TIC ! Un petit drink pour partager un moment privil\u00e9gi\u00e9 et convivial, en toute simplicit\u00e9 Prendre un peu le temps de se d\u00e9couvrir autrement que devant un \u00e9cran d\u2019ordinateur\u2026\u2026","rel":"","context":"Dans &quot;Actualit\u00e9&quot;","img":{"alt_text":"","src":"https:\/\/i0.wp.com\/lasource.be\/wp-content\/uploads\/2023\/08\/IMG_9176-Copie-scaled.jpg?resize=350%2C200","width":350,"height":200},"classes":[]},{"id":2310,"url":"https:\/\/lasource.be\/?p=2310","url_meta":{"origin":2097,"position":5},"title":"Bienvenus au c\u0153ur d&rsquo;une s\u00e9quence d&rsquo;animation un peu particuli\u00e8re \ud83e\uddd1\u200d\ud83c\udf73","date":"26 octobre 2023","format":false,"excerpt":"\u00c0 La Source, les ateliers sont avant tout bas\u00e9s sur l'\u00e9panouissement et la mise en valeur du potentiel de chacun. Vous allez d\u00e9couvrir une apr\u00e8s-midi de formation un peu sp\u00e9ciale, suivez-nous ! La semaine derni\u00e8re, Eddy, un de nos stagiaires de la formation \"Je cr\u00e9e mon avenir\" a coanim\u00e9 le\u2026","rel":"","context":"Dans &quot;Actualit\u00e9&quot;","img":{"alt_text":"","src":"https:\/\/i0.wp.com\/lasource.be\/wp-content\/uploads\/2023\/10\/tuile-de-parmesan.jpg?resize=350%2C200","width":350,"height":200},"classes":[]}],"_links":{"self":[{"href":"https:\/\/lasource.be\/index.php?rest_route=\/wp\/v2\/posts\/2097"}],"collection":[{"href":"https:\/\/lasource.be\/index.php?rest_route=\/wp\/v2\/posts"}],"about":[{"href":"https:\/\/lasource.be\/index.php?rest_route=\/wp\/v2\/types\/post"}],"author":[{"embeddable":true,"href":"https:\/\/lasource.be\/index.php?rest_route=\/wp\/v2\/users\/1"}],"replies":[{"embeddable":true,"href":"https:\/\/lasource.be\/index.php?rest_route=%2Fwp%2Fv2%2Fcomments&post=2097"}],"version-history":[{"count":7,"href":"https:\/\/lasource.be\/index.php?rest_route=\/wp\/v2\/posts\/2097\/revisions"}],"predecessor-version":[{"id":2106,"href":"https:\/\/lasource.be\/index.php?rest_route=\/wp\/v2\/posts\/2097\/revisions\/2106"}],"wp:attachment":[{"href":"https:\/\/lasource.be\/index.php?rest_route=%2Fwp%2Fv2%2Fmedia&parent=2097"}],"wp:term":[{"taxonomy":"category","embeddable":true,"href":"https:\/\/lasource.be\/index.php?rest_route=%2Fwp%2Fv2%2Fcategories&post=2097"},{"taxonomy":"post_tag","embeddable":true,"href":"https:\/\/lasource.be\/index.php?rest_route=%2Fwp%2Fv2%2Ftags&post=2097"}],"curies":[{"name":"wp","href":"https:\/\/api.w.org\/{rel}","templated":true}]}}