{"id":2301,"date":"2023-10-20T15:56:36","date_gmt":"2023-10-20T13:56:36","guid":{"rendered":"https:\/\/lasource.be\/?p=2301"},"modified":"2023-10-20T15:56:36","modified_gmt":"2023-10-20T13:56:36","slug":"%e2%9d%a4%ef%b8%8f-repas-de-soutien-pour-le-viva-for-life-%e2%9d%a4%ef%b8%8f","status":"publish","type":"post","link":"https:\/\/lasource.be\/?p=2301","title":{"rendered":"\u2764\ufe0f Repas de soutien pour le Viva for Life \u2764\ufe0f"},"content":{"rendered":"<p><a href=\"https:\/\/i0.wp.com\/lasource.be\/wp-content\/uploads\/2023\/10\/Viva-for-Life-19-10-2023.jpg?ssl=1\" target=\"_blank\" rel=\"noopener\"><img data-attachment-id=\"2302\" data-permalink=\"https:\/\/lasource.be\/?attachment_id=2302\" data-orig-file=\"https:\/\/i0.wp.com\/lasource.be\/wp-content\/uploads\/2023\/10\/Viva-for-Life-19-10-2023.jpg?fit=2000%2C1600&amp;ssl=1\" data-orig-size=\"2000,1600\" data-comments-opened=\"1\" data-image-meta=\"{&quot;aperture&quot;:&quot;0&quot;,&quot;credit&quot;:&quot;&quot;,&quot;camera&quot;:&quot;&quot;,&quot;caption&quot;:&quot;&quot;,&quot;created_timestamp&quot;:&quot;0&quot;,&quot;copyright&quot;:&quot;&quot;,&quot;focal_length&quot;:&quot;0&quot;,&quot;iso&quot;:&quot;0&quot;,&quot;shutter_speed&quot;:&quot;0&quot;,&quot;title&quot;:&quot;&quot;,&quot;orientation&quot;:&quot;1&quot;}\" data-image-title=\"Viva for Life 19-10-2023\" data-image-description=\"\" data-image-caption=\"\" data-medium-file=\"https:\/\/i0.wp.com\/lasource.be\/wp-content\/uploads\/2023\/10\/Viva-for-Life-19-10-2023.jpg?fit=300%2C240&amp;ssl=1\" data-large-file=\"https:\/\/i0.wp.com\/lasource.be\/wp-content\/uploads\/2023\/10\/Viva-for-Life-19-10-2023.jpg?fit=825%2C660&amp;ssl=1\" decoding=\"async\" loading=\"lazy\" class=\"aligncenter wp-image-2302\" src=\"https:\/\/i0.wp.com\/lasource.be\/wp-content\/uploads\/2023\/10\/Viva-for-Life-19-10-2023.jpg?resize=600%2C480&#038;ssl=1\" alt=\"\" width=\"600\" height=\"480\" srcset=\"https:\/\/i0.wp.com\/lasource.be\/wp-content\/uploads\/2023\/10\/Viva-for-Life-19-10-2023.jpg?resize=300%2C240&amp;ssl=1 300w, https:\/\/i0.wp.com\/lasource.be\/wp-content\/uploads\/2023\/10\/Viva-for-Life-19-10-2023.jpg?resize=1024%2C819&amp;ssl=1 1024w, https:\/\/i0.wp.com\/lasource.be\/wp-content\/uploads\/2023\/10\/Viva-for-Life-19-10-2023.jpg?resize=768%2C614&amp;ssl=1 768w, https:\/\/i0.wp.com\/lasource.be\/wp-content\/uploads\/2023\/10\/Viva-for-Life-19-10-2023.jpg?resize=1536%2C1229&amp;ssl=1 1536w, https:\/\/i0.wp.com\/lasource.be\/wp-content\/uploads\/2023\/10\/Viva-for-Life-19-10-2023.jpg?w=2000&amp;ssl=1 2000w, https:\/\/i0.wp.com\/lasource.be\/wp-content\/uploads\/2023\/10\/Viva-for-Life-19-10-2023.jpg?w=1650&amp;ssl=1 1650w\" sizes=\"(max-width: 600px) 100vw, 600px\" data-recalc-dims=\"1\" \/><\/a><\/p>\n<p>Ce jeudi 19 octobre \u00e9tait une journ\u00e9e tr\u00e8s sp\u00e9ciale pour les participants du Service d&rsquo;Insertion Sociale !<br \/>\nEn effet, toute l&rsquo;\u00e9quipe avait organis\u00e9 un repas au b\u00e9n\u00e9fice du <strong>Viva for Life<\/strong> !<br \/>\nC&rsquo;est dans une ambiance chaleureuse soulign\u00e9e par une d\u00e9coration automnale soign\u00e9e que les invit\u00e9s se sont r\u00e9unis afin de partager ce repas caritatif.<br \/>\nApr\u00e8s avoir partag\u00e9 le verre de l&rsquo;amiti\u00e9 (un d\u00e9licieux mojito sans alcool, car sans alcool, la f\u00eate est plus folle !!!), les invit\u00e9s ext\u00e9rieurs accompagn\u00e9s des membres du SIS et du personnel de La Source ont pu d\u00e9guster un d\u00e9licieux spaghetti pr\u00e9par\u00e9 par les bons soins des participants.<br \/>\nCette belle journ\u00e9e ensoleill\u00e9e s&rsquo;est termin\u00e9e par un note d\u00e9licieusement sucr\u00e9e avec un crumble aux pommes fait maison.<br \/>\n<strong>BRAVO<\/strong> et <strong>MERCI<\/strong> au Service d&rsquo;Insertion Sociale et \u00e0 tous les participants pour leur g\u00e9n\u00e9rosit\u00e9 et leur belle d\u00e9marche de solidarit\u00e9\u00a0 <span id=\"copy-emoji\" class=\"efont\">\u2764\ufe0f<\/span><\/p>\n<p><img data-attachment-id=\"2303\" data-permalink=\"https:\/\/lasource.be\/?attachment_id=2303\" data-orig-file=\"https:\/\/i0.wp.com\/lasource.be\/wp-content\/uploads\/2023\/10\/10.jpg?fit=560%2C296&amp;ssl=1\" data-orig-size=\"560,296\" data-comments-opened=\"1\" data-image-meta=\"{&quot;aperture&quot;:&quot;0&quot;,&quot;credit&quot;:&quot;&quot;,&quot;camera&quot;:&quot;&quot;,&quot;caption&quot;:&quot;&quot;,&quot;created_timestamp&quot;:&quot;0&quot;,&quot;copyright&quot;:&quot;&quot;,&quot;focal_length&quot;:&quot;0&quot;,&quot;iso&quot;:&quot;0&quot;,&quot;shutter_speed&quot;:&quot;0&quot;,&quot;title&quot;:&quot;&quot;,&quot;orientation&quot;:&quot;1&quot;}\" data-image-title=\"10\" data-image-description=\"\" data-image-caption=\"\" data-medium-file=\"https:\/\/i0.wp.com\/lasource.be\/wp-content\/uploads\/2023\/10\/10.jpg?fit=300%2C159&amp;ssl=1\" data-large-file=\"https:\/\/i0.wp.com\/lasource.be\/wp-content\/uploads\/2023\/10\/10.jpg?fit=560%2C296&amp;ssl=1\" decoding=\"async\" loading=\"lazy\" class=\"aligncenter wp-image-2303\" src=\"https:\/\/i0.wp.com\/lasource.be\/wp-content\/uploads\/2023\/10\/10.jpg?resize=200%2C106&#038;ssl=1\" alt=\"\" width=\"200\" height=\"106\" srcset=\"https:\/\/i0.wp.com\/lasource.be\/wp-content\/uploads\/2023\/10\/10.jpg?resize=300%2C159&amp;ssl=1 300w, https:\/\/i0.wp.com\/lasource.be\/wp-content\/uploads\/2023\/10\/10.jpg?w=560&amp;ssl=1 560w\" sizes=\"(max-width: 200px) 100vw, 200px\" data-recalc-dims=\"1\" \/><\/p>\n<p>&nbsp;<\/p>\n","protected":false},"excerpt":{"rendered":"<p>Ce jeudi 19 octobre \u00e9tait une journ\u00e9e tr\u00e8s sp\u00e9ciale pour les participants du Service d&rsquo;Insertion Sociale ! En effet, toute l&rsquo;\u00e9quipe avait organis\u00e9 un repas au b\u00e9n\u00e9fice du Viva for&hellip; <a href=\"https:\/\/lasource.be\/?p=2301\" class=\"more-link\">Lire la suite <span class=\"screen-reader-text\">\u2764\ufe0f Repas de soutien pour le Viva for Life \u2764\ufe0f<\/span><\/a><\/p>\n","protected":false},"author":1,"featured_media":0,"comment_status":"open","ping_status":"open","sticky":false,"template":"","format":"standard","meta":{"jetpack_post_was_ever_published":false,"jetpack_publicize_message":"","jetpack_is_tweetstorm":false,"jetpack_publicize_feature_enabled":true,"jetpack_social_post_already_shared":true,"jetpack_social_options":[]},"categories":[1],"tags":[],"jetpack_publicize_connections":[],"jetpack_featured_media_url":"","jetpack_sharing_enabled":true,"jetpack_shortlink":"https:\/\/wp.me\/p8UIgU-B7","jetpack-related-posts":[{"id":2001,"url":"https:\/\/lasource.be\/?p=2001","url_meta":{"origin":2301,"position":0},"title":"Remise des certificats pour la formation \u00ab\u00a0Je Cr\u00e9e Mon Avenir\u00a0\u00bb","date":"29 mars 2023","format":false,"excerpt":"Retour sur cette journ\u00e9e sp\u00e9ciale du 27 mars dernier. C'\u00e9tait un jour particulier pour nos stagiaires de la formation \"Je cr\u00e9e mon avenir\" : un jour qui marquait la fin de leur formation de 7 mois. Ce lundi a d\u00e9but\u00e9 par la \"Balade des Poilus\", une marche de 10,5 kms\u2026","rel":"","context":"Dans &quot;Actualit\u00e9&quot;","img":{"alt_text":"","src":"https:\/\/i0.wp.com\/lasource.be\/wp-content\/uploads\/2023\/03\/1-Remise-des-certificats-Je-Cree-Mon-Avenir-35H-1.png?resize=350%2C200","width":350,"height":200},"classes":[]},{"id":436,"url":"https:\/\/lasource.be\/?p=436","url_meta":{"origin":2301,"position":1},"title":"Journ\u00e9e Interculturelle  \u00ab\u00a0Les arbres du monde\u00a0\u00bb &#8211; Le 07 octobre \u00e0 Bouillon","date":"21 septembre 2017","format":false,"excerpt":"En partenariat avec F\u00e9d\u00e9ration Wallonie-Bruxelles, La Province de Luxembourg et la Biblioth\u00e8que communale de Bouillon, l'asbl La Source a le plaisir de vous inviter \u00e0 sa Journ\u00e9e Interculturelle \"Les arbres du monde\". Tout au long de la journ\u00e9e du samedi 07 octobre \u00e0 partir de 15h30, venez d\u00e9couvrir nos diverses\u2026","rel":"","context":"Dans &quot;Actualit\u00e9&quot;","img":{"alt_text":"","src":"https:\/\/i0.wp.com\/lasource.be\/wp-content\/uploads\/2017\/09\/Les-arbres-du-monde-affiche-Bastion-Facebook-212x300.png?resize=350%2C200","width":350,"height":200},"classes":[]},{"id":547,"url":"https:\/\/lasource.be\/?p=547","url_meta":{"origin":2301,"position":2},"title":"Journ\u00e9e Interculturelle \u00ab\u00a0Les arbres du monde\u00a0\u00bb","date":"11 octobre 2017","format":false,"excerpt":"Le samedi\u00a07 octobre\u00a0s'est d\u00e9roul\u00e9e notre\u00a0journ\u00e9e interculturelle. Retour sur ce magnifique \u00e9v\u00e8nement : Cette superbe journ\u00e9e d'octobre a d\u00e9but\u00e9 par un floril\u00e8ge d'activit\u00e9s qui nous a fait voyager \u00e0 travers diff\u00e9rentes cultures. Les festivit\u00e9s ont commenc\u00e9 \u00e0 La Poulie avec J\u00e9r\u00f4me qui nous a propos\u00e9 une d\u00e9monstration de bols chantants tib\u00e9tains.\u00a0\u2026","rel":"","context":"Dans &quot;Actualit\u00e9&quot;","img":{"alt_text":"","src":"https:\/\/i0.wp.com\/lasource.be\/wp-content\/uploads\/2017\/10\/1-1024x576.jpg?resize=350%2C200","width":350,"height":200},"classes":[]},{"id":847,"url":"https:\/\/lasource.be\/?p=847","url_meta":{"origin":2301,"position":3},"title":"Souper annuel de La Source","date":"11 octobre 2018","format":false,"excerpt":"Bonjour \u00e0 toutes et \u00e0 tous, Voici venu le moment de vous inviter au souper annuel de notre asbl :) Rendez-vous le vendredi 16 novembre d\u00e8s 19h00 \u00e0 la salle \"La Ca\u00efolire\" de Noirefontaine. Cette ann\u00e9e, nous vous proposons une formule \"Cheese & Wine\" o\u00f9 seront mis \u00e0 l'honneur une\u2026","rel":"","context":"Dans &quot;Actualit\u00e9&quot;","img":{"alt_text":"","src":"https:\/\/i0.wp.com\/lasource.be\/wp-content\/uploads\/2018\/10\/Affiche-Cheese-and-Wine-finish.gif?resize=350%2C200","width":350,"height":200},"classes":[]},{"id":2529,"url":"https:\/\/lasource.be\/?p=2529","url_meta":{"origin":2301,"position":4},"title":"\ud83c\udf93 Retour en images sur la remise des certificats de la formation JCMA 35H \ud83c\udf93","date":"29 f\u00e9vrier 2024","format":false,"excerpt":"Vendredi 23 f\u00e9vrier, l'\u00e9quipe de La Source et les stagiaires, accompagn\u00e9s de leurs amis et familles, se sont r\u00e9unis \u00e0 l'Acad\u00e9mie de Musique de Bouillon afin de proc\u00e9der \u00e0 la remise des certificats de la formation \"Je Cr\u00e9e Mon Avenir\" qui arrivait \u00e0 son terme. \u270d\ufe0f Ce moment de partage\u2026","rel":"","context":"Dans &quot;Actualit\u00e9&quot;","img":{"alt_text":"","src":"https:\/\/i0.wp.com\/lasource.be\/wp-content\/uploads\/2024\/02\/1.png?resize=350%2C200","width":350,"height":200},"classes":[]},{"id":1166,"url":"https:\/\/lasource.be\/?p=1166","url_meta":{"origin":2301,"position":5},"title":"EMOTION","date":"7 f\u00e9vrier 2020","format":false,"excerpt":"Dans le cadre du projet \"Initiative Locale d'Int\u00e9gration\", La Source va bient\u00f4t d\u00e9marrer un nouveau projet ! \u00c9MOTION : c'est le nom donn\u00e9 \u00e0 ce beau projet qui vous permettra de vous exprimer, de partager, de cr\u00e9er, de dessiner une \u00e9tincelle dans les yeux de chacun et la partager... A\u2026","rel":"","context":"Dans &quot;Actualit\u00e9&quot;","img":{"alt_text":"","src":"https:\/\/i0.wp.com\/lasource.be\/wp-content\/uploads\/2020\/02\/Emotion-Finish-logo-Bouillon-212x300.png?resize=350%2C200","width":350,"height":200},"classes":[]}],"_links":{"self":[{"href":"https:\/\/lasource.be\/index.php?rest_route=\/wp\/v2\/posts\/2301"}],"collection":[{"href":"https:\/\/lasource.be\/index.php?rest_route=\/wp\/v2\/posts"}],"about":[{"href":"https:\/\/lasource.be\/index.php?rest_route=\/wp\/v2\/types\/post"}],"author":[{"embeddable":true,"href":"https:\/\/lasource.be\/index.php?rest_route=\/wp\/v2\/users\/1"}],"replies":[{"embeddable":true,"href":"https:\/\/lasource.be\/index.php?rest_route=%2Fwp%2Fv2%2Fcomments&post=2301"}],"version-history":[{"count":6,"href":"https:\/\/lasource.be\/index.php?rest_route=\/wp\/v2\/posts\/2301\/revisions"}],"predecessor-version":[{"id":2309,"href":"https:\/\/lasource.be\/index.php?rest_route=\/wp\/v2\/posts\/2301\/revisions\/2309"}],"wp:attachment":[{"href":"https:\/\/lasource.be\/index.php?rest_route=%2Fwp%2Fv2%2Fmedia&parent=2301"}],"wp:term":[{"taxonomy":"category","embeddable":true,"href":"https:\/\/lasource.be\/index.php?rest_route=%2Fwp%2Fv2%2Fcategories&post=2301"},{"taxonomy":"post_tag","embeddable":true,"href":"https:\/\/lasource.be\/index.php?rest_route=%2Fwp%2Fv2%2Ftags&post=2301"}],"curies":[{"name":"wp","href":"https:\/\/api.w.org\/{rel}","templated":true}]}}