{"id":2310,"date":"2023-10-26T14:43:19","date_gmt":"2023-10-26T12:43:19","guid":{"rendered":"https:\/\/lasource.be\/?p=2310"},"modified":"2023-10-26T14:43:19","modified_gmt":"2023-10-26T12:43:19","slug":"bienvenus-au-coeur-dune-sequence-danimation-un-peu-particuliere-%f0%9f%a7%91%f0%9f%8d%b3","status":"publish","type":"post","link":"https:\/\/lasource.be\/?p=2310","title":{"rendered":"Bienvenus au c\u0153ur d&rsquo;une s\u00e9quence d&rsquo;animation un peu particuli\u00e8re \ud83e\uddd1\u200d\ud83c\udf73"},"content":{"rendered":"<div class=\"\" dir=\"auto\">\n<div id=\":r46h:\" class=\"x1iorvi4 x1pi30zi x1l90r2v x1swvt13\" data-ad-comet-preview=\"message\" data-ad-preview=\"message\">\n<div class=\"x78zum5 xdt5ytf xz62fqu x16ldp7u\">\n<div class=\"xu06os2 x1ok221b\">\n<div class=\"xdj266r x11i5rnm xat24cr x1mh8g0r x1vvkbs x126k92a\">\n<div dir=\"auto\"><a href=\"https:\/\/i0.wp.com\/lasource.be\/wp-content\/uploads\/2023\/10\/Atelier-Cuisiner-en-neerlandais-1.gif?ssl=1\" target=\"_blank\" rel=\"noopener\"><img data-attachment-id=\"2313\" data-permalink=\"https:\/\/lasource.be\/?attachment_id=2313\" data-orig-file=\"https:\/\/i0.wp.com\/lasource.be\/wp-content\/uploads\/2023\/10\/Atelier-Cuisiner-en-neerlandais-1.gif?fit=940%2C788&amp;ssl=1\" data-orig-size=\"940,788\" data-comments-opened=\"1\" data-image-meta=\"{&quot;aperture&quot;:&quot;0&quot;,&quot;credit&quot;:&quot;&quot;,&quot;camera&quot;:&quot;&quot;,&quot;caption&quot;:&quot;&quot;,&quot;created_timestamp&quot;:&quot;0&quot;,&quot;copyright&quot;:&quot;&quot;,&quot;focal_length&quot;:&quot;0&quot;,&quot;iso&quot;:&quot;0&quot;,&quot;shutter_speed&quot;:&quot;0&quot;,&quot;title&quot;:&quot;&quot;,&quot;orientation&quot;:&quot;0&quot;}\" data-image-title=\"Atelier \u201cCuisiner en n\u00e9erlandais\u201d (1)\" data-image-description=\"\" data-image-caption=\"\" data-medium-file=\"https:\/\/i0.wp.com\/lasource.be\/wp-content\/uploads\/2023\/10\/Atelier-Cuisiner-en-neerlandais-1.gif?fit=300%2C251&amp;ssl=1\" data-large-file=\"https:\/\/i0.wp.com\/lasource.be\/wp-content\/uploads\/2023\/10\/Atelier-Cuisiner-en-neerlandais-1.gif?fit=825%2C692&amp;ssl=1\" decoding=\"async\" loading=\"lazy\" class=\"aligncenter wp-image-2313\" src=\"https:\/\/i0.wp.com\/lasource.be\/wp-content\/uploads\/2023\/10\/Atelier-Cuisiner-en-neerlandais-1.gif?resize=500%2C419&#038;ssl=1\" alt=\"\" width=\"500\" height=\"419\" srcset=\"https:\/\/i0.wp.com\/lasource.be\/wp-content\/uploads\/2023\/10\/Atelier-Cuisiner-en-neerlandais-1.gif?resize=300%2C251&amp;ssl=1 300w, https:\/\/i0.wp.com\/lasource.be\/wp-content\/uploads\/2023\/10\/Atelier-Cuisiner-en-neerlandais-1.gif?resize=768%2C644&amp;ssl=1 768w\" sizes=\"(max-width: 500px) 100vw, 500px\" data-recalc-dims=\"1\" \/><\/a><\/div>\n<div dir=\"auto\">\u00c0 La Source, les ateliers sont avant tout bas\u00e9s sur l&rsquo;\u00e9panouissement et la mise en valeur du potentiel de chacun.<\/div>\n<div dir=\"auto\">Vous allez d\u00e9couvrir une apr\u00e8s-midi de formation un peu sp\u00e9ciale, suivez-nous !<\/div>\n<div dir=\"auto\">La semaine derni\u00e8re, Eddy, un de nos stagiaires de la formation \u00ab\u00a0Je cr\u00e9e mon avenir\u00a0\u00bb a coanim\u00e9 le cours de n\u00e9erlandais avec notre formatrice Conny.<\/div>\n<div dir=\"auto\"><strong>Au programme : atelier cuisine, en n\u00e9erlandais bien s\u00fbr !<\/strong><\/div>\n<div dir=\"auto\">En parall\u00e8le, Rebecca et Alexander, stagiaires de la formation bureautique, ont r\u00e9alis\u00e9 la mise en page des deux recettes.<\/div>\n<div dir=\"auto\">Faisant preuve d&rsquo;une grande p\u00e9dagogie, Eddy a pu partager avec beaucoup de s\u00e9rieux ses talents culinaires et connaissances linguistiques.<\/div>\n<div dir=\"auto\">Les stagiaires ont jou\u00e9 le jeu, super attentifs et respectueux. Ils ont dans un premier temps abord\u00e9 le vocabulaire de la recette et sont ensuite pass\u00e9s en cuisine pour la r\u00e9alisation d&rsquo;un bon risotto accompagn\u00e9 de sa tuile au parmesan ! <span class=\"x3nfvp2 x1j61x8r x1fcty0u xdj266r xhhsvwb xat24cr xgzva0m xxymvpz xlup9mm x1kky2od\"><img decoding=\"async\" loading=\"lazy\" class=\"xz74otr\" src=\"https:\/\/static.xx.fbcdn.net\/images\/emoji.php\/v9\/t30\/1.5\/16\/1f35a.png\" alt=\"\ud83c\udf5a\" width=\"16\" height=\"16\" \/><\/span><\/div>\n<div dir=\"auto\">Chacun a pu repartir avec sa portion <span class=\"x3nfvp2 x1j61x8r x1fcty0u xdj266r xhhsvwb xat24cr xgzva0m xxymvpz xlup9mm x1kky2od\"><img decoding=\"async\" loading=\"lazy\" class=\"xz74otr\" src=\"https:\/\/static.xx.fbcdn.net\/images\/emoji.php\/v9\/t10\/1.5\/16\/1f917.png\" alt=\"\ud83e\udd17\" width=\"16\" height=\"16\" \/><\/span><\/div>\n<div dir=\"auto\">Cet atelier, bas\u00e9 sur l&rsquo;\u00e9change et emprunt d&rsquo;une belle complicit\u00e9, \u00e9tait une belle r\u00e9ussite.<\/div>\n<div dir=\"auto\"><strong>BRAVO \u00e0 tous !<\/strong><\/div>\n<\/div>\n<div class=\"x11i5rnm xat24cr x1mh8g0r x1vvkbs xtlvy1s x126k92a\">\n<p dir=\"auto\"><span class=\"x3nfvp2 x1j61x8r x1fcty0u xdj266r xhhsvwb xat24cr xgzva0m xxymvpz xlup9mm x1kky2od\"><img decoding=\"async\" loading=\"lazy\" class=\"xz74otr\" src=\"https:\/\/static.xx.fbcdn.net\/images\/emoji.php\/v9\/tdd\/1.5\/16\/1f381.png\" alt=\"\ud83c\udf81\" width=\"16\" height=\"16\" \/><\/span> <em>Cadeau : nous vous offrons les deux recettes ! \u00c0 vous de jouer maintenant<\/em> \u00a0<span class=\"x3nfvp2 x1j61x8r x1fcty0u xdj266r xhhsvwb xat24cr xgzva0m xxymvpz xlup9mm x1kky2od\"><img decoding=\"async\" loading=\"lazy\" class=\"xz74otr\" src=\"https:\/\/static.xx.fbcdn.net\/images\/emoji.php\/v9\/tb0\/1.5\/16\/1f609.png\" alt=\"\ud83d\ude09\" width=\"16\" height=\"16\" \/><\/span><\/p>\n<\/div>\n<div class=\"x11i5rnm xat24cr x1mh8g0r x1vvkbs xtlvy1s x126k92a\">\n<div dir=\"auto\"><strong>Eet Smakelijk !<\/strong> <span class=\"x3nfvp2 x1j61x8r x1fcty0u xdj266r xhhsvwb xat24cr xgzva0m xxymvpz xlup9mm x1kky2od\"><img decoding=\"async\" loading=\"lazy\" class=\"xz74otr\" src=\"https:\/\/static.xx.fbcdn.net\/images\/emoji.php\/v9\/t59\/1.5\/16\/1f60b.png\" alt=\"\ud83d\ude0b\" width=\"16\" height=\"16\" \/><\/span><\/div>\n<\/div>\n<\/div>\n<div dir=\"auto\">\n<div class=\"tiled-gallery type-rectangular tiled-gallery-unresized\" data-original-width=\"825\" data-carousel-extra='{&quot;blog_id&quot;:1,&quot;permalink&quot;:&quot;https:\\\/\\\/lasource.be\\\/?p=2310&quot;,&quot;likes_blog_id&quot;:131727240}' itemscope itemtype=\"http:\/\/schema.org\/ImageGallery\" > <div class=\"gallery-row\" style=\"width: 825px; height: 582px;\" data-original-width=\"825\" data-original-height=\"582\" > <div class=\"gallery-group images-1\" style=\"width: 413px; height: 582px;\" data-original-width=\"413\" data-original-height=\"582\" > <div class=\"tiled-gallery-item tiled-gallery-item-large\" itemprop=\"associatedMedia\" itemscope itemtype=\"http:\/\/schema.org\/ImageObject\"> <a href=\"https:\/\/lasource.be\/?attachment_id=2318\" border=\"0\" itemprop=\"url\"> <meta itemprop=\"width\" content=\"409\"> <meta itemprop=\"height\" content=\"578\"> <img data-attachment-id=\"2318\" data-orig-file=\"https:\/\/lasource.be\/wp-content\/uploads\/2023\/10\/tuile-de-parmesan.jpg\" data-orig-size=\"1240,1754\" data-comments-opened=\"1\" data-image-meta=\"{&quot;aperture&quot;:&quot;0&quot;,&quot;credit&quot;:&quot;&quot;,&quot;camera&quot;:&quot;&quot;,&quot;caption&quot;:&quot;&quot;,&quot;created_timestamp&quot;:&quot;0&quot;,&quot;copyright&quot;:&quot;&quot;,&quot;focal_length&quot;:&quot;0&quot;,&quot;iso&quot;:&quot;0&quot;,&quot;shutter_speed&quot;:&quot;0&quot;,&quot;title&quot;:&quot;&quot;,&quot;orientation&quot;:&quot;0&quot;}\" data-image-title=\"tuile de parmesan\" data-image-description=\"\" data-medium-file=\"https:\/\/i0.wp.com\/lasource.be\/wp-content\/uploads\/2023\/10\/tuile-de-parmesan.jpg?fit=212%2C300&#038;ssl=1\" data-large-file=\"https:\/\/i0.wp.com\/lasource.be\/wp-content\/uploads\/2023\/10\/tuile-de-parmesan.jpg?fit=724%2C1024&#038;ssl=1\" src=\"https:\/\/i0.wp.com\/lasource.be\/wp-content\/uploads\/2023\/10\/tuile-de-parmesan.jpg?w=409&#038;h=578&#038;ssl=1\" width=\"409\" height=\"578\" data-original-width=\"409\" data-original-height=\"578\" itemprop=\"http:\/\/schema.org\/image\" title=\"tuile de parmesan\" alt=\"La recette des tuiles de parmesan\" style=\"width: 409px; height: 578px;\" \/> <\/a> <div class=\"tiled-gallery-caption\" itemprop=\"caption description\"> La recette des tuiles de parmesan <\/div> <\/div> <\/div> <!-- close group --> <div class=\"gallery-group images-1\" style=\"width: 412px; height: 582px;\" data-original-width=\"412\" data-original-height=\"582\" > <div class=\"tiled-gallery-item tiled-gallery-item-large\" itemprop=\"associatedMedia\" itemscope itemtype=\"http:\/\/schema.org\/ImageObject\"> <a href=\"https:\/\/lasource.be\/?attachment_id=2317\" border=\"0\" itemprop=\"url\"> <meta itemprop=\"width\" content=\"408\"> <meta itemprop=\"height\" content=\"578\"> <img data-attachment-id=\"2317\" data-orig-file=\"https:\/\/lasource.be\/wp-content\/uploads\/2023\/10\/recette-risotto.jpg\" data-orig-size=\"1240,1754\" data-comments-opened=\"1\" data-image-meta=\"{&quot;aperture&quot;:&quot;0&quot;,&quot;credit&quot;:&quot;&quot;,&quot;camera&quot;:&quot;&quot;,&quot;caption&quot;:&quot;&quot;,&quot;created_timestamp&quot;:&quot;0&quot;,&quot;copyright&quot;:&quot;&quot;,&quot;focal_length&quot;:&quot;0&quot;,&quot;iso&quot;:&quot;0&quot;,&quot;shutter_speed&quot;:&quot;0&quot;,&quot;title&quot;:&quot;&quot;,&quot;orientation&quot;:&quot;0&quot;}\" data-image-title=\"recette risotto\" data-image-description=\"\" data-medium-file=\"https:\/\/i0.wp.com\/lasource.be\/wp-content\/uploads\/2023\/10\/recette-risotto.jpg?fit=212%2C300&#038;ssl=1\" data-large-file=\"https:\/\/i0.wp.com\/lasource.be\/wp-content\/uploads\/2023\/10\/recette-risotto.jpg?fit=724%2C1024&#038;ssl=1\" src=\"https:\/\/i0.wp.com\/lasource.be\/wp-content\/uploads\/2023\/10\/recette-risotto.jpg?w=408&#038;h=578&#038;ssl=1\" width=\"408\" height=\"578\" data-original-width=\"408\" data-original-height=\"578\" itemprop=\"http:\/\/schema.org\/image\" title=\"recette risotto\" alt=\"La recette du Risotto\" style=\"width: 408px; height: 578px;\" \/> <\/a> <div class=\"tiled-gallery-caption\" itemprop=\"caption description\"> La recette du Risotto <\/div> <\/div> <\/div> <!-- close group --> <\/div> <!-- close row --> <\/div>\n<\/div>\n<div class=\"xu06os2 x1ok221b\">\n<div dir=\"auto\"><\/div>\n<\/div>\n<\/div>\n<\/div>\n<\/div>\n","protected":false},"excerpt":{"rendered":"<p>\u00c0 La Source, les ateliers sont avant tout bas\u00e9s sur l&rsquo;\u00e9panouissement et la mise en valeur du potentiel de chacun. Vous allez d\u00e9couvrir une apr\u00e8s-midi de formation un peu sp\u00e9ciale,&hellip; <a href=\"https:\/\/lasource.be\/?p=2310\" class=\"more-link\">Lire la suite <span class=\"screen-reader-text\">Bienvenus au c\u0153ur d&rsquo;une s\u00e9quence d&rsquo;animation un peu particuli\u00e8re \ud83e\uddd1\u200d\ud83c\udf73<\/span><\/a><\/p>\n","protected":false},"author":1,"featured_media":0,"comment_status":"open","ping_status":"open","sticky":false,"template":"","format":"standard","meta":{"jetpack_post_was_ever_published":false,"jetpack_publicize_message":"","jetpack_is_tweetstorm":false,"jetpack_publicize_feature_enabled":true,"jetpack_social_post_already_shared":true,"jetpack_social_options":[]},"categories":[1],"tags":[],"jetpack_publicize_connections":[],"jetpack_featured_media_url":"","jetpack_sharing_enabled":true,"jetpack_shortlink":"https:\/\/wp.me\/p8UIgU-Bg","jetpack-related-posts":[{"id":1566,"url":"https:\/\/lasource.be\/?p=1566","url_meta":{"origin":2310,"position":0},"title":"!!! Votre nouvelle formation \u00ab\u00a0Je cr\u00e9e mon avenir\u00a0\u00bb d\u00e9bute au mois de SEPTEMBRE !!!","date":"30 juillet 2021","format":false,"excerpt":"Nous sommes encore en \u00e9t\u00e9 (m\u00eame si le temps maussade nous en fait quelque peu douter...) et doucement, la rentr\u00e9e se profile \u00e0 l'horizon. Symbolique rentr\u00e9e du mois de septembre ! Tout comme nos \u00e9coliers, \"la rentr\u00e9e\" est synonyme de nouveau d\u00e9part, de projets, de questionnements et surtout\u00a0 d'avenir !\u2026","rel":"","context":"Dans &quot;Actualit\u00e9&quot;","img":{"alt_text":"","src":"https:\/\/i0.wp.com\/lasource.be\/wp-content\/uploads\/2021\/07\/Projet-Pub-Proximag-octobre-2021-JCMA-35-300x300.png?resize=350%2C200","width":350,"height":200},"classes":[]},{"id":2001,"url":"https:\/\/lasource.be\/?p=2001","url_meta":{"origin":2310,"position":1},"title":"Remise des certificats pour la formation \u00ab\u00a0Je Cr\u00e9e Mon Avenir\u00a0\u00bb","date":"29 mars 2023","format":false,"excerpt":"Retour sur cette journ\u00e9e sp\u00e9ciale du 27 mars dernier. C'\u00e9tait un jour particulier pour nos stagiaires de la formation \"Je cr\u00e9e mon avenir\" : un jour qui marquait la fin de leur formation de 7 mois. Ce lundi a d\u00e9but\u00e9 par la \"Balade des Poilus\", une marche de 10,5 kms\u2026","rel":"","context":"Dans &quot;Actualit\u00e9&quot;","img":{"alt_text":"","src":"https:\/\/i0.wp.com\/lasource.be\/wp-content\/uploads\/2023\/03\/1-Remise-des-certificats-Je-Cree-Mon-Avenir-35H-1.png?resize=350%2C200","width":350,"height":200},"classes":[]},{"id":2762,"url":"https:\/\/lasource.be\/?p=2762","url_meta":{"origin":2310,"position":2},"title":"\ud83d\udce3\u200b Votre formation \u00ab\u00a0Je Cr\u00e9e Mon Avenir\u00a0\u00bb is back !!! Tous \u00e0 vos agendas !!! \ud83d\udcdd","date":"6 ao\u00fbt 2025","format":false,"excerpt":"Nous sommes encore au mois d'ao\u00fbt mais il est d\u00e9j\u00e0 temps de penser doucement \u00e0 pr\u00e9parer activement votre rentr\u00e9e\u2026 \u00c0 partir du 08 septembre prochain, notre formation \"Je Cr\u00e9e Mon Avenir\" fait son retour !!! Vous avez besoin d'un accompagnement pour construire votre projet professionnel ?\u00a0 Cette formation est pour\u2026","rel":"","context":"Dans &quot;Actualit\u00e9&quot;","img":{"alt_text":"","src":"https:\/\/i0.wp.com\/lasource.be\/wp-content\/uploads\/2025\/08\/Pub-JCMA-Sept25-Fev26-300x192.png?resize=350%2C200&ssl=1","width":350,"height":200},"classes":[]},{"id":1250,"url":"https:\/\/lasource.be\/?p=1250","url_meta":{"origin":2310,"position":3},"title":"Bient\u00f4t la rentr\u00e9e ! Nouvelle formation \u00ab\u00a0Je Cr\u00e9e Mon Avenir\u00a0\u00bb 35h\/semaine","date":"20 ao\u00fbt 2020","format":false,"excerpt":"C'est avec grand plaisir que nous vous informons que notre nouvelle formation \u00ab\u00a0Je Cr\u00e9e Mon Avenir\u00a0\u00bb (35h\/semaine) recommence au mois d'octobre 2020 ! Voici les dates \u00e0 retenir : La formation \u00ab\u00a0Je Cr\u00e9e Mon Avenir\u00a0\u00bb 35h\/semaine d\u00e9butera le lundi 05 octobre 2020 (pour une dur\u00e9e de 9 mois) S\u00e9ance d\u2019info\u2026","rel":"","context":"Dans &quot;Actualit\u00e9&quot;","img":{"alt_text":"","src":"https:\/\/i0.wp.com\/lasource.be\/wp-content\/uploads\/2020\/08\/Pub-Vlan-octobre-2020-35h-FINISH-300x219.png?resize=350%2C200","width":350,"height":200},"classes":[]},{"id":721,"url":"https:\/\/lasource.be\/?p=721","url_meta":{"origin":2310,"position":4},"title":"L&rsquo;Atelier du Num\u00e9rique : nouveau module de formation","date":"15 f\u00e9vrier 2018","format":false,"excerpt":"Dans le cadre de son \"Atelier du Num\u00e9rique\", l'Asbl La Source vous propose son second atelier consacr\u00e9 au stockage des donn\u00e9es en toute s\u00e9curit\u00e9. Le module \"S\u00e9curisez vos donn\u00e9es\" se d\u00e9roulera mardi 20 f\u00e9vrier 2018 de 8h30 \u00e0 12h00. Pour tout renseignement, contactez-nous au 061\/46 86 88. Bienvenue \u00e0 tous\u2026","rel":"","context":"Dans &quot;Actualit\u00e9&quot;","img":{"alt_text":"","src":"https:\/\/i0.wp.com\/lasource.be\/wp-content\/uploads\/2018\/02\/programme-sauvegarde-de-donn\u00c3\u00a9es-212x300.png?resize=350%2C200","width":350,"height":200},"classes":[]},{"id":708,"url":"https:\/\/lasource.be\/?p=708","url_meta":{"origin":2310,"position":5},"title":"Nouveau \u00e0 La Source : L&rsquo;Atelier du Num\u00e9rique","date":"23 janvier 2018","format":false,"excerpt":"Bienvenue dans notre Atelier du Num\u00e9rique ! Nous vous invitons chaque 3\u00e8me mardi du mois \u00e0 participer \u00e0 nos ateliers th\u00e9matiques bas\u00e9s sur l'apprentissage des nouvelles technologies de l'information et de la communication (les NTIC). Ces nouvelles formations sont ouvertes au grand public et sont gratuites pour les demandeurs d'emploi.\u2026","rel":"","context":"Dans &quot;Actualit\u00e9&quot;","img":{"alt_text":"","src":"https:\/\/i0.wp.com\/lasource.be\/wp-content\/uploads\/2018\/01\/en-tete-th\u00c3\u00a9matiques-300x153.png?resize=350%2C200","width":350,"height":200},"classes":[]}],"_links":{"self":[{"href":"https:\/\/lasource.be\/index.php?rest_route=\/wp\/v2\/posts\/2310"}],"collection":[{"href":"https:\/\/lasource.be\/index.php?rest_route=\/wp\/v2\/posts"}],"about":[{"href":"https:\/\/lasource.be\/index.php?rest_route=\/wp\/v2\/types\/post"}],"author":[{"embeddable":true,"href":"https:\/\/lasource.be\/index.php?rest_route=\/wp\/v2\/users\/1"}],"replies":[{"embeddable":true,"href":"https:\/\/lasource.be\/index.php?rest_route=%2Fwp%2Fv2%2Fcomments&post=2310"}],"version-history":[{"count":11,"href":"https:\/\/lasource.be\/index.php?rest_route=\/wp\/v2\/posts\/2310\/revisions"}],"predecessor-version":[{"id":2324,"href":"https:\/\/lasource.be\/index.php?rest_route=\/wp\/v2\/posts\/2310\/revisions\/2324"}],"wp:attachment":[{"href":"https:\/\/lasource.be\/index.php?rest_route=%2Fwp%2Fv2%2Fmedia&parent=2310"}],"wp:term":[{"taxonomy":"category","embeddable":true,"href":"https:\/\/lasource.be\/index.php?rest_route=%2Fwp%2Fv2%2Fcategories&post=2310"},{"taxonomy":"post_tag","embeddable":true,"href":"https:\/\/lasource.be\/index.php?rest_route=%2Fwp%2Fv2%2Ftags&post=2310"}],"curies":[{"name":"wp","href":"https:\/\/api.w.org\/{rel}","templated":true}]}}