{"id":2327,"date":"2023-11-22T13:57:37","date_gmt":"2023-11-22T12:57:37","guid":{"rendered":"https:\/\/lasource.be\/?p=2327"},"modified":"2023-11-24T15:27:49","modified_gmt":"2023-11-24T14:27:49","slug":"%f0%9f%93%9d-notez-deja-les-dates-de-nos-prochaines-seances-dinfos","status":"publish","type":"post","link":"https:\/\/lasource.be\/?p=2327","title":{"rendered":"\ud83d\udcdd Notez d\u00e9j\u00e0 les dates de nos prochaines s\u00e9ances d&rsquo;info"},"content":{"rendered":"<p>Tous \u00e0 vos agendas !<\/p>\n<p>Avant d&rsquo;entamer le tourbillon des f\u00eates, nous vous proposons de d\u00e9couvrir nos deux formations en orientation professionnelle.<br \/>\nNotez d\u00e9j\u00e0 les deux dates de nos s\u00e9ances d&rsquo;info pour ne pas les oublier !<br \/>\nElles se d\u00e9rouleront dans les locaux de La Source les :<\/p>\n<ul>\n<li>Vendredi 8 d\u00e9cembre \u00e0 13h30<\/li>\n<li>Mardi 19 d\u00e9cembre \u00e0 9h30<\/li>\n<\/ul>\n<p>\u00c0 tr\u00e8s bient\u00f4t \ud83d\ude09<a href=\"https:\/\/i0.wp.com\/lasource.be\/wp-content\/uploads\/2023\/11\/pub-jcma-janvier-2024-finish-fond-jaune.png?ssl=1\" target=\"_blank\" rel=\"noopener\"><img data-attachment-id=\"2385\" data-permalink=\"https:\/\/lasource.be\/?attachment_id=2385\" data-orig-file=\"https:\/\/i0.wp.com\/lasource.be\/wp-content\/uploads\/2023\/11\/pub-jcma-janvier-2024-finish-fond-jaune.png?fit=2504%2C1606&amp;ssl=1\" data-orig-size=\"2504,1606\" data-comments-opened=\"1\" data-image-meta=\"{&quot;aperture&quot;:&quot;0&quot;,&quot;credit&quot;:&quot;&quot;,&quot;camera&quot;:&quot;&quot;,&quot;caption&quot;:&quot;&quot;,&quot;created_timestamp&quot;:&quot;0&quot;,&quot;copyright&quot;:&quot;&quot;,&quot;focal_length&quot;:&quot;0&quot;,&quot;iso&quot;:&quot;0&quot;,&quot;shutter_speed&quot;:&quot;0&quot;,&quot;title&quot;:&quot;&quot;,&quot;orientation&quot;:&quot;0&quot;}\" data-image-title=\"pub jcma janvier 2024-finish-fond jaune\" data-image-description=\"\" data-image-caption=\"\" data-medium-file=\"https:\/\/i0.wp.com\/lasource.be\/wp-content\/uploads\/2023\/11\/pub-jcma-janvier-2024-finish-fond-jaune.png?fit=300%2C192&amp;ssl=1\" data-large-file=\"https:\/\/i0.wp.com\/lasource.be\/wp-content\/uploads\/2023\/11\/pub-jcma-janvier-2024-finish-fond-jaune.png?fit=825%2C529&amp;ssl=1\" decoding=\"async\" loading=\"lazy\" class=\"wp-image-2385 alignleft\" src=\"https:\/\/i0.wp.com\/lasource.be\/wp-content\/uploads\/2023\/11\/pub-jcma-janvier-2024-finish-fond-jaune.png?resize=600%2C385&#038;ssl=1\" alt=\"\" width=\"600\" height=\"385\" srcset=\"https:\/\/i0.wp.com\/lasource.be\/wp-content\/uploads\/2023\/11\/pub-jcma-janvier-2024-finish-fond-jaune.png?resize=300%2C192&amp;ssl=1 300w, https:\/\/i0.wp.com\/lasource.be\/wp-content\/uploads\/2023\/11\/pub-jcma-janvier-2024-finish-fond-jaune.png?resize=1024%2C657&amp;ssl=1 1024w, https:\/\/i0.wp.com\/lasource.be\/wp-content\/uploads\/2023\/11\/pub-jcma-janvier-2024-finish-fond-jaune.png?resize=768%2C493&amp;ssl=1 768w, https:\/\/i0.wp.com\/lasource.be\/wp-content\/uploads\/2023\/11\/pub-jcma-janvier-2024-finish-fond-jaune.png?resize=1536%2C985&amp;ssl=1 1536w, https:\/\/i0.wp.com\/lasource.be\/wp-content\/uploads\/2023\/11\/pub-jcma-janvier-2024-finish-fond-jaune.png?resize=2048%2C1314&amp;ssl=1 2048w, https:\/\/i0.wp.com\/lasource.be\/wp-content\/uploads\/2023\/11\/pub-jcma-janvier-2024-finish-fond-jaune.png?w=1650&amp;ssl=1 1650w, https:\/\/i0.wp.com\/lasource.be\/wp-content\/uploads\/2023\/11\/pub-jcma-janvier-2024-finish-fond-jaune.png?w=2475&amp;ssl=1 2475w\" sizes=\"(max-width: 600px) 100vw, 600px\" data-recalc-dims=\"1\" \/><\/a><\/p>\n<p>&nbsp;<\/p>\n","protected":false},"excerpt":{"rendered":"<p>Tous \u00e0 vos agendas ! Avant d&rsquo;entamer le tourbillon des f\u00eates, nous vous proposons de d\u00e9couvrir nos deux formations en orientation professionnelle. Notez d\u00e9j\u00e0 les deux dates de nos s\u00e9ances&hellip; <a href=\"https:\/\/lasource.be\/?p=2327\" class=\"more-link\">Lire la suite <span class=\"screen-reader-text\">\ud83d\udcdd Notez d\u00e9j\u00e0 les dates de nos prochaines s\u00e9ances d&rsquo;info<\/span><\/a><\/p>\n","protected":false},"author":1,"featured_media":0,"comment_status":"open","ping_status":"open","sticky":false,"template":"","format":"standard","meta":{"jetpack_post_was_ever_published":true,"jetpack_publicize_message":"","jetpack_is_tweetstorm":false,"jetpack_publicize_feature_enabled":true,"jetpack_social_post_already_shared":true,"jetpack_social_options":[]},"categories":[1],"tags":[],"jetpack_publicize_connections":[],"jetpack_featured_media_url":"","jetpack_sharing_enabled":true,"jetpack_shortlink":"https:\/\/wp.me\/p8UIgU-Bx","jetpack-related-posts":[{"id":2603,"url":"https:\/\/lasource.be\/?p=2603","url_meta":{"origin":2327,"position":0},"title":"\ud83d\udce3 2025 : Le grand retour de nos formations en orientation professionnelle !!!","date":"12 novembre 2024","format":false,"excerpt":"2025 marquera le retour de nos formations \"Je Cr\u00e9e Mon Avenir\" et \"Je Booste Mon Avenir\" ! \ud83d\udd0e Retrouvez ci-dessous un aper\u00e7u de nos deux formations en orientation professionnelle. \ud83d\udcc6 Pour plus de d\u00e9tails, nous vous proposons de nous rencontrer le 17 d\u00e9cembre prochain et le 6 janvier 2025 lors\u2026","rel":"","context":"Dans &quot;Actualit\u00e9&quot;","img":{"alt_text":"","src":"https:\/\/i0.wp.com\/lasource.be\/wp-content\/uploads\/2024\/11\/pub-jcma-janvier-2025-dates-seances-info-300x221.png?resize=350%2C200&ssl=1","width":350,"height":200},"classes":[]},{"id":2829,"url":"https:\/\/lasource.be\/?p=2829","url_meta":{"origin":2327,"position":1},"title":"\ud83d\udce2 1\u00e8re session de \u00ab\u00a0Je Cr\u00e9e Mon Avenir 2026\u00a0\u00bb","date":"12 d\u00e9cembre 2025","format":false,"excerpt":"\u200b\u200b\ud83d\udcd3\u200b\u200b Notez d\u00e9j\u00e0 dans vos agendas la date de notre toute premi\u00e8re session de formation \"Je Cr\u00e9e Mon Avenir\" ! \u200b\ud83d\uddd3\ufe0f\u200b JCMA d\u00e9butera le 19 janvier 2026 \ud83d\udcdd Pour plus de renseignements, n'h\u00e9sitez pas \u00e0 participer \u00e0 une de nos deux s\u00e9ances d'info o\u00f9 nous nous ferons un plaisir de\u2026","rel":"","context":"Dans &quot;Actualit\u00e9&quot;","img":{"alt_text":"","src":"https:\/\/i0.wp.com\/lasource.be\/wp-content\/uploads\/2025\/12\/Pub-JCMA-Janv26-Juillet26-300x192.png?resize=350%2C200&ssl=1","width":350,"height":200},"classes":[]},{"id":1897,"url":"https:\/\/lasource.be\/?p=1897","url_meta":{"origin":2327,"position":2},"title":"!!! Dates des s\u00e9ances d&rsquo;info pour la nouvelle formation \u00ab\u00a0Je Cr\u00e9e Mon Avenir 35h\u00a0\u00bb !!!","date":"30 novembre 2022","format":false,"excerpt":"Et si, juste avant d'entrer dans le tourbillon des f\u00eates, on pensait encore un peu ensemble \u00e0 votre avenir professionnel ? Vous vous posez des questions sur votre orientation ou r\u00e9orientation professionnelle ? Vous avez envie d'explorer de nouveaux horizons, d\u00e9couvrir de nouveaux m\u00e9tiers, vous mettre en situation professionnelle gr\u00e2ce\u2026","rel":"","context":"Dans &quot;Actualit\u00e9&quot;","img":{"alt_text":"","src":"https:\/\/i0.wp.com\/lasource.be\/wp-content\/uploads\/2022\/11\/Seances-dinfo-JCMA-decembre-2022-300x225.png?resize=350%2C200&ssl=1","width":350,"height":200},"classes":[]},{"id":1068,"url":"https:\/\/lasource.be\/?p=1068","url_meta":{"origin":2327,"position":3},"title":"Bient\u00f4t la rentr\u00e9e : voici les dates de nos nouvelles formations \u00ab\u00a0Je Cr\u00e9e Mon Avenir\u00a0\u00bb","date":"20 ao\u00fbt 2019","format":false,"excerpt":"Nous avons le plaisir de vous informer que nos nouvelles formations \"Je Cr\u00e9e Mon Avenir\" vont bient\u00f4t recommencer ! Voici les dates \u00e0 retenir : La formation \"Je Cr\u00e9e Mon Avenir\" 19h\/semaine d\u00e9butera le lundi 16 septembre 2019\u00a0 (s\u00e9ance d'info : le mardi 03 septembre \u00e0 9h30) La formation \"Je\u2026","rel":"","context":"Dans &quot;Actualit\u00e9&quot;","img":{"alt_text":"","src":"https:\/\/i0.wp.com\/lasource.be\/wp-content\/uploads\/2019\/08\/Pub-Vlan-octobre-2019-35h-FINISH.png?resize=350%2C200","width":350,"height":200},"classes":[]},{"id":2762,"url":"https:\/\/lasource.be\/?p=2762","url_meta":{"origin":2327,"position":4},"title":"\ud83d\udce3\u200b Votre formation \u00ab\u00a0Je Cr\u00e9e Mon Avenir\u00a0\u00bb is back !!! Tous \u00e0 vos agendas !!! \ud83d\udcdd","date":"6 ao\u00fbt 2025","format":false,"excerpt":"Nous sommes encore au mois d'ao\u00fbt mais il est d\u00e9j\u00e0 temps de penser doucement \u00e0 pr\u00e9parer activement votre rentr\u00e9e\u2026 \u00c0 partir du 08 septembre prochain, notre formation \"Je Cr\u00e9e Mon Avenir\" fait son retour !!! Vous avez besoin d'un accompagnement pour construire votre projet professionnel ?\u00a0 Cette formation est pour\u2026","rel":"","context":"Dans &quot;Actualit\u00e9&quot;","img":{"alt_text":"","src":"https:\/\/i0.wp.com\/lasource.be\/wp-content\/uploads\/2025\/08\/Pub-JCMA-Sept25-Fev26-300x192.png?resize=350%2C200&ssl=1","width":350,"height":200},"classes":[]},{"id":2627,"url":"https:\/\/lasource.be\/?p=2627","url_meta":{"origin":2327,"position":5},"title":"\ud83d\udce3 2025 : Retour du module PHARE","date":"12 novembre 2024","format":false,"excerpt":"Notre Service d'Insertion Sociale a le grand plaisir de vous annoncer la deuxi\u00e8me \u00e9dition de son module PHARE D\u00e8s le mois de janvier 2025, retrouvez notre \u00e9quipe qui vous accompagnera pendant 6 mois pour dessiner votre projet de vie \ud835\udc3c\ud835\ude2e\ud835\udc4e\ud835\ude28\ud835\udc56\ud835\ude2f\ud835\udc52 \u2026 \ud835\udc3f'\ud835\udc52\ud835\ude2f\ud835\udc63\ud835\ude2a\ud835\udc52 \ud835\udc51\ud835\ude26 \ud835\ude2f\ud835\udc4e\ud835\ude37\ud835\udc56\ud835\ude28\ud835\udc62\ud835\ude26\ud835\udc5f \ud835\udc63\ud835\ude26\ud835\udc5f\ud835\ude34 \ud835\ude25\ud835\udc52 \ud835\udc5b\ud835\ude30\ud835\udc62\ud835\ude37\ud835\udc52\ud835\ude22\ud835\udc62\ud835\ude39 \ud835\ude29\ud835\udc5c\ud835\ude33\ud835\udc56\ud835\ude3b\ud835\udc5c\ud835\ude2f\ud835\udc60 \ud835\udc52\ud835\ude35 \ud835\ude25'\ud835\ude22\ud835\udc63\ud835\ude22\ud835\udc5b\ud835\ude24\ud835\udc52\ud835\ude33\u2026","rel":"","context":"Dans &quot;Actualit\u00e9&quot;","img":{"alt_text":"","src":"https:\/\/i0.wp.com\/lasource.be\/wp-content\/uploads\/2024\/11\/Couverture-Facebook-PHARE-2025-300x114.png?resize=350%2C200&ssl=1","width":350,"height":200},"classes":[]}],"_links":{"self":[{"href":"https:\/\/lasource.be\/index.php?rest_route=\/wp\/v2\/posts\/2327"}],"collection":[{"href":"https:\/\/lasource.be\/index.php?rest_route=\/wp\/v2\/posts"}],"about":[{"href":"https:\/\/lasource.be\/index.php?rest_route=\/wp\/v2\/types\/post"}],"author":[{"embeddable":true,"href":"https:\/\/lasource.be\/index.php?rest_route=\/wp\/v2\/users\/1"}],"replies":[{"embeddable":true,"href":"https:\/\/lasource.be\/index.php?rest_route=%2Fwp%2Fv2%2Fcomments&post=2327"}],"version-history":[{"count":14,"href":"https:\/\/lasource.be\/index.php?rest_route=\/wp\/v2\/posts\/2327\/revisions"}],"predecessor-version":[{"id":2388,"href":"https:\/\/lasource.be\/index.php?rest_route=\/wp\/v2\/posts\/2327\/revisions\/2388"}],"wp:attachment":[{"href":"https:\/\/lasource.be\/index.php?rest_route=%2Fwp%2Fv2%2Fmedia&parent=2327"}],"wp:term":[{"taxonomy":"category","embeddable":true,"href":"https:\/\/lasource.be\/index.php?rest_route=%2Fwp%2Fv2%2Fcategories&post=2327"},{"taxonomy":"post_tag","embeddable":true,"href":"https:\/\/lasource.be\/index.php?rest_route=%2Fwp%2Fv2%2Ftags&post=2327"}],"curies":[{"name":"wp","href":"https:\/\/api.w.org\/{rel}","templated":true}]}}