{"id":2430,"date":"2024-01-03T14:30:18","date_gmt":"2024-01-03T13:30:18","guid":{"rendered":"https:\/\/lasource.be\/?p=2430"},"modified":"2024-01-03T14:30:18","modified_gmt":"2024-01-03T13:30:18","slug":"%f0%9f%8d%80-happy-new-year-2024-%f0%9f%8d%80","status":"publish","type":"post","link":"https:\/\/lasource.be\/?p=2430","title":{"rendered":"\ud83c\udf40 Happy new year 2024 ! \ud83c\udf40"},"content":{"rendered":"<p style=\"text-align: center;\"><span style=\"color: #008000;\"><strong>L&rsquo;\u00e9quipe de La Source vous pr\u00e9sente ses meilleurs v\u0153ux pour cette nouvelle ann\u00e9e !<\/strong> <\/span>\ud83d\udc37 \ud83c\udf40 \u2764\ufe0f \ud83d\udc1e<\/p>\n<p style=\"text-align: left;\">Que <span style=\"color: #008000;\"><strong>2024<\/strong><\/span> vous apporte tout ce que l&rsquo;on peut esp\u00e9rer de mieux : la sant\u00e9, le bonheur, la r\u00e9alisation de tous vos projets et pourquoi pas un nouveau d\u00e9part !<\/p>\n<p style=\"text-align: left;\">Profitez de chaque petit bonheur offert par la vie et soyez heureux \ud83d\ude4f<\/p>\n<div style=\"width: 825px;\" class=\"wp-video\"><!--[if lt IE 9]><script>document.createElement('video');<\/script><![endif]-->\n<video class=\"wp-video-shortcode\" id=\"video-2430-1\" width=\"825\" height=\"465\" autoplay=\"1\" preload=\"metadata\" controls=\"controls\"><source type=\"video\/mp4\" src=\"https:\/\/lasource.be\/wp-content\/uploads\/2024\/01\/Meilleurs-voeux-2024-musique-Abba.mp4?_=1\" \/><a href=\"https:\/\/lasource.be\/wp-content\/uploads\/2024\/01\/Meilleurs-voeux-2024-musique-Abba.mp4\">https:\/\/lasource.be\/wp-content\/uploads\/2024\/01\/Meilleurs-voeux-2024-musique-Abba.mp4<\/a><\/video><\/div>\n<p>&nbsp;<\/p>\n","protected":false},"excerpt":{"rendered":"<p>L&rsquo;\u00e9quipe de La Source vous pr\u00e9sente ses meilleurs v\u0153ux pour cette nouvelle ann\u00e9e ! \ud83d\udc37 \ud83c\udf40 \u2764\ufe0f \ud83d\udc1e Que 2024 vous apporte tout ce que l&rsquo;on peut esp\u00e9rer de mieux&hellip; <a href=\"https:\/\/lasource.be\/?p=2430\" class=\"more-link\">Lire la suite <span class=\"screen-reader-text\">\ud83c\udf40 Happy new year 2024 ! \ud83c\udf40<\/span><\/a><\/p>\n","protected":false},"author":1,"featured_media":0,"comment_status":"open","ping_status":"open","sticky":false,"template":"","format":"standard","meta":{"jetpack_post_was_ever_published":false,"jetpack_publicize_message":"","jetpack_is_tweetstorm":false,"jetpack_publicize_feature_enabled":true,"jetpack_social_post_already_shared":true,"jetpack_social_options":[]},"categories":[1],"tags":[],"jetpack_publicize_connections":[],"jetpack_featured_media_url":"","jetpack_sharing_enabled":true,"jetpack_shortlink":"https:\/\/wp.me\/p8UIgU-Dc","jetpack-related-posts":[{"id":2647,"url":"https:\/\/lasource.be\/?p=2647","url_meta":{"origin":2430,"position":0},"title":"\ud83c\udf84\u200b\u2728Meilleurs v\u0153ux \u00e0 tous ! \u200b\ud83c\udf89\u200b\ud83c\udf7e\u200b","date":"19 d\u00e9cembre 2024","format":false,"excerpt":"\u00a0 L'\u00e9quipe de La Source vous pr\u00e9sente ses meilleurs v\u0153ux pour cette nouvelle ann\u00e9e !\u00a0 Que 2025\u00a0vous apporte tout ce que l'on peut esp\u00e9rer de mieux : la sant\u00e9, le bonheur, la r\u00e9alisation de tous vos projets et pourquoi pas un nouveau d\u00e9part ! Profitez de chaque petit bonheur offert\u2026","rel":"","context":"Dans &quot;Actualit\u00e9&quot;","img":{"alt_text":"","src":"https:\/\/i0.wp.com\/lasource.be\/wp-content\/uploads\/2024\/12\/Toute-lequipe-de-La-Source-vous-souhaite-de-merveilleuses-fetes-de-fin-dannee.-300x114.gif?resize=350%2C200&ssl=1","width":350,"height":200},"classes":[]},{"id":1368,"url":"https:\/\/lasource.be\/?p=1368","url_meta":{"origin":2430,"position":1},"title":"Meilleurs v\u0153ux pour 2021 !","date":"21 d\u00e9cembre 2020","format":false,"excerpt":"","rel":"","context":"Dans &quot;Actualit\u00e9&quot;","img":{"alt_text":"","src":"https:\/\/i0.wp.com\/lasource.be\/wp-content\/uploads\/2020\/12\/Voeux-La-Source-2021-300x111.png?resize=350%2C200","width":350,"height":200},"classes":[]},{"id":1655,"url":"https:\/\/lasource.be\/?p=1655","url_meta":{"origin":2430,"position":2},"title":"Meilleurs v\u0153ux !","date":"21 d\u00e9cembre 2021","format":false,"excerpt":"L'\u00e9quipe de La Source vous souhaite du fond du\u00a0 une belle et heureuse ann\u00e9e 2022 Que cette ann\u00e9e nouvelle vous apporte le meilleur et r\u00e9alise vos r\u00eaves et projets les plus fous ! \u00a0","rel":"","context":"Dans &quot;Actualit\u00e9&quot;","img":{"alt_text":"","src":"https:\/\/i0.wp.com\/lasource.be\/wp-content\/uploads\/2021\/12\/Voeux-La-Source-2021-2022-300x114.png?resize=350%2C200","width":350,"height":200},"classes":[]},{"id":985,"url":"https:\/\/lasource.be\/?p=985","url_meta":{"origin":2430,"position":3},"title":"Meilleurs v\u0153ux !","date":"4 janvier 2019","format":false,"excerpt":"L'\u00e9quipe de La Source vous souhaite une belle et heureuse ann\u00e9e 2019 !","rel":"","context":"Dans &quot;Actualit\u00e9&quot;","img":{"alt_text":"","src":"https:\/\/i0.wp.com\/lasource.be\/wp-content\/uploads\/2019\/01\/photo-groupe-No\u00c3\u00abl-Source-Finish-300x111.jpg?resize=350%2C200","width":350,"height":200},"classes":[]},{"id":2847,"url":"https:\/\/lasource.be\/?p=2847","url_meta":{"origin":2430,"position":4},"title":"\ud83c\udf84\u200b\ud83c\udf89\u200b\u200b Meilleurs v\u0153ux ! \u26c4\u200b\ud83c\udf1f\u200b","date":"30 d\u00e9cembre 2025","format":false,"excerpt":"\ud83c\udf40\u200b\ud83d\udc37\u200b\ud83c\udf89\u200b L'\u00e9quipe de La Source vous souhaite le meilleur pour l'ann\u00e9e 2026 \u200b\u2728\u200b\u200b\ud83d\udcb0\u200b\ud83d\udc96\u200b \u200b\ud83d\udc96\u200b Que 2026 vous apporte le r\u00e9confort, l'amour et le soutien de vos proches \u200b\ud83d\udcb0\u200b Que la r\u00e9ussite soit au rendez-vous et que vos projets se r\u00e9alisent \ud83c\udf89\u200b Profitez et savourez simplement de chaque moment\u2026 Carpe Diem\u2026","rel":"","context":"Dans &quot;Actualit\u00e9&quot;","img":{"alt_text":"","src":"https:\/\/i0.wp.com\/lasource.be\/wp-content\/uploads\/2025\/12\/Voeux-2026-300x114.gif?resize=350%2C200&ssl=1","width":350,"height":200},"classes":[]},{"id":2627,"url":"https:\/\/lasource.be\/?p=2627","url_meta":{"origin":2430,"position":5},"title":"\ud83d\udce3 2025 : Retour du module PHARE","date":"12 novembre 2024","format":false,"excerpt":"Notre Service d'Insertion Sociale a le grand plaisir de vous annoncer la deuxi\u00e8me \u00e9dition de son module PHARE D\u00e8s le mois de janvier 2025, retrouvez notre \u00e9quipe qui vous accompagnera pendant 6 mois pour dessiner votre projet de vie \ud835\udc3c\ud835\ude2e\ud835\udc4e\ud835\ude28\ud835\udc56\ud835\ude2f\ud835\udc52 \u2026 \ud835\udc3f'\ud835\udc52\ud835\ude2f\ud835\udc63\ud835\ude2a\ud835\udc52 \ud835\udc51\ud835\ude26 \ud835\ude2f\ud835\udc4e\ud835\ude37\ud835\udc56\ud835\ude28\ud835\udc62\ud835\ude26\ud835\udc5f \ud835\udc63\ud835\ude26\ud835\udc5f\ud835\ude34 \ud835\ude25\ud835\udc52 \ud835\udc5b\ud835\ude30\ud835\udc62\ud835\ude37\ud835\udc52\ud835\ude22\ud835\udc62\ud835\ude39 \ud835\ude29\ud835\udc5c\ud835\ude33\ud835\udc56\ud835\ude3b\ud835\udc5c\ud835\ude2f\ud835\udc60 \ud835\udc52\ud835\ude35 \ud835\ude25'\ud835\ude22\ud835\udc63\ud835\ude22\ud835\udc5b\ud835\ude24\ud835\udc52\ud835\ude33\u2026","rel":"","context":"Dans &quot;Actualit\u00e9&quot;","img":{"alt_text":"","src":"https:\/\/i0.wp.com\/lasource.be\/wp-content\/uploads\/2024\/11\/Couverture-Facebook-PHARE-2025-300x114.png?resize=350%2C200&ssl=1","width":350,"height":200},"classes":[]}],"_links":{"self":[{"href":"https:\/\/lasource.be\/index.php?rest_route=\/wp\/v2\/posts\/2430"}],"collection":[{"href":"https:\/\/lasource.be\/index.php?rest_route=\/wp\/v2\/posts"}],"about":[{"href":"https:\/\/lasource.be\/index.php?rest_route=\/wp\/v2\/types\/post"}],"author":[{"embeddable":true,"href":"https:\/\/lasource.be\/index.php?rest_route=\/wp\/v2\/users\/1"}],"replies":[{"embeddable":true,"href":"https:\/\/lasource.be\/index.php?rest_route=%2Fwp%2Fv2%2Fcomments&post=2430"}],"version-history":[{"count":14,"href":"https:\/\/lasource.be\/index.php?rest_route=\/wp\/v2\/posts\/2430\/revisions"}],"predecessor-version":[{"id":2452,"href":"https:\/\/lasource.be\/index.php?rest_route=\/wp\/v2\/posts\/2430\/revisions\/2452"}],"wp:attachment":[{"href":"https:\/\/lasource.be\/index.php?rest_route=%2Fwp%2Fv2%2Fmedia&parent=2430"}],"wp:term":[{"taxonomy":"category","embeddable":true,"href":"https:\/\/lasource.be\/index.php?rest_route=%2Fwp%2Fv2%2Fcategories&post=2430"},{"taxonomy":"post_tag","embeddable":true,"href":"https:\/\/lasource.be\/index.php?rest_route=%2Fwp%2Fv2%2Ftags&post=2430"}],"curies":[{"name":"wp","href":"https:\/\/api.w.org\/{rel}","templated":true}]}}