{"id":2515,"date":"2024-02-20T16:28:31","date_gmt":"2024-02-20T15:28:31","guid":{"rendered":"https:\/\/lasource.be\/?p=2515"},"modified":"2024-02-20T16:28:31","modified_gmt":"2024-02-20T15:28:31","slug":"bienvenue-a-ltelier-des-seniors","status":"publish","type":"post","link":"https:\/\/lasource.be\/?p=2515","title":{"rendered":"Bienvenue \u00e0 \u00ab\u00a0L&rsquo;@telier des seniors\u00a0\u00bb"},"content":{"rendered":"<div class=\"xdj266r x11i5rnm xat24cr x1mh8g0r x1vvkbs x126k92a\">\n<div dir=\"auto\">En partenariat avec le <strong>CCCA de Bouillon<\/strong> et le <a href=\"https:\/\/www.facebook.com\/PCSdeBouillon\/\" target=\"_blank\" rel=\"noopener\"><strong>PCS de la commune de Bouillon<\/strong><\/a>, L&rsquo;<strong>Espace Public Num\u00e9rique de la Semois<\/strong> vous pr\u00e9sente ses nouveaux ateliers destin\u00e9s aux seniors. <span class=\"x3nfvp2 x1j61x8r x1fcty0u xdj266r xhhsvwb xat24cr xgzva0m xxymvpz xlup9mm x1kky2od\"><img decoding=\"async\" loading=\"lazy\" class=\"xz74otr\" src=\"https:\/\/static.xx.fbcdn.net\/images\/emoji.php\/v9\/t8e\/1\/16\/1f469_200d_1f9b3.png\" alt=\"\ud83d\udc69\u200d\ud83e\uddb3\" width=\"16\" height=\"16\" \/><\/span><span class=\"x3nfvp2 x1j61x8r x1fcty0u xdj266r xhhsvwb xat24cr xgzva0m xxymvpz xlup9mm x1kky2od\"><img decoding=\"async\" loading=\"lazy\" class=\"xz74otr\" src=\"https:\/\/static.xx.fbcdn.net\/images\/emoji.php\/v9\/taf\/1\/16\/1f468_200d_1f9b3.png\" alt=\"\ud83d\udc68\u200d\ud83e\uddb3\" width=\"16\" height=\"16\" \/><\/span><span class=\"x3nfvp2 x1j61x8r x1fcty0u xdj266r xhhsvwb xat24cr xgzva0m xxymvpz xlup9mm x1kky2od\"><img decoding=\"async\" loading=\"lazy\" class=\"xz74otr\" src=\"https:\/\/static.xx.fbcdn.net\/images\/emoji.php\/v9\/td8\/1\/16\/1f4f2.png\" alt=\"\ud83d\udcf2\" width=\"16\" height=\"16\" \/><\/span><span class=\"x3nfvp2 x1j61x8r x1fcty0u xdj266r xhhsvwb xat24cr xgzva0m xxymvpz xlup9mm x1kky2od\"><img decoding=\"async\" loading=\"lazy\" class=\"xz74otr\" src=\"https:\/\/static.xx.fbcdn.net\/images\/emoji.php\/v9\/t8c\/1\/16\/1f4bb.png\" alt=\"\ud83d\udcbb\" width=\"16\" height=\"16\" \/><\/span><\/div>\n<div dir=\"auto\">A partir du mois d&rsquo;avril, retrouvez <strong>\u00ab\u00a0L&rsquo;@telier num\u00e9rique des seniors\u00a0\u00bb<\/strong> tous les mercredis de 14h \u00e0 16h.<\/div>\n<div dir=\"auto\">Un calendrier d\u00e9taill\u00e9 des divers modules sera propos\u00e9 tr\u00e8s prochainement <span class=\"x3nfvp2 x1j61x8r x1fcty0u xdj266r xhhsvwb xat24cr xgzva0m xxymvpz xlup9mm x1kky2od\"><img decoding=\"async\" loading=\"lazy\" class=\"xz74otr\" src=\"https:\/\/static.xx.fbcdn.net\/images\/emoji.php\/v9\/t57\/1\/16\/1f609.png\" alt=\"\ud83d\ude09\" width=\"16\" height=\"16\" \/><\/span><\/div>\n<div dir=\"auto\"><\/div>\n<div dir=\"auto\">Un petit avant go\u00fbt du programme <span class=\"x3nfvp2 x1j61x8r x1fcty0u xdj266r xhhsvwb xat24cr xgzva0m xxymvpz xlup9mm x1kky2od\"><img decoding=\"async\" loading=\"lazy\" class=\"xz74otr\" src=\"https:\/\/static.xx.fbcdn.net\/images\/emoji.php\/v9\/t4f\/1\/16\/1f447.png\" alt=\"\ud83d\udc47\" width=\"16\" height=\"16\" \/><\/span><\/div>\n<div dir=\"auto\"><span class=\"x3nfvp2 x1j61x8r x1fcty0u xdj266r xhhsvwb xat24cr xgzva0m xxymvpz xlup9mm x1kky2od\"><img decoding=\"async\" loading=\"lazy\" class=\"xz74otr\" src=\"https:\/\/static.xx.fbcdn.net\/images\/emoji.php\/v9\/t33\/1\/16\/2705.png\" alt=\"\u2705\" width=\"16\" height=\"16\" \/>\u00a0 D<\/span>\u00e9couverte et utilisation des outils num\u00e9riques (ordinateur, tablette, smartphone, \u2026)<\/div>\n<div dir=\"auto\"><span class=\"x3nfvp2 x1j61x8r x1fcty0u xdj266r xhhsvwb xat24cr xgzva0m xxymvpz xlup9mm x1kky2od\"><img decoding=\"async\" loading=\"lazy\" class=\"xz74otr\" src=\"https:\/\/static.xx.fbcdn.net\/images\/emoji.php\/v9\/t33\/1\/16\/2705.png\" alt=\"\u2705\" width=\"16\" height=\"16\" \/> \u00a0<\/span>La s\u00e9curit\u00e9 sur Internet &#8211; Stop aux arnaques<\/div>\n<div dir=\"auto\"><span class=\"x3nfvp2 x1j61x8r x1fcty0u xdj266r xhhsvwb xat24cr xgzva0m xxymvpz xlup9mm x1kky2od\"><img decoding=\"async\" loading=\"lazy\" class=\"xz74otr\" src=\"https:\/\/static.xx.fbcdn.net\/images\/emoji.php\/v9\/t33\/1\/16\/2705.png\" alt=\"\u2705\" width=\"16\" height=\"16\" \/> \u00a0<\/span>Les d\u00e9marches administratives en ligne &#8211; les paiements en ligne<\/div>\n<div dir=\"auto\"><span class=\"x3nfvp2 x1j61x8r x1fcty0u xdj266r xhhsvwb xat24cr xgzva0m xxymvpz xlup9mm x1kky2od\"><img decoding=\"async\" loading=\"lazy\" class=\"xz74otr\" src=\"https:\/\/static.xx.fbcdn.net\/images\/emoji.php\/v9\/t33\/1\/16\/2705.png\" alt=\"\u2705\" width=\"16\" height=\"16\" \/> \u00a0<\/span>Les loisirs et la culture<\/div>\n<div dir=\"auto\"><span class=\"x3nfvp2 x1j61x8r x1fcty0u xdj266r xhhsvwb xat24cr xgzva0m xxymvpz xlup9mm x1kky2od\"><img decoding=\"async\" loading=\"lazy\" class=\"xz74otr\" src=\"https:\/\/static.xx.fbcdn.net\/images\/emoji.php\/v9\/t33\/1\/16\/2705.png\" alt=\"\u2705\" width=\"16\" height=\"16\" \/>\u00a0 <\/span>L&rsquo;\u00e9nergie &#8211; Comparateur, consommation, \u2026<\/div>\n<div dir=\"auto\"><span class=\"x3nfvp2 x1j61x8r x1fcty0u xdj266r xhhsvwb xat24cr xgzva0m xxymvpz xlup9mm x1kky2od\"><img decoding=\"async\" loading=\"lazy\" class=\"xz74otr\" src=\"https:\/\/static.xx.fbcdn.net\/images\/emoji.php\/v9\/t33\/1\/16\/2705.png\" alt=\"\u2705\" width=\"16\" height=\"16\" \/> \u00a0<\/span>&#8230;<\/div>\n<div dir=\"auto\"><\/div>\n<\/div>\n<div class=\"x11i5rnm xat24cr x1mh8g0r x1vvkbs xtlvy1s x126k92a\">\n<div dir=\"auto\">Int\u00e9ress\u00e9(e)s ? N&rsquo;h\u00e9sitez pas \u00e0 nous contacter :<\/div>\n<div dir=\"auto\"><span class=\"x3nfvp2 x1j61x8r x1fcty0u xdj266r xhhsvwb xat24cr xgzva0m xxymvpz xlup9mm x1kky2od\"><img decoding=\"async\" loading=\"lazy\" class=\"xz74otr\" src=\"https:\/\/static.xx.fbcdn.net\/images\/emoji.php\/v9\/t22\/1\/16\/260e.png\" alt=\"\u260e\ufe0f\" width=\"16\" height=\"16\" \/><\/span> ASBL La Source : 061\/46 86 88<\/div>\n<div dir=\"auto\"><span class=\"x3nfvp2 x1j61x8r x1fcty0u xdj266r xhhsvwb xat24cr xgzva0m xxymvpz xlup9mm x1kky2od\"><img decoding=\"async\" loading=\"lazy\" class=\"xz74otr\" src=\"https:\/\/static.xx.fbcdn.net\/images\/emoji.php\/v9\/t22\/1\/16\/260e.png\" alt=\"\u260e\ufe0f\" width=\"16\" height=\"16\" \/><\/span> CCCA de Bouillon : 0475\/65 41 09<\/div>\n<div dir=\"auto\"><\/div>\n<\/div>\n<div class=\"x11i5rnm xat24cr x1mh8g0r x1vvkbs xtlvy1s x126k92a\">\n<div dir=\"auto\">Nous vous invitons \u00e0 venir d\u00e9couvrir <strong>\u00ab\u00a0L&rsquo;@telier num\u00e9rique des seniors\u00a0\u00bb<\/strong>\u00a0lors de notre s\u00e9ance d&rsquo;info qui se d\u00e9roulera le jeudi 14 mars 2024 \u00e0 14h \u00e0 la salle des S\u00e9pulcrines \u00e0 Bouillon.<\/div>\n<div dir=\"auto\">Pour des raisons d&rsquo;organisation, les inscriptions sont vivement conseill\u00e9es <span class=\"x3nfvp2 x1j61x8r x1fcty0u xdj266r xhhsvwb xat24cr xgzva0m xxymvpz xlup9mm x1kky2od\"><img decoding=\"async\" loading=\"lazy\" class=\"xz74otr\" src=\"https:\/\/static.xx.fbcdn.net\/images\/emoji.php\/v9\/tfc\/1\/16\/1f44d.png\" alt=\"\ud83d\udc4d\" width=\"16\" height=\"16\" \/><\/span><\/div>\n<\/div>\n<div class=\"x11i5rnm xat24cr x1mh8g0r x1vvkbs xtlvy1s x126k92a\">\n<div dir=\"auto\">Bienvenue \u00e0 tous !<\/div>\n<div dir=\"auto\"><a href=\"https:\/\/i0.wp.com\/lasource.be\/wp-content\/uploads\/2024\/02\/Affiche-Ateliers-Seniors-2024-Finish.png?ssl=1\" target=\"_blank\" rel=\"noopener\"><img data-attachment-id=\"2516\" data-permalink=\"https:\/\/lasource.be\/?attachment_id=2516\" data-orig-file=\"https:\/\/i0.wp.com\/lasource.be\/wp-content\/uploads\/2024\/02\/Affiche-Ateliers-Seniors-2024-Finish.png?fit=3508%2C4961&amp;ssl=1\" data-orig-size=\"3508,4961\" data-comments-opened=\"1\" data-image-meta=\"{&quot;aperture&quot;:&quot;0&quot;,&quot;credit&quot;:&quot;&quot;,&quot;camera&quot;:&quot;&quot;,&quot;caption&quot;:&quot;&quot;,&quot;created_timestamp&quot;:&quot;0&quot;,&quot;copyright&quot;:&quot;&quot;,&quot;focal_length&quot;:&quot;0&quot;,&quot;iso&quot;:&quot;0&quot;,&quot;shutter_speed&quot;:&quot;0&quot;,&quot;title&quot;:&quot;&quot;,&quot;orientation&quot;:&quot;0&quot;}\" data-image-title=\"Affiche Ateliers Seniors 2024 &#8211; Finish\" data-image-description=\"\" data-image-caption=\"\" data-medium-file=\"https:\/\/i0.wp.com\/lasource.be\/wp-content\/uploads\/2024\/02\/Affiche-Ateliers-Seniors-2024-Finish.png?fit=212%2C300&amp;ssl=1\" data-large-file=\"https:\/\/i0.wp.com\/lasource.be\/wp-content\/uploads\/2024\/02\/Affiche-Ateliers-Seniors-2024-Finish.png?fit=724%2C1024&amp;ssl=1\" decoding=\"async\" loading=\"lazy\" class=\"aligncenter wp-image-2516\" src=\"https:\/\/i0.wp.com\/lasource.be\/wp-content\/uploads\/2024\/02\/Affiche-Ateliers-Seniors-2024-Finish.png?resize=424%2C600&#038;ssl=1\" alt=\"\" width=\"424\" height=\"600\" srcset=\"https:\/\/i0.wp.com\/lasource.be\/wp-content\/uploads\/2024\/02\/Affiche-Ateliers-Seniors-2024-Finish.png?resize=212%2C300&amp;ssl=1 212w, https:\/\/i0.wp.com\/lasource.be\/wp-content\/uploads\/2024\/02\/Affiche-Ateliers-Seniors-2024-Finish.png?resize=724%2C1024&amp;ssl=1 724w, https:\/\/i0.wp.com\/lasource.be\/wp-content\/uploads\/2024\/02\/Affiche-Ateliers-Seniors-2024-Finish.png?resize=768%2C1086&amp;ssl=1 768w, https:\/\/i0.wp.com\/lasource.be\/wp-content\/uploads\/2024\/02\/Affiche-Ateliers-Seniors-2024-Finish.png?resize=1086%2C1536&amp;ssl=1 1086w, https:\/\/i0.wp.com\/lasource.be\/wp-content\/uploads\/2024\/02\/Affiche-Ateliers-Seniors-2024-Finish.png?resize=1448%2C2048&amp;ssl=1 1448w, https:\/\/i0.wp.com\/lasource.be\/wp-content\/uploads\/2024\/02\/Affiche-Ateliers-Seniors-2024-Finish.png?w=1650&amp;ssl=1 1650w, https:\/\/i0.wp.com\/lasource.be\/wp-content\/uploads\/2024\/02\/Affiche-Ateliers-Seniors-2024-Finish.png?w=2475&amp;ssl=1 2475w\" sizes=\"(max-width: 424px) 100vw, 424px\" data-recalc-dims=\"1\" \/><\/a><\/div>\n<\/div>\n","protected":false},"excerpt":{"rendered":"<p>En partenariat avec le CCCA de Bouillon et le PCS de la commune de Bouillon, L&rsquo;Espace Public Num\u00e9rique de la Semois vous pr\u00e9sente ses nouveaux ateliers destin\u00e9s aux seniors. A&hellip; <a href=\"https:\/\/lasource.be\/?p=2515\" class=\"more-link\">Lire la suite <span class=\"screen-reader-text\">Bienvenue \u00e0 \u00ab\u00a0L&rsquo;@telier des seniors\u00a0\u00bb<\/span><\/a><\/p>\n","protected":false},"author":1,"featured_media":0,"comment_status":"open","ping_status":"open","sticky":false,"template":"","format":"standard","meta":{"jetpack_post_was_ever_published":false,"jetpack_publicize_message":"","jetpack_is_tweetstorm":false,"jetpack_publicize_feature_enabled":true,"jetpack_social_post_already_shared":true,"jetpack_social_options":[]},"categories":[1],"tags":[],"jetpack_publicize_connections":[],"jetpack_featured_media_url":"","jetpack_sharing_enabled":true,"jetpack_shortlink":"https:\/\/wp.me\/p8UIgU-Ez","jetpack-related-posts":[{"id":1505,"url":"https:\/\/lasource.be\/?p=1505","url_meta":{"origin":2515,"position":0},"title":"L&rsquo;aventure de la petite Amal commence !","date":"28 juillet 2021","format":false,"excerpt":"Suivez le p\u00e9riple de la petite Amal via la page Facebook d\u00e9di\u00e9e \u00e0 La Marche : https:\/\/www.facebook.com\/walkwithamal\/ Nos partenaires : La Ville de Bouillon Biblioth\u00e8que Communale de Bouillon Centre Culture et Loisirs de Bouillon ( La Poulie) Avana, Groupe Interculturel de Bertrix Equipes Populaires du Luxembourg Crilux Cpas Vielsalm Fedasil\u2026","rel":"","context":"Dans &quot;Actualit\u00e9&quot;","img":{"alt_text":"","src":"https:\/\/i0.wp.com\/lasource.be\/wp-content\/uploads\/2021\/07\/Flyer-grand-format-AMAL-1-207x300.png?resize=350%2C200","width":350,"height":200},"classes":[]},{"id":594,"url":"https:\/\/lasource.be\/?p=594","url_meta":{"origin":2515,"position":1},"title":"Pr\u00e9sentation du jeu \u00ab\u00a0Voyage au Pays de Bouillon\u00a0\u00bb \u00e0 La Poulie &#8211; 17 novembre 2017","date":"22 novembre 2017","format":false,"excerpt":"C'est avec plaisir que l'EPN de la Semois a pr\u00e9sent\u00e9 vendredi dernier son jeu de soci\u00e9t\u00e9 \"Voyage au Pays de Bouillon\" \u00e0 La Poulie. En tant que laur\u00e9at de l'appel \u00e0 projet \"Du TAC aux TICS\", notre EPN labellis\u00e9 a pu d\u00e9velopper ce beau projet et le concr\u00e9tiser gr\u00e2ce au\u2026","rel":"","context":"Dans &quot;Actualit\u00e9&quot;","img":{"alt_text":"","src":"https:\/\/i0.wp.com\/lasource.be\/wp-content\/uploads\/2017\/11\/Article-Avenir-du-Luxembourg-20-11-2017-300x268.png?resize=350%2C200","width":350,"height":200},"classes":[]},{"id":436,"url":"https:\/\/lasource.be\/?p=436","url_meta":{"origin":2515,"position":2},"title":"Journ\u00e9e Interculturelle  \u00ab\u00a0Les arbres du monde\u00a0\u00bb &#8211; Le 07 octobre \u00e0 Bouillon","date":"21 septembre 2017","format":false,"excerpt":"En partenariat avec F\u00e9d\u00e9ration Wallonie-Bruxelles, La Province de Luxembourg et la Biblioth\u00e8que communale de Bouillon, l'asbl La Source a le plaisir de vous inviter \u00e0 sa Journ\u00e9e Interculturelle \"Les arbres du monde\". Tout au long de la journ\u00e9e du samedi 07 octobre \u00e0 partir de 15h30, venez d\u00e9couvrir nos diverses\u2026","rel":"","context":"Dans &quot;Actualit\u00e9&quot;","img":{"alt_text":"","src":"https:\/\/i0.wp.com\/lasource.be\/wp-content\/uploads\/2017\/09\/Les-arbres-du-monde-affiche-Bastion-Facebook-212x300.png?resize=350%2C200","width":350,"height":200},"classes":[]},{"id":580,"url":"https:\/\/lasource.be\/?p=580","url_meta":{"origin":2515,"position":3},"title":"\u00ab\u00a0Voyage au pays de Bouillon\u00a0\u00bb","date":"3 novembre 2017","format":false,"excerpt":"Bonjour \u00e0 tous, L'Espace Public Num\u00e9rique de l'Asbl La Source a le plaisir de vous pr\u00e9senter son jeu de soci\u00e9t\u00e9 \"Voyage au pays de Bouillon\". Rejoignez-nous le vendredi 17 novembre \u00e0 14h \u00e0 la Poulie. Vous d\u00e9couvrirez les \u00e9tapes de sa cr\u00e9ation et pourrez tester vos connaissances autour du plateau\u2026","rel":"","context":"Dans &quot;Actualit\u00e9&quot;","img":{"alt_text":"","src":"https:\/\/i0.wp.com\/lasource.be\/wp-content\/uploads\/2017\/11\/affiche-pub-jeu-finish-212x300.png?resize=350%2C200","width":350,"height":200},"classes":[]},{"id":1427,"url":"https:\/\/lasource.be\/?p=1427","url_meta":{"origin":2515,"position":4},"title":"Inauguration de \u00ab\u00a0La balade des Poilus\u00a0\u00bb","date":"7 juillet 2021","format":false,"excerpt":"Au mois de mai dernier (suite \u00e0 plusieurs reports dus \u00e0 la crise sanitaire), c'est avec un immense plaisir et une certaine fiert\u00e9 que nous avons pu inaugurer \"La balade des Poilus\". \"La balade des Poilus\" est un parcours p\u00e9destre comm\u00e9moratif de la premi\u00e8re guerre mondiale.\u00a0 Sillonnant les communes de\u2026","rel":"","context":"Dans &quot;Actualit\u00e9&quot;","img":{"alt_text":"","src":"https:\/\/i0.wp.com\/lasource.be\/wp-content\/uploads\/2021\/07\/La-balade-des-Poilus-Brochure-RECTO-300x212.png?resize=350%2C200","width":350,"height":200},"classes":[]},{"id":1973,"url":"https:\/\/lasource.be\/?p=1973","url_meta":{"origin":2515,"position":5},"title":"!!! Nouveau profil Facebook !!!","date":"22 f\u00e9vrier 2023","format":false,"excerpt":"D\u00e9couvrez sans tarder notre tout nouveau profil Facebook et restez inform\u00e9s de nos derni\u00e8res actualit\u00e9s ! Suite au piratage de notre compte, nous essayons d'inviter un maximum de nos fid\u00e8les followers au fil des jours. De votre c\u00f4t\u00e9, n'h\u00e9sitez pas \u00e0 liker notre nouveau profil Asbl Lasource Bouillon\u00a0 ;-) A\u2026","rel":"","context":"Dans &quot;Actualit\u00e9&quot;","img":{"alt_text":"","src":"","width":0,"height":0},"classes":[]}],"_links":{"self":[{"href":"https:\/\/lasource.be\/index.php?rest_route=\/wp\/v2\/posts\/2515"}],"collection":[{"href":"https:\/\/lasource.be\/index.php?rest_route=\/wp\/v2\/posts"}],"about":[{"href":"https:\/\/lasource.be\/index.php?rest_route=\/wp\/v2\/types\/post"}],"author":[{"embeddable":true,"href":"https:\/\/lasource.be\/index.php?rest_route=\/wp\/v2\/users\/1"}],"replies":[{"embeddable":true,"href":"https:\/\/lasource.be\/index.php?rest_route=%2Fwp%2Fv2%2Fcomments&post=2515"}],"version-history":[{"count":10,"href":"https:\/\/lasource.be\/index.php?rest_route=\/wp\/v2\/posts\/2515\/revisions"}],"predecessor-version":[{"id":2527,"href":"https:\/\/lasource.be\/index.php?rest_route=\/wp\/v2\/posts\/2515\/revisions\/2527"}],"wp:attachment":[{"href":"https:\/\/lasource.be\/index.php?rest_route=%2Fwp%2Fv2%2Fmedia&parent=2515"}],"wp:term":[{"taxonomy":"category","embeddable":true,"href":"https:\/\/lasource.be\/index.php?rest_route=%2Fwp%2Fv2%2Fcategories&post=2515"},{"taxonomy":"post_tag","embeddable":true,"href":"https:\/\/lasource.be\/index.php?rest_route=%2Fwp%2Fv2%2Ftags&post=2515"}],"curies":[{"name":"wp","href":"https:\/\/api.w.org\/{rel}","templated":true}]}}