{"id":2575,"date":"2024-07-25T14:24:28","date_gmt":"2024-07-25T12:24:28","guid":{"rendered":"https:\/\/lasource.be\/?p=2575"},"modified":"2024-11-12T14:47:38","modified_gmt":"2024-11-12T13:47:38","slug":"a-vos-agendas-2","status":"publish","type":"post","link":"https:\/\/lasource.be\/?p=2575","title":{"rendered":"Vive les vacances ! Profitez, nous pr\u00e9parons la rentr\u00e9e \ud83d\ude0e"},"content":{"rendered":"<p><img data-attachment-id=\"2033\" data-permalink=\"https:\/\/lasource.be\/?attachment_id=2033\" data-orig-file=\"https:\/\/i0.wp.com\/lasource.be\/wp-content\/uploads\/2023\/07\/Logo-Source-ete-2.png?fit=2362%2C2362&amp;ssl=1\" data-orig-size=\"2362,2362\" data-comments-opened=\"1\" data-image-meta=\"{&quot;aperture&quot;:&quot;0&quot;,&quot;credit&quot;:&quot;&quot;,&quot;camera&quot;:&quot;&quot;,&quot;caption&quot;:&quot;&quot;,&quot;created_timestamp&quot;:&quot;0&quot;,&quot;copyright&quot;:&quot;&quot;,&quot;focal_length&quot;:&quot;0&quot;,&quot;iso&quot;:&quot;0&quot;,&quot;shutter_speed&quot;:&quot;0&quot;,&quot;title&quot;:&quot;&quot;,&quot;orientation&quot;:&quot;0&quot;}\" data-image-title=\"Logo Source \u00e9t\u00e9\" data-image-description=\"\" data-image-caption=\"\" data-medium-file=\"https:\/\/i0.wp.com\/lasource.be\/wp-content\/uploads\/2023\/07\/Logo-Source-ete-2.png?fit=300%2C300&amp;ssl=1\" data-large-file=\"https:\/\/i0.wp.com\/lasource.be\/wp-content\/uploads\/2023\/07\/Logo-Source-ete-2.png?fit=825%2C825&amp;ssl=1\" decoding=\"async\" loading=\"lazy\" class=\"alignleft wp-image-2033\" src=\"https:\/\/i0.wp.com\/lasource.be\/wp-content\/uploads\/2023\/07\/Logo-Source-ete-2.png?resize=150%2C150&#038;ssl=1\" alt=\"\" width=\"150\" height=\"150\" srcset=\"https:\/\/i0.wp.com\/lasource.be\/wp-content\/uploads\/2023\/07\/Logo-Source-ete-2.png?resize=300%2C300&amp;ssl=1 300w, https:\/\/i0.wp.com\/lasource.be\/wp-content\/uploads\/2023\/07\/Logo-Source-ete-2.png?resize=1024%2C1024&amp;ssl=1 1024w, https:\/\/i0.wp.com\/lasource.be\/wp-content\/uploads\/2023\/07\/Logo-Source-ete-2.png?resize=150%2C150&amp;ssl=1 150w, https:\/\/i0.wp.com\/lasource.be\/wp-content\/uploads\/2023\/07\/Logo-Source-ete-2.png?resize=768%2C768&amp;ssl=1 768w, https:\/\/i0.wp.com\/lasource.be\/wp-content\/uploads\/2023\/07\/Logo-Source-ete-2.png?resize=1536%2C1536&amp;ssl=1 1536w, https:\/\/i0.wp.com\/lasource.be\/wp-content\/uploads\/2023\/07\/Logo-Source-ete-2.png?resize=2048%2C2048&amp;ssl=1 2048w, https:\/\/i0.wp.com\/lasource.be\/wp-content\/uploads\/2023\/07\/Logo-Source-ete-2.png?resize=180%2C180&amp;ssl=1 180w, https:\/\/i0.wp.com\/lasource.be\/wp-content\/uploads\/2023\/07\/Logo-Source-ete-2.png?w=1650&amp;ssl=1 1650w\" sizes=\"(max-width: 150px) 100vw, 150px\" data-recalc-dims=\"1\" \/><strong><span style=\"color: #ffcc00;\"><br \/>\nC&rsquo;est l&rsquo;\u00e9t\u00e9, le soleil pointe enfin le bout de son nez !\u00a0<span class=\"html-span xexx8yu x4uap5 x18d9i69 xkhd6sd x1hl2dhg x16tdsg8 x1vvkbs x3nfvp2 x1j61x8r x1fcty0u xdj266r xat24cr xgzva0m xhhsvwb xxymvpz xlup9mm x1kky2od\"><img decoding=\"async\" loading=\"lazy\" class=\"xz74otr\" src=\"https:\/\/static.xx.fbcdn.net\/images\/emoji.php\/v9\/t5f\/1\/16\/1f31e.png\" alt=\"\ud83c\udf1e\" width=\"16\" height=\"16\" \/> <img decoding=\"async\" loading=\"lazy\" class=\"xz74otr\" src=\"https:\/\/static.xx.fbcdn.net\/images\/emoji.php\/v9\/t83\/1\/16\/1f60e.png\" alt=\"\ud83d\ude0e\" width=\"16\" height=\"16\" \/><\/span><br \/>\nPlace \u00e0 un peu de l\u00e9g\u00e8ret\u00e9 et de repos bien m\u00e9rit\u00e9s avant la rentr\u00e9e !<\/span><\/strong><\/p>\n<p>&nbsp;<\/p>\n<div class=\"x11i5rnm xat24cr x1mh8g0r x1vvkbs xtlvy1s x126k92a\">\n<div dir=\"auto\">Le temps est venu de se laisser doucement vivre, de prendre un peu de repos, de farniente, un peu de temps pour soi, de profiter de moments simples en famille ou entre amis, de s&rsquo;\u00e9vader en voyageant ou en r\u00eavassant\u2026<\/div>\n<\/div>\n<div class=\"x11i5rnm xat24cr x1mh8g0r x1vvkbs xtlvy1s x126k92a\">\n<div dir=\"auto\">Nous vous souhaitons \u00e0 tous de bonnes vacances ressour\u00e7antes !<\/div>\n<\/div>\n<p><!--more--><\/p>\n<div class=\"x11i5rnm xat24cr x1mh8g0r x1vvkbs xtlvy1s x126k92a\">\n<div dir=\"auto\">Durant cette p\u00e9riode estivale, La Source continue sa formation bureautique (<a href=\"https:\/\/lasource.be\/?page_id=231\" target=\"_blank\" rel=\"noopener\">Bureau&rsquo;TIC<\/a>) et sa formation num\u00e9rique de base (<a href=\"https:\/\/lasource.be\/?page_id=2478\" target=\"_blank\" rel=\"noopener\">Digistart<\/a>). Son <a href=\"https:\/\/lasource.be\/?page_id=47\" target=\"_blank\" rel=\"noopener\">EPN<\/a> (Espace Public Num\u00e9rique) reste \u00e9galement \u00e0 votre disposition (uniquement sur rendez-vous).<\/div>\n<div dir=\"auto\">Nous nous retrouverons \u00e0 la rentr\u00e9e de septembre pour nos formations en orientation professionnelle (<a href=\"https:\/\/lasource.be\/?page_id=44\" target=\"_blank\" rel=\"noopener\">JCMA<\/a> et <a href=\"https:\/\/lasource.be\/?page_id=1835\" target=\"_blank\" rel=\"noopener\">JBMA<\/a>).<\/div>\n<div dir=\"auto\"><\/div>\n<\/div>\n<div class=\"x11i5rnm xat24cr x1mh8g0r x1vvkbs xtlvy1s x126k92a\">\n<div dir=\"auto\"><span class=\"html-span xexx8yu x4uap5 x18d9i69 xkhd6sd x1hl2dhg x16tdsg8 x1vvkbs x3nfvp2 x1j61x8r x1fcty0u xdj266r xat24cr xgzva0m xhhsvwb xxymvpz xlup9mm x1kky2od\"><img decoding=\"async\" loading=\"lazy\" class=\"xz74otr\" src=\"https:\/\/static.xx.fbcdn.net\/images\/emoji.php\/v9\/tb7\/1\/16\/1f58b.png\" alt=\"\ud83d\udd8b\" width=\"16\" height=\"16\" \/> <\/span><span class=\"html-span xexx8yu x4uap5 x18d9i69 xkhd6sd x1hl2dhg x16tdsg8 x1vvkbs x3nfvp2 x1j61x8r x1fcty0u xdj266r xat24cr xgzva0m xhhsvwb xxymvpz xlup9mm x1kky2od\"><img decoding=\"async\" loading=\"lazy\" class=\"xz74otr\" src=\"https:\/\/static.xx.fbcdn.net\/images\/emoji.php\/v9\/t9a\/1\/16\/1f4d2.png\" alt=\"\ud83d\udcd2\" width=\"16\" height=\"16\" \/> <\/span>Notez d\u00e9j\u00e0 dans vos agendas nos <strong>s\u00e9ances d&rsquo;infos<\/strong> \u00e0 venir :<\/div>\n<div dir=\"auto\"><strong><span class=\"html-span xexx8yu x4uap5 x18d9i69 xkhd6sd x1hl2dhg x16tdsg8 x1vvkbs x3nfvp2 x1j61x8r x1fcty0u xdj266r xat24cr xgzva0m xhhsvwb xxymvpz xlup9mm x1kky2od\"><img decoding=\"async\" loading=\"lazy\" class=\"xz74otr\" src=\"https:\/\/static.xx.fbcdn.net\/images\/emoji.php\/v9\/t33\/1\/16\/2705.png\" alt=\"\u2705\" width=\"16\" height=\"16\" \/> <\/span>mardi 13 ao\u00fbt 2024 \u00e0 9h30<\/strong><\/div>\n<div dir=\"auto\"><strong><span class=\"html-span xexx8yu x4uap5 x18d9i69 xkhd6sd x1hl2dhg x16tdsg8 x1vvkbs x3nfvp2 x1j61x8r x1fcty0u xdj266r xat24cr xgzva0m xhhsvwb xxymvpz xlup9mm x1kky2od\"><img decoding=\"async\" loading=\"lazy\" class=\"xz74otr\" src=\"https:\/\/static.xx.fbcdn.net\/images\/emoji.php\/v9\/t33\/1\/16\/2705.png\" alt=\"\u2705\" width=\"16\" height=\"16\" \/> <\/span>mardi 27 ao\u00fbt 2024 \u00e0 9h30<\/strong><\/div>\n<div dir=\"auto\"><strong><span class=\"html-span xexx8yu x4uap5 x18d9i69 xkhd6sd x1hl2dhg x16tdsg8 x1vvkbs x3nfvp2 x1j61x8r x1fcty0u xdj266r xat24cr xgzva0m xhhsvwb xxymvpz xlup9mm x1kky2od\"><img decoding=\"async\" loading=\"lazy\" class=\"xz74otr\" src=\"https:\/\/static.xx.fbcdn.net\/images\/emoji.php\/v9\/t33\/1\/16\/2705.png\" alt=\"\u2705\" width=\"16\" height=\"16\" \/> <\/span>mardi 3 septembre 2024 \u00e0 9h30<\/strong><\/div>\n<div dir=\"auto\"><\/div>\n<\/div>\n<div class=\"x11i5rnm xat24cr x1mh8g0r x1vvkbs xtlvy1s x126k92a\">\n<div dir=\"auto\">Nous aurons l&rsquo;occasion de vous les rappeler prochainement et vous d\u00e9voiler en d\u00e9tails le contenu de nos futures formations.<\/div>\n<\/div>\n<div class=\"x11i5rnm xat24cr x1mh8g0r x1vvkbs xtlvy1s x126k92a\">\n<div dir=\"auto\">En attendant, toute l&rsquo;\u00e9quipe de La Source vous souhaite de <span style=\"color: #ffcc00;\"><strong>BONNES VACANCES \u00c0 TOUS<\/strong><\/span> ! Profitez bien <span class=\"html-span xexx8yu x4uap5 x18d9i69 xkhd6sd x1hl2dhg x16tdsg8 x1vvkbs x3nfvp2 x1j61x8r x1fcty0u xdj266r xat24cr xgzva0m xhhsvwb xxymvpz xlup9mm x1kky2od\"><img decoding=\"async\" loading=\"lazy\" class=\"xz74otr\" src=\"https:\/\/static.xx.fbcdn.net\/images\/emoji.php\/v9\/t57\/1\/16\/1f609.png\" alt=\"\ud83d\ude09\" width=\"16\" height=\"16\" \/><\/span><\/div>\n<\/div>\n<div dir=\"auto\"><\/div>\n<div dir=\"auto\"><a href=\"https:\/\/i0.wp.com\/lasource.be\/wp-content\/uploads\/2024\/07\/pub-jcma-septembre-2024_ok.png?ssl=1\" target=\"_blank\" rel=\"noopener\"><img data-attachment-id=\"2578\" data-permalink=\"https:\/\/lasource.be\/?attachment_id=2578\" data-orig-file=\"https:\/\/i0.wp.com\/lasource.be\/wp-content\/uploads\/2024\/07\/pub-jcma-septembre-2024_ok.png?fit=2504%2C1843&amp;ssl=1\" data-orig-size=\"2504,1843\" data-comments-opened=\"1\" data-image-meta=\"{&quot;aperture&quot;:&quot;0&quot;,&quot;credit&quot;:&quot;&quot;,&quot;camera&quot;:&quot;&quot;,&quot;caption&quot;:&quot;&quot;,&quot;created_timestamp&quot;:&quot;0&quot;,&quot;copyright&quot;:&quot;&quot;,&quot;focal_length&quot;:&quot;0&quot;,&quot;iso&quot;:&quot;0&quot;,&quot;shutter_speed&quot;:&quot;0&quot;,&quot;title&quot;:&quot;&quot;,&quot;orientation&quot;:&quot;0&quot;}\" data-image-title=\"pub jcma septembre 2024_ok\" data-image-description=\"\" data-image-caption=\"\" data-medium-file=\"https:\/\/i0.wp.com\/lasource.be\/wp-content\/uploads\/2024\/07\/pub-jcma-septembre-2024_ok.png?fit=300%2C221&amp;ssl=1\" data-large-file=\"https:\/\/i0.wp.com\/lasource.be\/wp-content\/uploads\/2024\/07\/pub-jcma-septembre-2024_ok.png?fit=825%2C607&amp;ssl=1\" decoding=\"async\" loading=\"lazy\" class=\"aligncenter wp-image-2578\" src=\"https:\/\/i0.wp.com\/lasource.be\/wp-content\/uploads\/2024\/07\/pub-jcma-septembre-2024_ok.png?resize=600%2C442&#038;ssl=1\" alt=\"\" width=\"600\" height=\"442\" srcset=\"https:\/\/i0.wp.com\/lasource.be\/wp-content\/uploads\/2024\/07\/pub-jcma-septembre-2024_ok.png?resize=300%2C221&amp;ssl=1 300w, https:\/\/i0.wp.com\/lasource.be\/wp-content\/uploads\/2024\/07\/pub-jcma-septembre-2024_ok.png?resize=1024%2C754&amp;ssl=1 1024w, https:\/\/i0.wp.com\/lasource.be\/wp-content\/uploads\/2024\/07\/pub-jcma-septembre-2024_ok.png?resize=768%2C565&amp;ssl=1 768w, https:\/\/i0.wp.com\/lasource.be\/wp-content\/uploads\/2024\/07\/pub-jcma-septembre-2024_ok.png?resize=1536%2C1131&amp;ssl=1 1536w, https:\/\/i0.wp.com\/lasource.be\/wp-content\/uploads\/2024\/07\/pub-jcma-septembre-2024_ok.png?resize=2048%2C1507&amp;ssl=1 2048w, https:\/\/i0.wp.com\/lasource.be\/wp-content\/uploads\/2024\/07\/pub-jcma-septembre-2024_ok.png?w=1650&amp;ssl=1 1650w, https:\/\/i0.wp.com\/lasource.be\/wp-content\/uploads\/2024\/07\/pub-jcma-septembre-2024_ok.png?w=2475&amp;ssl=1 2475w\" sizes=\"(max-width: 600px) 100vw, 600px\" data-recalc-dims=\"1\" \/><\/a><\/div>\n","protected":false},"excerpt":{"rendered":"<p>C&rsquo;est l&rsquo;\u00e9t\u00e9, le soleil pointe enfin le bout de son nez !\u00a0 Place \u00e0 un peu de l\u00e9g\u00e8ret\u00e9 et de repos bien m\u00e9rit\u00e9s avant la rentr\u00e9e ! &nbsp; Le temps&hellip; <a href=\"https:\/\/lasource.be\/?p=2575\" class=\"more-link\">Lire la suite <span class=\"screen-reader-text\">Vive les vacances ! Profitez, nous pr\u00e9parons la rentr\u00e9e \ud83d\ude0e<\/span><\/a><\/p>\n","protected":false},"author":1,"featured_media":0,"comment_status":"open","ping_status":"open","sticky":false,"template":"","format":"standard","meta":{"jetpack_post_was_ever_published":false,"jetpack_publicize_message":"","jetpack_is_tweetstorm":false,"jetpack_publicize_feature_enabled":true,"jetpack_social_post_already_shared":true,"jetpack_social_options":[]},"categories":[1],"tags":[],"jetpack_publicize_connections":[],"jetpack_featured_media_url":"","jetpack_sharing_enabled":true,"jetpack_shortlink":"https:\/\/wp.me\/p8UIgU-Fx","jetpack-related-posts":[{"id":2032,"url":"https:\/\/lasource.be\/?p=2032","url_meta":{"origin":2575,"position":0},"title":"\u00c0 vos agendas !","date":"11 juillet 2023","format":false,"excerpt":"L'\u00e9t\u00e9 est l\u00e0 ! Place \u00e0 un peu de l\u00e9g\u00e8ret\u00e9 et de repos bien m\u00e9rit\u00e9s avant la rentr\u00e9e ! \u00a0 Nos formations en orientation professionnelle \"Je Cr\u00e9e Mon Avenir\" et \"Je Booste Mon Avenir\" viennent de se terminer en ce d\u00e9but de juillet (nous reviendrons plus en d\u00e9tails sur cet\u2026","rel":"","context":"Dans &quot;Actualit\u00e9&quot;","img":{"alt_text":"","src":"https:\/\/i0.wp.com\/lasource.be\/wp-content\/uploads\/2023\/07\/Couverture-Facebook-Post-it-Finish-Magnets-OK-300x114.png?resize=350%2C200&ssl=1","width":350,"height":200},"classes":[]},{"id":1566,"url":"https:\/\/lasource.be\/?p=1566","url_meta":{"origin":2575,"position":1},"title":"!!! Votre nouvelle formation \u00ab\u00a0Je cr\u00e9e mon avenir\u00a0\u00bb d\u00e9bute au mois de SEPTEMBRE !!!","date":"30 juillet 2021","format":false,"excerpt":"Nous sommes encore en \u00e9t\u00e9 (m\u00eame si le temps maussade nous en fait quelque peu douter...) et doucement, la rentr\u00e9e se profile \u00e0 l'horizon. Symbolique rentr\u00e9e du mois de septembre ! Tout comme nos \u00e9coliers, \"la rentr\u00e9e\" est synonyme de nouveau d\u00e9part, de projets, de questionnements et surtout\u00a0 d'avenir !\u2026","rel":"","context":"Dans &quot;Actualit\u00e9&quot;","img":{"alt_text":"","src":"https:\/\/i0.wp.com\/lasource.be\/wp-content\/uploads\/2021\/07\/Projet-Pub-Proximag-octobre-2021-JCMA-35-300x300.png?resize=350%2C200","width":350,"height":200},"classes":[]},{"id":2762,"url":"https:\/\/lasource.be\/?p=2762","url_meta":{"origin":2575,"position":2},"title":"\ud83d\udce3\u200b Votre formation \u00ab\u00a0Je Cr\u00e9e Mon Avenir\u00a0\u00bb is back !!! Tous \u00e0 vos agendas !!! \ud83d\udcdd","date":"6 ao\u00fbt 2025","format":false,"excerpt":"Nous sommes encore au mois d'ao\u00fbt mais il est d\u00e9j\u00e0 temps de penser doucement \u00e0 pr\u00e9parer activement votre rentr\u00e9e\u2026 \u00c0 partir du 08 septembre prochain, notre formation \"Je Cr\u00e9e Mon Avenir\" fait son retour !!! Vous avez besoin d'un accompagnement pour construire votre projet professionnel ?\u00a0 Cette formation est pour\u2026","rel":"","context":"Dans &quot;Actualit\u00e9&quot;","img":{"alt_text":"","src":"https:\/\/i0.wp.com\/lasource.be\/wp-content\/uploads\/2025\/08\/Pub-JCMA-Sept25-Fev26-300x192.png?resize=350%2C200&ssl=1","width":350,"height":200},"classes":[]},{"id":1609,"url":"https:\/\/lasource.be\/?p=1609","url_meta":{"origin":2575,"position":3},"title":"Besoin d&rsquo;un peu d&rsquo;aide pour booster votre recherche d&#8217;emploi ?","date":"9 septembre 2021","format":false,"excerpt":"Septembre est l\u00e0 ! L'\u00e9t\u00e9 et la farniente font place \u00e0 la rentr\u00e9e et aux bonnes r\u00e9solutions ! Vous voil\u00e0 reboost\u00e9s, vos batteries sont bien recharg\u00e9es et vous \u00eates pr\u00eats pour une rentr\u00e9e positive et super active ! C'est d\u00e9cid\u00e9, c'est le moment de booster votre recherche d'emploi, de r\u00e9actualiser\u2026","rel":"","context":"Dans &quot;Actualit\u00e9&quot;","img":{"alt_text":"","src":"https:\/\/i0.wp.com\/lasource.be\/wp-content\/uploads\/2021\/08\/Pub-PMTIC-Septembre-2021-Finish-300x300.png?resize=350%2C200","width":350,"height":200},"classes":[]},{"id":2082,"url":"https:\/\/lasource.be\/?p=2082","url_meta":{"origin":2575,"position":4},"title":"Tous \u00e0 vos agendas, date \u00e0 retenir !  ;-)","date":"1 ao\u00fbt 2023","format":false,"excerpt":"Nous voici au d\u00e9but du mois d'ao\u00fbt, c'est encore le temps des vacances mais la rentr\u00e9e se profile d\u00e9j\u00e0 doucement \u00e0 l'horizon... Vous avez eu une id\u00e9e g\u00e9niale cet \u00e9t\u00e9, vous avez d\u00e9cid\u00e9 d'entreprendre une formation !\u00a0 \ud83d\udc4d Et pourquoi pas \u00e0 La Source ? Durant le mois d'ao\u00fbt, nous\u2026","rel":"","context":"Dans &quot;Actualit\u00e9&quot;","img":{"alt_text":"","src":"https:\/\/i0.wp.com\/lasource.be\/wp-content\/uploads\/2023\/08\/rappel-seance-dinfo-8-aout-300x141.png?resize=350%2C200&ssl=1","width":350,"height":200},"classes":[]},{"id":2271,"url":"https:\/\/lasource.be\/?p=2271","url_meta":{"origin":2575,"position":5},"title":"Petit drink avec nos stagiaires Bureau&rsquo;TIC","date":"11 ao\u00fbt 2023","format":false,"excerpt":"Jeudi 10 ao\u00fbt... et si on prenait le temps... le temps d'un petit drink avec nos stagiaires de la formation informatique Bureau'TIC ! Un petit drink pour partager un moment privil\u00e9gi\u00e9 et convivial, en toute simplicit\u00e9 Prendre un peu le temps de se d\u00e9couvrir autrement que devant un \u00e9cran d\u2019ordinateur\u2026\u2026","rel":"","context":"Dans &quot;Actualit\u00e9&quot;","img":{"alt_text":"","src":"https:\/\/i0.wp.com\/lasource.be\/wp-content\/uploads\/2023\/08\/IMG_9176-Copie-scaled.jpg?resize=350%2C200","width":350,"height":200},"classes":[]}],"_links":{"self":[{"href":"https:\/\/lasource.be\/index.php?rest_route=\/wp\/v2\/posts\/2575"}],"collection":[{"href":"https:\/\/lasource.be\/index.php?rest_route=\/wp\/v2\/posts"}],"about":[{"href":"https:\/\/lasource.be\/index.php?rest_route=\/wp\/v2\/types\/post"}],"author":[{"embeddable":true,"href":"https:\/\/lasource.be\/index.php?rest_route=\/wp\/v2\/users\/1"}],"replies":[{"embeddable":true,"href":"https:\/\/lasource.be\/index.php?rest_route=%2Fwp%2Fv2%2Fcomments&post=2575"}],"version-history":[{"count":8,"href":"https:\/\/lasource.be\/index.php?rest_route=\/wp\/v2\/posts\/2575\/revisions"}],"predecessor-version":[{"id":2625,"href":"https:\/\/lasource.be\/index.php?rest_route=\/wp\/v2\/posts\/2575\/revisions\/2625"}],"wp:attachment":[{"href":"https:\/\/lasource.be\/index.php?rest_route=%2Fwp%2Fv2%2Fmedia&parent=2575"}],"wp:term":[{"taxonomy":"category","embeddable":true,"href":"https:\/\/lasource.be\/index.php?rest_route=%2Fwp%2Fv2%2Fcategories&post=2575"},{"taxonomy":"post_tag","embeddable":true,"href":"https:\/\/lasource.be\/index.php?rest_route=%2Fwp%2Fv2%2Ftags&post=2575"}],"curies":[{"name":"wp","href":"https:\/\/api.w.org\/{rel}","templated":true}]}}