{"id":2587,"date":"2024-09-03T12:47:19","date_gmt":"2024-09-03T10:47:19","guid":{"rendered":"https:\/\/lasource.be\/?p=2587"},"modified":"2024-09-03T12:47:19","modified_gmt":"2024-09-03T10:47:19","slug":"decouvrez-notre-catalogue-de-formations-pour-la-rentree-%f0%9f%91%8d%ef%b8%8f","status":"publish","type":"post","link":"https:\/\/lasource.be\/?p=2587","title":{"rendered":"D\u00e9couvrez notre catalogue de formations pour la rentr\u00e9e \ud83d\udc4d\ufe0f"},"content":{"rendered":"<p><a href=\"https:\/\/i0.wp.com\/lasource.be\/wp-content\/uploads\/2024\/09\/Pub-4-formations-sans-dates.png?ssl=1\" target=\"_blank\" rel=\"noopener\"><img data-attachment-id=\"2588\" data-permalink=\"https:\/\/lasource.be\/?attachment_id=2588\" data-orig-file=\"https:\/\/i0.wp.com\/lasource.be\/wp-content\/uploads\/2024\/09\/Pub-4-formations-sans-dates.png?fit=5055%2C3307&amp;ssl=1\" data-orig-size=\"5055,3307\" data-comments-opened=\"1\" data-image-meta=\"{&quot;aperture&quot;:&quot;0&quot;,&quot;credit&quot;:&quot;&quot;,&quot;camera&quot;:&quot;&quot;,&quot;caption&quot;:&quot;&quot;,&quot;created_timestamp&quot;:&quot;0&quot;,&quot;copyright&quot;:&quot;&quot;,&quot;focal_length&quot;:&quot;0&quot;,&quot;iso&quot;:&quot;0&quot;,&quot;shutter_speed&quot;:&quot;0&quot;,&quot;title&quot;:&quot;&quot;,&quot;orientation&quot;:&quot;0&quot;}\" data-image-title=\"Pub 4 formations-sans dates\" data-image-description=\"\" data-image-caption=\"\" data-medium-file=\"https:\/\/i0.wp.com\/lasource.be\/wp-content\/uploads\/2024\/09\/Pub-4-formations-sans-dates.png?fit=300%2C196&amp;ssl=1\" data-large-file=\"https:\/\/i0.wp.com\/lasource.be\/wp-content\/uploads\/2024\/09\/Pub-4-formations-sans-dates.png?fit=825%2C540&amp;ssl=1\" decoding=\"async\" loading=\"lazy\" class=\"aligncenter wp-image-2588\" src=\"https:\/\/i0.wp.com\/lasource.be\/wp-content\/uploads\/2024\/09\/Pub-4-formations-sans-dates.png?resize=600%2C393&#038;ssl=1\" alt=\"\" width=\"600\" height=\"393\" srcset=\"https:\/\/i0.wp.com\/lasource.be\/wp-content\/uploads\/2024\/09\/Pub-4-formations-sans-dates.png?resize=300%2C196&amp;ssl=1 300w, https:\/\/i0.wp.com\/lasource.be\/wp-content\/uploads\/2024\/09\/Pub-4-formations-sans-dates.png?resize=1024%2C670&amp;ssl=1 1024w, https:\/\/i0.wp.com\/lasource.be\/wp-content\/uploads\/2024\/09\/Pub-4-formations-sans-dates.png?resize=768%2C502&amp;ssl=1 768w, https:\/\/i0.wp.com\/lasource.be\/wp-content\/uploads\/2024\/09\/Pub-4-formations-sans-dates.png?resize=1536%2C1005&amp;ssl=1 1536w, https:\/\/i0.wp.com\/lasource.be\/wp-content\/uploads\/2024\/09\/Pub-4-formations-sans-dates.png?resize=2048%2C1340&amp;ssl=1 2048w, https:\/\/i0.wp.com\/lasource.be\/wp-content\/uploads\/2024\/09\/Pub-4-formations-sans-dates.png?w=1650&amp;ssl=1 1650w, https:\/\/i0.wp.com\/lasource.be\/wp-content\/uploads\/2024\/09\/Pub-4-formations-sans-dates.png?w=2475&amp;ssl=1 2475w\" sizes=\"(max-width: 600px) 100vw, 600px\" data-recalc-dims=\"1\" \/><\/a><\/p>\n","protected":false},"excerpt":{"rendered":"","protected":false},"author":1,"featured_media":0,"comment_status":"open","ping_status":"open","sticky":false,"template":"","format":"standard","meta":{"jetpack_post_was_ever_published":false,"jetpack_publicize_message":"","jetpack_is_tweetstorm":false,"jetpack_publicize_feature_enabled":true,"jetpack_social_post_already_shared":true,"jetpack_social_options":[]},"categories":[1],"tags":[],"jetpack_publicize_connections":[],"jetpack_featured_media_url":"","jetpack_sharing_enabled":true,"jetpack_shortlink":"https:\/\/wp.me\/p8UIgU-FJ","jetpack-related-posts":[{"id":2082,"url":"https:\/\/lasource.be\/?p=2082","url_meta":{"origin":2587,"position":0},"title":"Tous \u00e0 vos agendas, date \u00e0 retenir !  ;-)","date":"1 ao\u00fbt 2023","format":false,"excerpt":"Nous voici au d\u00e9but du mois d'ao\u00fbt, c'est encore le temps des vacances mais la rentr\u00e9e se profile d\u00e9j\u00e0 doucement \u00e0 l'horizon... Vous avez eu une id\u00e9e g\u00e9niale cet \u00e9t\u00e9, vous avez d\u00e9cid\u00e9 d'entreprendre une formation !\u00a0 \ud83d\udc4d Et pourquoi pas \u00e0 La Source ? Durant le mois d'ao\u00fbt, nous\u2026","rel":"","context":"Dans &quot;Actualit\u00e9&quot;","img":{"alt_text":"","src":"https:\/\/i0.wp.com\/lasource.be\/wp-content\/uploads\/2023\/08\/rappel-seance-dinfo-8-aout-300x141.png?resize=350%2C200&ssl=1","width":350,"height":200},"classes":[]},{"id":2558,"url":"https:\/\/lasource.be\/?p=2558","url_meta":{"origin":2587,"position":1},"title":"\ud83d\udc4d Stagiaires \u00e0 l&rsquo;honneur \ud83d\udc4d","date":"12 mars 2024","format":false,"excerpt":"Deux stagiaires de la pr\u00e9c\u00e9dente formation \"Je Cr\u00e9e Mon Avenir\" ont d\u00e9croch\u00e9 un emploi !!! BRAVO \u00e0 eux, nous leur souhaitons beaucoup de r\u00e9ussite dans leurs parcours ! \ud83d\udc4f","rel":"","context":"Dans &quot;Actualit\u00e9&quot;","img":{"alt_text":"","src":"https:\/\/i0.wp.com\/lasource.be\/wp-content\/uploads\/2024\/03\/Eddy.gif?resize=350%2C200","width":350,"height":200},"classes":[]},{"id":2811,"url":"https:\/\/lasource.be\/?p=2811","url_meta":{"origin":2587,"position":2},"title":"\ud83d\udcbb\u200b DIGISTART, en route vers l&rsquo;autonomie num\u00e9rique","date":"29 octobre 2025","format":false,"excerpt":"Tout simplement parce qu'aujourd'hui, on n'a pas le choix ! Le num\u00e9rique fait partie de nos vies et est devenu INDISPENSABLE ! Vous n'utilisez pas les outils num\u00e9riques et les nombreux services en ligne propos\u00e9s\u2026 parce que\u2026 \ud83d\ude31\u200b vous avez peur de vous tromper \ud83d\ude08\u200b vous estimez cela trop dangereux\u2026","rel":"","context":"Dans &quot;Actualit\u00e9&quot;","img":{"alt_text":"","src":"https:\/\/i0.wp.com\/lasource.be\/wp-content\/uploads\/2025\/10\/pub-DIGISTART-Novembre-2025-300x221.png?resize=350%2C200&ssl=1","width":350,"height":200},"classes":[]},{"id":2566,"url":"https:\/\/lasource.be\/?p=2566","url_meta":{"origin":2587,"position":3},"title":"\ud83d\udc4d Stagiaire \u00e0 l&rsquo;honneur \ud83d\udc4d","date":"10 avril 2024","format":false,"excerpt":"En ce d\u00e9but du mois d'avril, nous tenons \u00e0 mettre une de nos anciennes stagiaires \u00e0 l'honneur, il s'agit de Nancy. Nancy avait suivi la formation \"Je Cr\u00e9e Mon Avenir\"\u00a0 de septembre 2023 \u00e0 f\u00e9vrier 2024. Elle s'est \u00e9panouie tout au long de son parcours et s'est impliqu\u00e9e \u00e0 fond\u2026","rel":"","context":"Dans &quot;Actualit\u00e9&quot;","img":{"alt_text":"","src":"https:\/\/i0.wp.com\/lasource.be\/wp-content\/uploads\/2024\/04\/Nancy-300x251.gif?resize=350%2C200&ssl=1","width":350,"height":200},"classes":[]},{"id":2862,"url":"https:\/\/lasource.be\/?p=2862","url_meta":{"origin":2587,"position":4},"title":"\ud83c\udfe0\u200b\ud83d\udce6\u200bLa Source d\u00e9m\u00e9nage !!! \ud83c\udfe0\u200b\ud83d\udce6\u200b","date":"14 janvier 2026","format":false,"excerpt":"L'ann\u00e9e 2026 commence sur les chapeaux de roues pour La Source ! Votre Asbl Lasource Bouillon \ud835\uddf1\ud835\uddf2\u0301\ud835\uddfa\ud835\uddf2\u0301\ud835\uddfb\ud835\uddee\ud835\uddf4\ud835\uddf2 et vient tout juste de s'installer dans ses nouveaux locaux situ\u00e9s au : \ud835\udff4, \ud835\udde0\ud835\uddf2\ud835\uddfb\ud835\ude02\ud835\uddf0\ud835\uddf5\ud835\uddf2\ud835\uddfb\ud835\uddf2\ud835\ude01 \ud835\udff2\ud835\udff4\ud835\udfef\ud835\udff0 \ud835\uddd5\ud835\uddd8\ud835\udddf\ud835\udddf\ud835\uddd8\ud835\udde9\ud835\uddd4\ud835\udde8\ud835\uddeb N'h\u00e9sitez pas \u00e0 nous rendre une petite visite et d\u00e9couvrir nos locaux modernes et lumineux qui\u2026","rel":"","context":"Dans &quot;Actualit\u00e9&quot;","img":{"alt_text":"","src":"https:\/\/i0.wp.com\/lasource.be\/wp-content\/uploads\/2026\/01\/Demenagement-300x158.png?resize=350%2C200&ssl=1","width":350,"height":200},"classes":[]},{"id":2032,"url":"https:\/\/lasource.be\/?p=2032","url_meta":{"origin":2587,"position":5},"title":"\u00c0 vos agendas !","date":"11 juillet 2023","format":false,"excerpt":"L'\u00e9t\u00e9 est l\u00e0 ! Place \u00e0 un peu de l\u00e9g\u00e8ret\u00e9 et de repos bien m\u00e9rit\u00e9s avant la rentr\u00e9e ! \u00a0 Nos formations en orientation professionnelle \"Je Cr\u00e9e Mon Avenir\" et \"Je Booste Mon Avenir\" viennent de se terminer en ce d\u00e9but de juillet (nous reviendrons plus en d\u00e9tails sur cet\u2026","rel":"","context":"Dans &quot;Actualit\u00e9&quot;","img":{"alt_text":"","src":"https:\/\/i0.wp.com\/lasource.be\/wp-content\/uploads\/2023\/07\/Couverture-Facebook-Post-it-Finish-Magnets-OK-300x114.png?resize=350%2C200&ssl=1","width":350,"height":200},"classes":[]}],"_links":{"self":[{"href":"https:\/\/lasource.be\/index.php?rest_route=\/wp\/v2\/posts\/2587"}],"collection":[{"href":"https:\/\/lasource.be\/index.php?rest_route=\/wp\/v2\/posts"}],"about":[{"href":"https:\/\/lasource.be\/index.php?rest_route=\/wp\/v2\/types\/post"}],"author":[{"embeddable":true,"href":"https:\/\/lasource.be\/index.php?rest_route=\/wp\/v2\/users\/1"}],"replies":[{"embeddable":true,"href":"https:\/\/lasource.be\/index.php?rest_route=%2Fwp%2Fv2%2Fcomments&post=2587"}],"version-history":[{"count":2,"href":"https:\/\/lasource.be\/index.php?rest_route=\/wp\/v2\/posts\/2587\/revisions"}],"predecessor-version":[{"id":2590,"href":"https:\/\/lasource.be\/index.php?rest_route=\/wp\/v2\/posts\/2587\/revisions\/2590"}],"wp:attachment":[{"href":"https:\/\/lasource.be\/index.php?rest_route=%2Fwp%2Fv2%2Fmedia&parent=2587"}],"wp:term":[{"taxonomy":"category","embeddable":true,"href":"https:\/\/lasource.be\/index.php?rest_route=%2Fwp%2Fv2%2Fcategories&post=2587"},{"taxonomy":"post_tag","embeddable":true,"href":"https:\/\/lasource.be\/index.php?rest_route=%2Fwp%2Fv2%2Ftags&post=2587"}],"curies":[{"name":"wp","href":"https:\/\/api.w.org\/{rel}","templated":true}]}}