{"id":2627,"date":"2024-11-12T15:25:01","date_gmt":"2024-11-12T14:25:01","guid":{"rendered":"https:\/\/lasource.be\/?p=2627"},"modified":"2024-11-12T15:29:22","modified_gmt":"2024-11-12T14:29:22","slug":"%f0%9f%93%a3-2025-retour-du-module-phare","status":"publish","type":"post","link":"https:\/\/lasource.be\/?p=2627","title":{"rendered":"\ud83d\udce3 2025 : Retour du module PHARE"},"content":{"rendered":"<p style=\"text-align: center;\">Notre Service d&rsquo;Insertion Sociale a le grand plaisir de vous annoncer la deuxi\u00e8me \u00e9dition de son module <span style=\"color: #ff6600;\"><a style=\"color: #ff6600;\" href=\"https:\/\/lasource.be\/?page_id=2344\" target=\"_blank\" rel=\"noopener\"><strong>PHARE<\/strong><\/a><\/span><\/p>\n<p style=\"text-align: center;\">D\u00e8s le mois de janvier 2025, retrouvez notre \u00e9quipe qui vous accompagnera pendant 6 mois pour dessiner <strong>votre projet de vie<\/strong><\/p>\n<p style=\"text-align: center;\"><a href=\"https:\/\/i0.wp.com\/lasource.be\/wp-content\/uploads\/2024\/11\/Couverture-Facebook-PHARE-2025.png?ssl=1\" target=\"_blank\" rel=\"noopener\"><img data-attachment-id=\"2628\" data-permalink=\"https:\/\/lasource.be\/?attachment_id=2628\" data-orig-file=\"https:\/\/i0.wp.com\/lasource.be\/wp-content\/uploads\/2024\/11\/Couverture-Facebook-PHARE-2025.png?fit=1656%2C630&amp;ssl=1\" data-orig-size=\"1656,630\" data-comments-opened=\"1\" data-image-meta=\"{&quot;aperture&quot;:&quot;0&quot;,&quot;credit&quot;:&quot;&quot;,&quot;camera&quot;:&quot;&quot;,&quot;caption&quot;:&quot;&quot;,&quot;created_timestamp&quot;:&quot;0&quot;,&quot;copyright&quot;:&quot;&quot;,&quot;focal_length&quot;:&quot;0&quot;,&quot;iso&quot;:&quot;0&quot;,&quot;shutter_speed&quot;:&quot;0&quot;,&quot;title&quot;:&quot;&quot;,&quot;orientation&quot;:&quot;0&quot;}\" data-image-title=\"Couverture Facebook PHARE 2025\" data-image-description=\"\" data-image-caption=\"\" data-medium-file=\"https:\/\/i0.wp.com\/lasource.be\/wp-content\/uploads\/2024\/11\/Couverture-Facebook-PHARE-2025.png?fit=300%2C114&amp;ssl=1\" data-large-file=\"https:\/\/i0.wp.com\/lasource.be\/wp-content\/uploads\/2024\/11\/Couverture-Facebook-PHARE-2025.png?fit=825%2C314&amp;ssl=1\" decoding=\"async\" loading=\"lazy\" class=\"aligncenter wp-image-2628\" src=\"https:\/\/i0.wp.com\/lasource.be\/wp-content\/uploads\/2024\/11\/Couverture-Facebook-PHARE-2025.png?resize=600%2C228&#038;ssl=1\" alt=\"\" width=\"600\" height=\"228\" srcset=\"https:\/\/i0.wp.com\/lasource.be\/wp-content\/uploads\/2024\/11\/Couverture-Facebook-PHARE-2025.png?resize=300%2C114&amp;ssl=1 300w, https:\/\/i0.wp.com\/lasource.be\/wp-content\/uploads\/2024\/11\/Couverture-Facebook-PHARE-2025.png?resize=1024%2C390&amp;ssl=1 1024w, https:\/\/i0.wp.com\/lasource.be\/wp-content\/uploads\/2024\/11\/Couverture-Facebook-PHARE-2025.png?resize=768%2C292&amp;ssl=1 768w, https:\/\/i0.wp.com\/lasource.be\/wp-content\/uploads\/2024\/11\/Couverture-Facebook-PHARE-2025.png?resize=1536%2C584&amp;ssl=1 1536w, https:\/\/i0.wp.com\/lasource.be\/wp-content\/uploads\/2024\/11\/Couverture-Facebook-PHARE-2025.png?w=1656&amp;ssl=1 1656w\" sizes=\"(max-width: 600px) 100vw, 600px\" data-recalc-dims=\"1\" \/><\/a><\/p>\n<div dir=\"auto\">\ud835\udc3c\ud835\ude2e\ud835\udc4e\ud835\ude28\ud835\udc56\ud835\ude2f\ud835\udc52 \u2026 <span class=\"html-span xexx8yu x4uap5 x18d9i69 xkhd6sd x1hl2dhg x16tdsg8 x1vvkbs x3nfvp2 x1j61x8r x1fcty0u xdj266r xat24cr xgzva0m xhhsvwb xxymvpz xlup9mm x1kky2od\"><img decoding=\"async\" loading=\"lazy\" class=\"xz74otr\" src=\"https:\/\/static.xx.fbcdn.net\/images\/emoji.php\/v9\/t7c\/1\/16\/26f5.png\" alt=\"\u26f5\ufe0f\" width=\"16\" height=\"16\" \/><\/span><\/div>\n<div dir=\"auto\">\ud835\udc3f&rsquo;\ud835\udc52\ud835\ude2f\ud835\udc63\ud835\ude2a\ud835\udc52 \ud835\udc51\ud835\ude26 \ud835\ude2f\ud835\udc4e\ud835\ude37\ud835\udc56\ud835\ude28\ud835\udc62\ud835\ude26\ud835\udc5f \ud835\udc63\ud835\ude26\ud835\udc5f\ud835\ude34 \ud835\ude25\ud835\udc52 \ud835\udc5b\ud835\ude30\ud835\udc62\ud835\ude37\ud835\udc52\ud835\ude22\ud835\udc62\ud835\ude39 \ud835\ude29\ud835\udc5c\ud835\ude33\ud835\udc56\ud835\ude3b\ud835\udc5c\ud835\ude2f\ud835\udc60 \ud835\udc52\ud835\ude35 \ud835\ude25&rsquo;\ud835\ude22\ud835\udc63\ud835\ude22\ud835\udc5b\ud835\ude24\ud835\udc52\ud835\ude33 \ud835\ude25\ud835\udc4e\ud835\ude2f\ud835\udc60 \ud835\udc59\ud835\ude22 \ud835\ude37\ud835\udc56\ud835\ude26 \ud835\ude2e\ud835\udc4e\ud835\ude2a\ud835\udc60 \ud835\udc61\ud835\ude36 \ud835\ude35\ud835\udc52 \ud835\udc60\ud835\ude26\ud835\udc5b\ud835\ude34 \ud835\ude24\ud835\udc5c\ud835\ude2e\ud835\udc5a\ud835\ude26 \ud835\ude31\ud835\udc52\ud835\ude33\ud835\udc51\ud835\ude36 \ud835\ude34\ud835\udc62\ud835\ude33 \ud835\ude2d\ud835\udc52\ud835\ude34 \ud835\ude27\ud835\udc59\ud835\ude30\ud835\udc61\ud835\ude34 \u2026<span class=\"html-span xexx8yu x4uap5 x18d9i69 xkhd6sd x1hl2dhg x16tdsg8 x1vvkbs x3nfvp2 x1j61x8r x1fcty0u xdj266r xat24cr xgzva0m xhhsvwb xxymvpz xlup9mm x1kky2od\"><img decoding=\"async\" loading=\"lazy\" class=\"xz74otr\" src=\"https:\/\/static.xx.fbcdn.net\/images\/emoji.php\/v9\/t50\/1\/16\/1f6df.png\" alt=\"\ud83d\udedf\" width=\"16\" height=\"16\" \/><\/span><\/div>\n<div dir=\"auto\">\ud835\udc34\ud835\ude31\ud835\udc5d\ud835\ude22\ud835\udc5f\ud835\ude22\ud835\udc56\u0302\ud835\ude35 \ud835\ude2d\ud835\udc4e \ud835\udc59\ud835\ude36\ud835\udc52\ud835\ude36\ud835\udc5f \ud835\udc51&rsquo;\ud835\udc62\ud835\ude2f \ud835\ude31\u210e\ud835\ude22\ud835\udc5f\ud835\ude26<span class=\"html-span xexx8yu x4uap5 x18d9i69 xkhd6sd x1hl2dhg x16tdsg8 x1vvkbs x3nfvp2 x1j61x8r x1fcty0u xdj266r xat24cr xgzva0m xhhsvwb xxymvpz xlup9mm x1kky2od\"><img decoding=\"async\" loading=\"lazy\" class=\"xz74otr\" src=\"https:\/\/static.xx.fbcdn.net\/images\/emoji.php\/v9\/t3c\/1\/16\/1f4a1.png\" alt=\"\ud83d\udca1\" width=\"16\" height=\"16\" \/><\/span>; \ud835\ude35\ud835\udc62 \ud835\udc52\ud835\ude2f\ud835\udc61\ud835\ude33\ud835\udc52\ud835\ude37\ud835\udc5c\ud835\ude2a\ud835\udc60 \ud835\udc62\ud835\ude2f \ud835\ude24\u210e\ud835\ude26\ud835\udc5a\ud835\ude2a\ud835\udc5b \ud835\udc5d\ud835\ude30\ud835\udc60\ud835\ude34\ud835\udc56\ud835\ude23\ud835\udc59\ud835\ude26 \ud83e\udded<\/div>\n<div dir=\"auto\"><\/div>\n<div dir=\"auto\">Le module PHARE est l\u00e0 pour t&rsquo;amener \u00e0 une meilleure connaissance de toi, r\u00e9v\u00e9ler tes forces, oser sortir de ta bulle et t&rsquo;accompagner, pas \u00e0 pas, vers ton projet de vie.<\/div>\n<div dir=\"auto\">Alors, si tu penses qu&rsquo;il est fait pour toi, mets le cap vers une s\u00e9ance d&rsquo;info ou contacte nous ! <span class=\"html-span xexx8yu x4uap5 x18d9i69 xkhd6sd x1hl2dhg x16tdsg8 x1vvkbs x3nfvp2 x1j61x8r x1fcty0u xdj266r xat24cr xgzva0m xhhsvwb xxymvpz xlup9mm x1kky2od\"><img decoding=\"async\" loading=\"lazy\" class=\"xz74otr\" src=\"https:\/\/static.xx.fbcdn.net\/images\/emoji.php\/v9\/t57\/1\/16\/1f609.png\" alt=\"\ud83d\ude09\" width=\"16\" height=\"16\" \/><\/span><\/div>\n<p><span style=\"color: #ff6600;\">\ud83d\udcde<\/span><span style=\"color: #ff6600;\">\u00a0<span style=\"color: #000000;\">061\/46 86 88<\/span><\/span><\/p>\n<p>S\u00e9ances d&rsquo;info :<br \/>\n\u2705 Jeudi 14 novembre 2024 \u00e0 11h<br \/>\n\u2705 Jeudi 5 d\u00e9cembre 2024 \u00e0 11h<\/p>\n<p><a href=\"https:\/\/i0.wp.com\/lasource.be\/wp-content\/uploads\/2024\/11\/post-facebook-PHARE-seances-dinfo-OK.png?ssl=1\" target=\"_blank\" rel=\"noopener\"><img data-attachment-id=\"2634\" data-permalink=\"https:\/\/lasource.be\/?attachment_id=2634\" data-orig-file=\"https:\/\/i0.wp.com\/lasource.be\/wp-content\/uploads\/2024\/11\/post-facebook-PHARE-seances-dinfo-OK.png?fit=5625%2C4500&amp;ssl=1\" data-orig-size=\"5625,4500\" data-comments-opened=\"1\" data-image-meta=\"{&quot;aperture&quot;:&quot;0&quot;,&quot;credit&quot;:&quot;&quot;,&quot;camera&quot;:&quot;&quot;,&quot;caption&quot;:&quot;&quot;,&quot;created_timestamp&quot;:&quot;0&quot;,&quot;copyright&quot;:&quot;&quot;,&quot;focal_length&quot;:&quot;0&quot;,&quot;iso&quot;:&quot;0&quot;,&quot;shutter_speed&quot;:&quot;0&quot;,&quot;title&quot;:&quot;&quot;,&quot;orientation&quot;:&quot;0&quot;}\" data-image-title=\"post facebook PHARE-s\u00e9ances d&amp;rsquo;info-OK\" data-image-description=\"\" data-image-caption=\"\" data-medium-file=\"https:\/\/i0.wp.com\/lasource.be\/wp-content\/uploads\/2024\/11\/post-facebook-PHARE-seances-dinfo-OK.png?fit=300%2C240&amp;ssl=1\" data-large-file=\"https:\/\/i0.wp.com\/lasource.be\/wp-content\/uploads\/2024\/11\/post-facebook-PHARE-seances-dinfo-OK.png?fit=825%2C660&amp;ssl=1\" decoding=\"async\" loading=\"lazy\" class=\"aligncenter wp-image-2634\" src=\"https:\/\/i0.wp.com\/lasource.be\/wp-content\/uploads\/2024\/11\/post-facebook-PHARE-seances-dinfo-OK.png?resize=600%2C480&#038;ssl=1\" alt=\"\" width=\"600\" height=\"480\" srcset=\"https:\/\/i0.wp.com\/lasource.be\/wp-content\/uploads\/2024\/11\/post-facebook-PHARE-seances-dinfo-OK.png?resize=300%2C240&amp;ssl=1 300w, https:\/\/i0.wp.com\/lasource.be\/wp-content\/uploads\/2024\/11\/post-facebook-PHARE-seances-dinfo-OK.png?resize=1024%2C819&amp;ssl=1 1024w, https:\/\/i0.wp.com\/lasource.be\/wp-content\/uploads\/2024\/11\/post-facebook-PHARE-seances-dinfo-OK.png?resize=768%2C614&amp;ssl=1 768w, https:\/\/i0.wp.com\/lasource.be\/wp-content\/uploads\/2024\/11\/post-facebook-PHARE-seances-dinfo-OK.png?resize=1536%2C1229&amp;ssl=1 1536w, https:\/\/i0.wp.com\/lasource.be\/wp-content\/uploads\/2024\/11\/post-facebook-PHARE-seances-dinfo-OK.png?resize=2048%2C1638&amp;ssl=1 2048w, https:\/\/i0.wp.com\/lasource.be\/wp-content\/uploads\/2024\/11\/post-facebook-PHARE-seances-dinfo-OK.png?w=1650&amp;ssl=1 1650w, https:\/\/i0.wp.com\/lasource.be\/wp-content\/uploads\/2024\/11\/post-facebook-PHARE-seances-dinfo-OK.png?w=2475&amp;ssl=1 2475w\" sizes=\"(max-width: 600px) 100vw, 600px\" data-recalc-dims=\"1\" \/><\/a><\/p>\n","protected":false},"excerpt":{"rendered":"<p>Notre Service d&rsquo;Insertion Sociale a le grand plaisir de vous annoncer la deuxi\u00e8me \u00e9dition de son module PHARE D\u00e8s le mois de janvier 2025, retrouvez notre \u00e9quipe qui vous accompagnera&hellip; <a href=\"https:\/\/lasource.be\/?p=2627\" class=\"more-link\">Lire la suite <span class=\"screen-reader-text\">\ud83d\udce3 2025 : Retour du module PHARE<\/span><\/a><\/p>\n","protected":false},"author":1,"featured_media":0,"comment_status":"open","ping_status":"open","sticky":false,"template":"","format":"standard","meta":{"jetpack_post_was_ever_published":false,"jetpack_publicize_message":"","jetpack_is_tweetstorm":false,"jetpack_publicize_feature_enabled":true,"jetpack_social_post_already_shared":true,"jetpack_social_options":[]},"categories":[1],"tags":[],"jetpack_publicize_connections":[],"jetpack_featured_media_url":"","jetpack_sharing_enabled":true,"jetpack_shortlink":"https:\/\/wp.me\/p8UIgU-Gn","jetpack-related-posts":[{"id":2379,"url":"https:\/\/lasource.be\/?p=2379","url_meta":{"origin":2627,"position":0},"title":"\ud83d\udd0e D\u00e9couvrez le nouveau module \u00ab\u00a0Phare\u00a0\u00bb du Service d&rsquo;Insertion Sociale","date":"28 novembre 2023","format":false,"excerpt":"C'est avec un grand enthousiasme que l'\u00e9quipe du SIS vous pr\u00e9sente son tout nouveau module baptis\u00e9 \"Phare\" Un module de 6 mois pour dessiner VOTRE projet de VIE ! Curieux de d\u00e9couvrir ce nouveau module ?\u00a0 Plus parlant qu'un long discours, regardez la petite vid\u00e9o ci-dessous : \u00a0 \u00c0 travers\u2026","rel":"","context":"Dans &quot;Actualit\u00e9&quot;","img":{"alt_text":"","src":"https:\/\/i0.wp.com\/lasource.be\/wp-content\/uploads\/2023\/11\/Phare-Seances-dinfo-2.gif?resize=350%2C200&ssl=1","width":350,"height":200},"classes":[]},{"id":1701,"url":"https:\/\/lasource.be\/?p=1701","url_meta":{"origin":2627,"position":1},"title":"Nouvelle formation \u00ab\u00a0Je booste mon avenir\u00a0\u00bb","date":"28 avril 2022","format":false,"excerpt":"Tu recherches du travail ? Tu es proche de l'emploi mais il te manque juste le petit tremplin qui te propulsera \u00e0 la conqu\u00eate du monde du travail ? Notre nouvelle formation \"Je booste mon avenir\" est faite pour toi ! Nous te proposons une formation intensive de 3 mois\u2026","rel":"","context":"Dans &quot;Actualit\u00e9&quot;","img":{"alt_text":"","src":"https:\/\/i0.wp.com\/lasource.be\/wp-content\/uploads\/2022\/04\/Je-booste-mon-avenir-sans-s\u00c3\u00a9ance-info-300x300.png?resize=350%2C200","width":350,"height":200},"classes":[]},{"id":2746,"url":"https:\/\/lasource.be\/?p=2746","url_meta":{"origin":2627,"position":2},"title":"\ud83d\udcbb Troisi\u00e8me session de la formation DIGISTART\u200b\u200b\u200b ( \u26a0\ufe0f\u200b et derni\u00e8re de l&rsquo;ann\u00e9e !!! )","date":"23 juillet 2025","format":false,"excerpt":"Nous organisons une nouvelle session de notre formation DIGISTART du 25 ao\u00fbt au 5 septembre 2025 ! Pour rappel, DIGISTART est un programme de formation destin\u00e9 \u00e0 favoriser l'insertion socioprofessionnelle des demandeurs d'emploi wallons en situation de fracture num\u00e9rique. \u200b\u2197\ufe0f\u200b Ce module de courte dur\u00e9e vous permet d'acqu\u00e9rir les comp\u00e9tences\u2026","rel":"","context":"Dans &quot;Actualit\u00e9&quot;","img":{"alt_text":"","src":"https:\/\/i0.wp.com\/lasource.be\/wp-content\/uploads\/2025\/07\/pub-DIGISTART-Aout-2025-300x221.png?resize=350%2C200&ssl=1","width":350,"height":200},"classes":[]},{"id":1930,"url":"https:\/\/lasource.be\/?p=1930","url_meta":{"origin":2627,"position":3},"title":"La nouvelle formation \u00ab\u00a0Je Booste Mon Avenir\u00a0\u00bb est dans les starting-blocks !","date":"8 f\u00e9vrier 2023","format":false,"excerpt":"Vous vous sentez pr\u00eats pour un nouveau d\u00e9part ? Vous \u00eates proches de l'emploi mais il vous manque juste le petit tremplin qui vous propulsera \u00e0 la conqu\u00eate du monde du travail ? Notre nouvelle formation \"Je Booste Mon Avenir\" est faite pour vous ! 4 mois de formation -\u2026","rel":"","context":"Dans &quot;Actualit\u00e9&quot;","img":{"alt_text":"","src":"https:\/\/i0.wp.com\/lasource.be\/wp-content\/uploads\/2023\/02\/Seances-dinfo-JBMA-Mars-2023-OK-COCHON-300x225.jpg?resize=350%2C200&ssl=1","width":350,"height":200},"classes":[]},{"id":2762,"url":"https:\/\/lasource.be\/?p=2762","url_meta":{"origin":2627,"position":4},"title":"\ud83d\udce3\u200b Votre formation \u00ab\u00a0Je Cr\u00e9e Mon Avenir\u00a0\u00bb is back !!! Tous \u00e0 vos agendas !!! \ud83d\udcdd","date":"6 ao\u00fbt 2025","format":false,"excerpt":"Nous sommes encore au mois d'ao\u00fbt mais il est d\u00e9j\u00e0 temps de penser doucement \u00e0 pr\u00e9parer activement votre rentr\u00e9e\u2026 \u00c0 partir du 08 septembre prochain, notre formation \"Je Cr\u00e9e Mon Avenir\" fait son retour !!! Vous avez besoin d'un accompagnement pour construire votre projet professionnel ?\u00a0 Cette formation est pour\u2026","rel":"","context":"Dans &quot;Actualit\u00e9&quot;","img":{"alt_text":"","src":"https:\/\/i0.wp.com\/lasource.be\/wp-content\/uploads\/2025\/08\/Pub-JCMA-Sept25-Fev26-300x192.png?resize=350%2C200&ssl=1","width":350,"height":200},"classes":[]},{"id":2874,"url":"https:\/\/lasource.be\/?p=2874","url_meta":{"origin":2627,"position":5},"title":"Votre formation \u00ab\u00a0Je Booste Mon Avenir\u00a0\u00bb est de retour !!! Tous \u00e0 vos agendas !!! \ud83d\udcdd","date":"9 f\u00e9vrier 2026","format":false,"excerpt":"\u00c0 partir du 09 mars prochain, notre formation \"Je Booste Mon Avenir\" fait son grand retour !!! Vous avez juste besoin d'un petit coup de boost pour concr\u00e9tiser votre projet professionnel ? Cette formation est pour vous ! Durant 4 mois, nous vous proposons : une remise \u00e0 niveau soutenue\u2026","rel":"","context":"Dans &quot;Actualit\u00e9&quot;","img":{"alt_text":"","src":"https:\/\/i0.wp.com\/lasource.be\/wp-content\/uploads\/2026\/02\/Pub-JBMA-Mars-2026-300x226.png?resize=350%2C200&ssl=1","width":350,"height":200},"classes":[]}],"_links":{"self":[{"href":"https:\/\/lasource.be\/index.php?rest_route=\/wp\/v2\/posts\/2627"}],"collection":[{"href":"https:\/\/lasource.be\/index.php?rest_route=\/wp\/v2\/posts"}],"about":[{"href":"https:\/\/lasource.be\/index.php?rest_route=\/wp\/v2\/types\/post"}],"author":[{"embeddable":true,"href":"https:\/\/lasource.be\/index.php?rest_route=\/wp\/v2\/users\/1"}],"replies":[{"embeddable":true,"href":"https:\/\/lasource.be\/index.php?rest_route=%2Fwp%2Fv2%2Fcomments&post=2627"}],"version-history":[{"count":9,"href":"https:\/\/lasource.be\/index.php?rest_route=\/wp\/v2\/posts\/2627\/revisions"}],"predecessor-version":[{"id":2638,"href":"https:\/\/lasource.be\/index.php?rest_route=\/wp\/v2\/posts\/2627\/revisions\/2638"}],"wp:attachment":[{"href":"https:\/\/lasource.be\/index.php?rest_route=%2Fwp%2Fv2%2Fmedia&parent=2627"}],"wp:term":[{"taxonomy":"category","embeddable":true,"href":"https:\/\/lasource.be\/index.php?rest_route=%2Fwp%2Fv2%2Fcategories&post=2627"},{"taxonomy":"post_tag","embeddable":true,"href":"https:\/\/lasource.be\/index.php?rest_route=%2Fwp%2Fv2%2Ftags&post=2627"}],"curies":[{"name":"wp","href":"https:\/\/api.w.org\/{rel}","templated":true}]}}