{"id":2647,"date":"2024-12-19T12:27:11","date_gmt":"2024-12-19T11:27:11","guid":{"rendered":"https:\/\/lasource.be\/?p=2647"},"modified":"2024-12-19T12:27:11","modified_gmt":"2024-12-19T11:27:11","slug":"%f0%9f%8e%84%e2%9c%a8meilleurs-voeux-a-tous-%f0%9f%8e%89%f0%9f%8d%be","status":"publish","type":"post","link":"https:\/\/lasource.be\/?p=2647","title":{"rendered":"\ud83c\udf84\u200b\u2728Meilleurs v\u0153ux \u00e0 tous ! \u200b\ud83c\udf89\u200b\ud83c\udf7e\u200b"},"content":{"rendered":"<p>&nbsp;<\/p>\n<p style=\"text-align: center;\"><span style=\"color: #003366;\"><strong>L&rsquo;\u00e9quipe de La Source vous pr\u00e9sente ses meilleurs v\u0153ux pour cette nouvelle ann\u00e9e !<\/strong>\u00a0<\/span><\/p>\n<p style=\"text-align: left;\">Que <span style=\"color: #003366;\"><strong>2025<\/strong><\/span>\u00a0vous apporte tout ce que l&rsquo;on peut esp\u00e9rer de mieux : la sant\u00e9, le bonheur, la r\u00e9alisation de tous vos projets et pourquoi pas un nouveau d\u00e9part !<\/p>\n<p style=\"text-align: left;\">Profitez de chaque petit bonheur offert par la vie et soyez heureux \ud83d\ude4f<\/p>\n<p><a href=\"https:\/\/i0.wp.com\/lasource.be\/wp-content\/uploads\/2024\/12\/Toute-lequipe-de-La-Source-vous-souhaite-de-merveilleuses-fetes-de-fin-dannee..gif?ssl=1\" target=\"_blank\" rel=\"noopener\"><img data-attachment-id=\"2648\" data-permalink=\"https:\/\/lasource.be\/?attachment_id=2648\" data-orig-file=\"https:\/\/i0.wp.com\/lasource.be\/wp-content\/uploads\/2024\/12\/Toute-lequipe-de-La-Source-vous-souhaite-de-merveilleuses-fetes-de-fin-dannee..gif?fit=820%2C312&amp;ssl=1\" data-orig-size=\"820,312\" data-comments-opened=\"1\" data-image-meta=\"{&quot;aperture&quot;:&quot;0&quot;,&quot;credit&quot;:&quot;&quot;,&quot;camera&quot;:&quot;&quot;,&quot;caption&quot;:&quot;&quot;,&quot;created_timestamp&quot;:&quot;0&quot;,&quot;copyright&quot;:&quot;&quot;,&quot;focal_length&quot;:&quot;0&quot;,&quot;iso&quot;:&quot;0&quot;,&quot;shutter_speed&quot;:&quot;0&quot;,&quot;title&quot;:&quot;&quot;,&quot;orientation&quot;:&quot;0&quot;}\" data-image-title=\"Toute l\u2019\u00e9quipe de La Source vous souhaite de merveilleuses f\u00eates de fin d\u2019ann\u00e9e.\" data-image-description=\"\" data-image-caption=\"\" data-medium-file=\"https:\/\/i0.wp.com\/lasource.be\/wp-content\/uploads\/2024\/12\/Toute-lequipe-de-La-Source-vous-souhaite-de-merveilleuses-fetes-de-fin-dannee..gif?fit=300%2C114&amp;ssl=1\" data-large-file=\"https:\/\/i0.wp.com\/lasource.be\/wp-content\/uploads\/2024\/12\/Toute-lequipe-de-La-Source-vous-souhaite-de-merveilleuses-fetes-de-fin-dannee..gif?fit=820%2C312&amp;ssl=1\" decoding=\"async\" loading=\"lazy\" class=\"aligncenter wp-image-2648\" src=\"https:\/\/i0.wp.com\/lasource.be\/wp-content\/uploads\/2024\/12\/Toute-lequipe-de-La-Source-vous-souhaite-de-merveilleuses-fetes-de-fin-dannee..gif?resize=600%2C228&#038;ssl=1\" alt=\"\" width=\"600\" height=\"228\" srcset=\"https:\/\/i0.wp.com\/lasource.be\/wp-content\/uploads\/2024\/12\/Toute-lequipe-de-La-Source-vous-souhaite-de-merveilleuses-fetes-de-fin-dannee..gif?resize=300%2C114&amp;ssl=1 300w, https:\/\/i0.wp.com\/lasource.be\/wp-content\/uploads\/2024\/12\/Toute-lequipe-de-La-Source-vous-souhaite-de-merveilleuses-fetes-de-fin-dannee..gif?resize=768%2C292&amp;ssl=1 768w\" sizes=\"(max-width: 600px) 100vw, 600px\" data-recalc-dims=\"1\" \/><\/a><\/p>\n","protected":false},"excerpt":{"rendered":"<p>&nbsp; L&rsquo;\u00e9quipe de La Source vous pr\u00e9sente ses meilleurs v\u0153ux pour cette nouvelle ann\u00e9e !\u00a0 Que 2025\u00a0vous apporte tout ce que l&rsquo;on peut esp\u00e9rer de mieux : la sant\u00e9, le&hellip; <a href=\"https:\/\/lasource.be\/?p=2647\" class=\"more-link\">Lire la suite <span class=\"screen-reader-text\">\ud83c\udf84\u200b\u2728Meilleurs v\u0153ux \u00e0 tous ! \u200b\ud83c\udf89\u200b\ud83c\udf7e\u200b<\/span><\/a><\/p>\n","protected":false},"author":1,"featured_media":0,"comment_status":"open","ping_status":"open","sticky":false,"template":"","format":"standard","meta":{"jetpack_post_was_ever_published":false,"jetpack_publicize_message":"","jetpack_is_tweetstorm":false,"jetpack_publicize_feature_enabled":true,"jetpack_social_post_already_shared":true,"jetpack_social_options":[]},"categories":[1],"tags":[],"jetpack_publicize_connections":[],"jetpack_featured_media_url":"","jetpack_sharing_enabled":true,"jetpack_shortlink":"https:\/\/wp.me\/p8UIgU-GH","jetpack-related-posts":[{"id":2430,"url":"https:\/\/lasource.be\/?p=2430","url_meta":{"origin":2647,"position":0},"title":"\ud83c\udf40 Happy new year 2024 ! \ud83c\udf40","date":"3 janvier 2024","format":false,"excerpt":"L'\u00e9quipe de La Source vous pr\u00e9sente ses meilleurs v\u0153ux pour cette nouvelle ann\u00e9e ! \ud83d\udc37 \ud83c\udf40 \u2764\ufe0f \ud83d\udc1e Que 2024 vous apporte tout ce que l'on peut esp\u00e9rer de mieux : la sant\u00e9, le bonheur, la r\u00e9alisation de tous vos projets et pourquoi pas un nouveau d\u00e9part ! Profitez de\u2026","rel":"","context":"Dans &quot;Actualit\u00e9&quot;","img":{"alt_text":"","src":"","width":0,"height":0},"classes":[]},{"id":1368,"url":"https:\/\/lasource.be\/?p=1368","url_meta":{"origin":2647,"position":1},"title":"Meilleurs v\u0153ux pour 2021 !","date":"21 d\u00e9cembre 2020","format":false,"excerpt":"","rel":"","context":"Dans &quot;Actualit\u00e9&quot;","img":{"alt_text":"","src":"https:\/\/i0.wp.com\/lasource.be\/wp-content\/uploads\/2020\/12\/Voeux-La-Source-2021-300x111.png?resize=350%2C200","width":350,"height":200},"classes":[]},{"id":1655,"url":"https:\/\/lasource.be\/?p=1655","url_meta":{"origin":2647,"position":2},"title":"Meilleurs v\u0153ux !","date":"21 d\u00e9cembre 2021","format":false,"excerpt":"L'\u00e9quipe de La Source vous souhaite du fond du\u00a0 une belle et heureuse ann\u00e9e 2022 Que cette ann\u00e9e nouvelle vous apporte le meilleur et r\u00e9alise vos r\u00eaves et projets les plus fous ! \u00a0","rel":"","context":"Dans &quot;Actualit\u00e9&quot;","img":{"alt_text":"","src":"https:\/\/i0.wp.com\/lasource.be\/wp-content\/uploads\/2021\/12\/Voeux-La-Source-2021-2022-300x114.png?resize=350%2C200","width":350,"height":200},"classes":[]},{"id":985,"url":"https:\/\/lasource.be\/?p=985","url_meta":{"origin":2647,"position":3},"title":"Meilleurs v\u0153ux !","date":"4 janvier 2019","format":false,"excerpt":"L'\u00e9quipe de La Source vous souhaite une belle et heureuse ann\u00e9e 2019 !","rel":"","context":"Dans &quot;Actualit\u00e9&quot;","img":{"alt_text":"","src":"https:\/\/i0.wp.com\/lasource.be\/wp-content\/uploads\/2019\/01\/photo-groupe-No\u00c3\u00abl-Source-Finish-300x111.jpg?resize=350%2C200","width":350,"height":200},"classes":[]},{"id":2847,"url":"https:\/\/lasource.be\/?p=2847","url_meta":{"origin":2647,"position":4},"title":"\ud83c\udf84\u200b\ud83c\udf89\u200b\u200b Meilleurs v\u0153ux ! \u26c4\u200b\ud83c\udf1f\u200b","date":"30 d\u00e9cembre 2025","format":false,"excerpt":"\ud83c\udf40\u200b\ud83d\udc37\u200b\ud83c\udf89\u200b L'\u00e9quipe de La Source vous souhaite le meilleur pour l'ann\u00e9e 2026 \u200b\u2728\u200b\u200b\ud83d\udcb0\u200b\ud83d\udc96\u200b \u200b\ud83d\udc96\u200b Que 2026 vous apporte le r\u00e9confort, l'amour et le soutien de vos proches \u200b\ud83d\udcb0\u200b Que la r\u00e9ussite soit au rendez-vous et que vos projets se r\u00e9alisent \ud83c\udf89\u200b Profitez et savourez simplement de chaque moment\u2026 Carpe Diem\u2026","rel":"","context":"Dans &quot;Actualit\u00e9&quot;","img":{"alt_text":"","src":"https:\/\/i0.wp.com\/lasource.be\/wp-content\/uploads\/2025\/12\/Voeux-2026-300x114.gif?resize=350%2C200&ssl=1","width":350,"height":200},"classes":[]},{"id":1618,"url":"https:\/\/lasource.be\/?p=1618","url_meta":{"origin":2647,"position":5},"title":"Marche solidaire au profit de Cap48","date":"17 septembre 2021","format":false,"excerpt":"Venez marcher pour une bonne cause ! Notre Service d'Insertion Sociale vous invite le dimanche 3 octobre prochain \u00e0 participer \u00e0 l'\u00e9v\u00e8nement \"Marche solidaire\" au profit de Cap48 ! Vous aimez marcher ? Vous voulez faire une bonne action ? Alors, venez d\u00e9couvrir ou red\u00e9couvrir Bouillon, ses paysages insolites, ses\u2026","rel":"","context":"Dans &quot;Actualit\u00e9&quot;","img":{"alt_text":"","src":"https:\/\/i0.wp.com\/lasource.be\/wp-content\/uploads\/2021\/09\/Marche-solidaire-affiche-bis-212x300.png?resize=350%2C200","width":350,"height":200},"classes":[]}],"_links":{"self":[{"href":"https:\/\/lasource.be\/index.php?rest_route=\/wp\/v2\/posts\/2647"}],"collection":[{"href":"https:\/\/lasource.be\/index.php?rest_route=\/wp\/v2\/posts"}],"about":[{"href":"https:\/\/lasource.be\/index.php?rest_route=\/wp\/v2\/types\/post"}],"author":[{"embeddable":true,"href":"https:\/\/lasource.be\/index.php?rest_route=\/wp\/v2\/users\/1"}],"replies":[{"embeddable":true,"href":"https:\/\/lasource.be\/index.php?rest_route=%2Fwp%2Fv2%2Fcomments&post=2647"}],"version-history":[{"count":3,"href":"https:\/\/lasource.be\/index.php?rest_route=\/wp\/v2\/posts\/2647\/revisions"}],"predecessor-version":[{"id":2651,"href":"https:\/\/lasource.be\/index.php?rest_route=\/wp\/v2\/posts\/2647\/revisions\/2651"}],"wp:attachment":[{"href":"https:\/\/lasource.be\/index.php?rest_route=%2Fwp%2Fv2%2Fmedia&parent=2647"}],"wp:term":[{"taxonomy":"category","embeddable":true,"href":"https:\/\/lasource.be\/index.php?rest_route=%2Fwp%2Fv2%2Fcategories&post=2647"},{"taxonomy":"post_tag","embeddable":true,"href":"https:\/\/lasource.be\/index.php?rest_route=%2Fwp%2Fv2%2Ftags&post=2647"}],"curies":[{"name":"wp","href":"https:\/\/api.w.org\/{rel}","templated":true}]}}