{"id":2711,"date":"2025-06-16T15:51:04","date_gmt":"2025-06-16T13:51:04","guid":{"rendered":"https:\/\/lasource.be\/?p=2711"},"modified":"2025-06-16T15:51:04","modified_gmt":"2025-06-16T13:51:04","slug":"%f0%9f%9a%97%e2%ac%86%ef%b8%8fprofitez-de-lete-pour-passer-votre-permis-de-conduire-theorique-%f0%9f%9a%a6%e2%9b%94","status":"publish","type":"post","link":"https:\/\/lasource.be\/?p=2711","title":{"rendered":"\u200b\ud83d\ude97\u2b06\ufe0f\u200b\u200bProfitez de l&rsquo;\u00e9t\u00e9 pour passer votre permis de conduire th\u00e9orique !\ud83d\udea6\u200b\u26d4"},"content":{"rendered":"<p><a href=\"https:\/\/i0.wp.com\/lasource.be\/wp-content\/uploads\/2025\/06\/Formation-Permis-de-conduire-2025-_-horaire-JUILLET.png?ssl=1\" target=\"_blank\" rel=\"noopener\"><img data-attachment-id=\"2712\" data-permalink=\"https:\/\/lasource.be\/?attachment_id=2712\" data-orig-file=\"https:\/\/i0.wp.com\/lasource.be\/wp-content\/uploads\/2025\/06\/Formation-Permis-de-conduire-2025-_-horaire-JUILLET.png?fit=2700%2C2278&amp;ssl=1\" data-orig-size=\"2700,2278\" data-comments-opened=\"1\" data-image-meta=\"{&quot;aperture&quot;:&quot;0&quot;,&quot;credit&quot;:&quot;&quot;,&quot;camera&quot;:&quot;&quot;,&quot;caption&quot;:&quot;&quot;,&quot;created_timestamp&quot;:&quot;0&quot;,&quot;copyright&quot;:&quot;&quot;,&quot;focal_length&quot;:&quot;0&quot;,&quot;iso&quot;:&quot;0&quot;,&quot;shutter_speed&quot;:&quot;0&quot;,&quot;title&quot;:&quot;&quot;,&quot;orientation&quot;:&quot;0&quot;}\" data-image-title=\"Formation Permis de conduire 2025 _ horaire JUILLET\" data-image-description=\"\" data-image-caption=\"\" data-medium-file=\"https:\/\/i0.wp.com\/lasource.be\/wp-content\/uploads\/2025\/06\/Formation-Permis-de-conduire-2025-_-horaire-JUILLET.png?fit=300%2C253&amp;ssl=1\" data-large-file=\"https:\/\/i0.wp.com\/lasource.be\/wp-content\/uploads\/2025\/06\/Formation-Permis-de-conduire-2025-_-horaire-JUILLET.png?fit=825%2C696&amp;ssl=1\" decoding=\"async\" loading=\"lazy\" class=\"aligncenter wp-image-2712\" src=\"https:\/\/i0.wp.com\/lasource.be\/wp-content\/uploads\/2025\/06\/Formation-Permis-de-conduire-2025-_-horaire-JUILLET.png?resize=600%2C506&#038;ssl=1\" alt=\"\" width=\"600\" height=\"506\" srcset=\"https:\/\/i0.wp.com\/lasource.be\/wp-content\/uploads\/2025\/06\/Formation-Permis-de-conduire-2025-_-horaire-JUILLET.png?resize=300%2C253&amp;ssl=1 300w, https:\/\/i0.wp.com\/lasource.be\/wp-content\/uploads\/2025\/06\/Formation-Permis-de-conduire-2025-_-horaire-JUILLET.png?resize=1024%2C864&amp;ssl=1 1024w, https:\/\/i0.wp.com\/lasource.be\/wp-content\/uploads\/2025\/06\/Formation-Permis-de-conduire-2025-_-horaire-JUILLET.png?resize=768%2C648&amp;ssl=1 768w, https:\/\/i0.wp.com\/lasource.be\/wp-content\/uploads\/2025\/06\/Formation-Permis-de-conduire-2025-_-horaire-JUILLET.png?resize=1536%2C1296&amp;ssl=1 1536w, https:\/\/i0.wp.com\/lasource.be\/wp-content\/uploads\/2025\/06\/Formation-Permis-de-conduire-2025-_-horaire-JUILLET.png?resize=2048%2C1728&amp;ssl=1 2048w, https:\/\/i0.wp.com\/lasource.be\/wp-content\/uploads\/2025\/06\/Formation-Permis-de-conduire-2025-_-horaire-JUILLET.png?w=1650&amp;ssl=1 1650w, https:\/\/i0.wp.com\/lasource.be\/wp-content\/uploads\/2025\/06\/Formation-Permis-de-conduire-2025-_-horaire-JUILLET.png?w=2475&amp;ssl=1 2475w\" sizes=\"(max-width: 600px) 100vw, 600px\" data-recalc-dims=\"1\" \/><\/a><\/p>\n<div dir=\"auto\"><strong>C&rsquo;est d\u00e9cid\u00e9, cet \u00e9t\u00e9, vous passez votre examen de permis de conduire th\u00e9orique !<\/strong><\/div>\n<div dir=\"auto\">\ud83d\udc49 \u200b \u00ab\u00a0La Source\u00a0\u00bb est l\u00e0 pour vous aider !<\/div>\n<div dir=\"auto\">\ud83d\uddd3\ufe0f\u00a0 Nous organisons une session d&rsquo;apprentissage du <strong>15 au 25 juillet 2025<\/strong>.<\/div>\n<div dir=\"auto\"><strong>\u231a\u200b\u00a0 6 journ\u00e9es<\/strong> de cours th\u00e9oriques ponctu\u00e9s de s\u00e9ries d&rsquo;exercices afin de ma\u00eetriser le code de la route.<\/div>\n<div dir=\"auto\">Gr\u00e2ce \u00e0 cette formation, les panneaux de signalisation et le code de la route n&rsquo;auront bient\u00f4t plus de secret pour vous <span class=\"html-span xexx8yu xyri2b x18d9i69 x1c1uobl x1hl2dhg x16tdsg8 x1vvkbs x3nfvp2 x1j61x8r x1fcty0u xdj266r xat24cr xm2jcoa x1mpyi22 xxymvpz xlup9mm x1kky2od\"><img decoding=\"async\" loading=\"lazy\" class=\"xz74otr x15mokao x1ga7v0g x16uus16 xbiv7yw\" src=\"https:\/\/static.xx.fbcdn.net\/images\/emoji.php\/v9\/tc8\/1\/16\/1faf5.png\" alt=\"\ud83e\udef5\" width=\"16\" height=\"16\" \/> <\/span><span class=\"html-span xexx8yu xyri2b x18d9i69 x1c1uobl x1hl2dhg x16tdsg8 x1vvkbs x3nfvp2 x1j61x8r x1fcty0u xdj266r xat24cr xm2jcoa x1mpyi22 xxymvpz xlup9mm x1kky2od\"><img decoding=\"async\" loading=\"lazy\" class=\"xz74otr x15mokao x1ga7v0g x16uus16 xbiv7yw\" src=\"https:\/\/static.xx.fbcdn.net\/images\/emoji.php\/v9\/t8d\/1\/16\/2611.png\" alt=\"\u2611\ufe0f\" width=\"16\" height=\"16\" \/><\/span><\/div>\n<div dir=\"auto\">\u26a0\ufe0f\u200b <strong>Le nombre de places est limit\u00e9 afin de privil\u00e9gier un accompagnement de qualit\u00e9<\/strong> \ud83d\ude09<\/div>\n<div dir=\"auto\">\u260e\ufe0f\u200b N&rsquo;h\u00e9sitez plus, contactez nous : <strong>061\/46 86 88<\/strong><\/div>\n<div dir=\"auto\"><a href=\"https:\/\/i0.wp.com\/lasource.be\/wp-content\/uploads\/2025\/06\/Couverture-Facebook-Permis-de-conduire-ete.png?ssl=1\" target=\"_blank\" rel=\"noopener\"><img data-attachment-id=\"2723\" data-permalink=\"https:\/\/lasource.be\/?attachment_id=2723\" data-orig-file=\"https:\/\/i0.wp.com\/lasource.be\/wp-content\/uploads\/2025\/06\/Couverture-Facebook-Permis-de-conduire-ete.png?fit=1656%2C630&amp;ssl=1\" data-orig-size=\"1656,630\" data-comments-opened=\"1\" data-image-meta=\"{&quot;aperture&quot;:&quot;0&quot;,&quot;credit&quot;:&quot;&quot;,&quot;camera&quot;:&quot;&quot;,&quot;caption&quot;:&quot;&quot;,&quot;created_timestamp&quot;:&quot;0&quot;,&quot;copyright&quot;:&quot;&quot;,&quot;focal_length&quot;:&quot;0&quot;,&quot;iso&quot;:&quot;0&quot;,&quot;shutter_speed&quot;:&quot;0&quot;,&quot;title&quot;:&quot;&quot;,&quot;orientation&quot;:&quot;0&quot;}\" data-image-title=\"Couverture Facebook Permis de conduire &#8211; \u00e9t\u00e9\" data-image-description=\"\" data-image-caption=\"\" data-medium-file=\"https:\/\/i0.wp.com\/lasource.be\/wp-content\/uploads\/2025\/06\/Couverture-Facebook-Permis-de-conduire-ete.png?fit=300%2C114&amp;ssl=1\" data-large-file=\"https:\/\/i0.wp.com\/lasource.be\/wp-content\/uploads\/2025\/06\/Couverture-Facebook-Permis-de-conduire-ete.png?fit=825%2C314&amp;ssl=1\" decoding=\"async\" loading=\"lazy\" class=\"aligncenter wp-image-2723\" src=\"https:\/\/i0.wp.com\/lasource.be\/wp-content\/uploads\/2025\/06\/Couverture-Facebook-Permis-de-conduire-ete-300x114.png?resize=600%2C228&#038;ssl=1\" alt=\"\" width=\"600\" height=\"228\" srcset=\"https:\/\/i0.wp.com\/lasource.be\/wp-content\/uploads\/2025\/06\/Couverture-Facebook-Permis-de-conduire-ete.png?resize=300%2C114&amp;ssl=1 300w, https:\/\/i0.wp.com\/lasource.be\/wp-content\/uploads\/2025\/06\/Couverture-Facebook-Permis-de-conduire-ete.png?resize=1024%2C390&amp;ssl=1 1024w, https:\/\/i0.wp.com\/lasource.be\/wp-content\/uploads\/2025\/06\/Couverture-Facebook-Permis-de-conduire-ete.png?resize=768%2C292&amp;ssl=1 768w, https:\/\/i0.wp.com\/lasource.be\/wp-content\/uploads\/2025\/06\/Couverture-Facebook-Permis-de-conduire-ete.png?resize=1536%2C584&amp;ssl=1 1536w, https:\/\/i0.wp.com\/lasource.be\/wp-content\/uploads\/2025\/06\/Couverture-Facebook-Permis-de-conduire-ete.png?w=1656&amp;ssl=1 1656w\" sizes=\"(max-width: 600px) 100vw, 600px\" data-recalc-dims=\"1\" \/><\/a><\/div>\n","protected":false},"excerpt":{"rendered":"<p>C&rsquo;est d\u00e9cid\u00e9, cet \u00e9t\u00e9, vous passez votre examen de permis de conduire th\u00e9orique ! \ud83d\udc49 \u200b \u00ab\u00a0La Source\u00a0\u00bb est l\u00e0 pour vous aider ! \ud83d\uddd3\ufe0f\u00a0 Nous organisons une session d&rsquo;apprentissage&hellip; <a href=\"https:\/\/lasource.be\/?p=2711\" class=\"more-link\">Lire la suite <span class=\"screen-reader-text\">\u200b\ud83d\ude97\u2b06\ufe0f\u200b\u200bProfitez de l&rsquo;\u00e9t\u00e9 pour passer votre permis de conduire th\u00e9orique !\ud83d\udea6\u200b\u26d4<\/span><\/a><\/p>\n","protected":false},"author":1,"featured_media":0,"comment_status":"open","ping_status":"open","sticky":false,"template":"","format":"standard","meta":{"jetpack_post_was_ever_published":false,"jetpack_publicize_message":"","jetpack_is_tweetstorm":false,"jetpack_publicize_feature_enabled":true,"jetpack_social_post_already_shared":true,"jetpack_social_options":[]},"categories":[1],"tags":[],"jetpack_publicize_connections":[],"jetpack_featured_media_url":"","jetpack_sharing_enabled":true,"jetpack_shortlink":"https:\/\/wp.me\/p8UIgU-HJ","jetpack-related-posts":[{"id":1701,"url":"https:\/\/lasource.be\/?p=1701","url_meta":{"origin":2711,"position":0},"title":"Nouvelle formation \u00ab\u00a0Je booste mon avenir\u00a0\u00bb","date":"28 avril 2022","format":false,"excerpt":"Tu recherches du travail ? Tu es proche de l'emploi mais il te manque juste le petit tremplin qui te propulsera \u00e0 la conqu\u00eate du monde du travail ? Notre nouvelle formation \"Je booste mon avenir\" est faite pour toi ! Nous te proposons une formation intensive de 3 mois\u2026","rel":"","context":"Dans &quot;Actualit\u00e9&quot;","img":{"alt_text":"","src":"https:\/\/i0.wp.com\/lasource.be\/wp-content\/uploads\/2022\/04\/Je-booste-mon-avenir-sans-s\u00c3\u00a9ance-info-300x300.png?resize=350%2C200","width":350,"height":200},"classes":[]},{"id":2566,"url":"https:\/\/lasource.be\/?p=2566","url_meta":{"origin":2711,"position":1},"title":"\ud83d\udc4d Stagiaire \u00e0 l&rsquo;honneur \ud83d\udc4d","date":"10 avril 2024","format":false,"excerpt":"En ce d\u00e9but du mois d'avril, nous tenons \u00e0 mettre une de nos anciennes stagiaires \u00e0 l'honneur, il s'agit de Nancy. Nancy avait suivi la formation \"Je Cr\u00e9e Mon Avenir\"\u00a0 de septembre 2023 \u00e0 f\u00e9vrier 2024. Elle s'est \u00e9panouie tout au long de son parcours et s'est impliqu\u00e9e \u00e0 fond\u2026","rel":"","context":"Dans &quot;Actualit\u00e9&quot;","img":{"alt_text":"","src":"https:\/\/i0.wp.com\/lasource.be\/wp-content\/uploads\/2024\/04\/Nancy-300x251.gif?resize=350%2C200&ssl=1","width":350,"height":200},"classes":[]},{"id":1930,"url":"https:\/\/lasource.be\/?p=1930","url_meta":{"origin":2711,"position":2},"title":"La nouvelle formation \u00ab\u00a0Je Booste Mon Avenir\u00a0\u00bb est dans les starting-blocks !","date":"8 f\u00e9vrier 2023","format":false,"excerpt":"Vous vous sentez pr\u00eats pour un nouveau d\u00e9part ? Vous \u00eates proches de l'emploi mais il vous manque juste le petit tremplin qui vous propulsera \u00e0 la conqu\u00eate du monde du travail ? Notre nouvelle formation \"Je Booste Mon Avenir\" est faite pour vous ! 4 mois de formation -\u2026","rel":"","context":"Dans &quot;Actualit\u00e9&quot;","img":{"alt_text":"","src":"https:\/\/i0.wp.com\/lasource.be\/wp-content\/uploads\/2023\/02\/Seances-dinfo-JBMA-Mars-2023-OK-COCHON-300x225.jpg?resize=350%2C200&ssl=1","width":350,"height":200},"classes":[]},{"id":1566,"url":"https:\/\/lasource.be\/?p=1566","url_meta":{"origin":2711,"position":3},"title":"!!! Votre nouvelle formation \u00ab\u00a0Je cr\u00e9e mon avenir\u00a0\u00bb d\u00e9bute au mois de SEPTEMBRE !!!","date":"30 juillet 2021","format":false,"excerpt":"Nous sommes encore en \u00e9t\u00e9 (m\u00eame si le temps maussade nous en fait quelque peu douter...) et doucement, la rentr\u00e9e se profile \u00e0 l'horizon. Symbolique rentr\u00e9e du mois de septembre ! Tout comme nos \u00e9coliers, \"la rentr\u00e9e\" est synonyme de nouveau d\u00e9part, de projets, de questionnements et surtout\u00a0 d'avenir !\u2026","rel":"","context":"Dans &quot;Actualit\u00e9&quot;","img":{"alt_text":"","src":"https:\/\/i0.wp.com\/lasource.be\/wp-content\/uploads\/2021\/07\/Projet-Pub-Proximag-octobre-2021-JCMA-35-300x300.png?resize=350%2C200","width":350,"height":200},"classes":[]},{"id":2874,"url":"https:\/\/lasource.be\/?p=2874","url_meta":{"origin":2711,"position":4},"title":"Votre formation \u00ab\u00a0Je Booste Mon Avenir\u00a0\u00bb est de retour !!! Tous \u00e0 vos agendas !!! \ud83d\udcdd","date":"9 f\u00e9vrier 2026","format":false,"excerpt":"\u00c0 partir du 09 mars prochain, notre formation \"Je Booste Mon Avenir\" fait son grand retour !!! Vous avez juste besoin d'un petit coup de boost pour concr\u00e9tiser votre projet professionnel ? Cette formation est pour vous ! Durant 4 mois, nous vous proposons : une remise \u00e0 niveau soutenue\u2026","rel":"","context":"Dans &quot;Actualit\u00e9&quot;","img":{"alt_text":"","src":"https:\/\/i0.wp.com\/lasource.be\/wp-content\/uploads\/2026\/02\/Pub-JBMA-Mars-2026-300x226.png?resize=350%2C200&ssl=1","width":350,"height":200},"classes":[]},{"id":2454,"url":"https:\/\/lasource.be\/?p=2454","url_meta":{"origin":2711,"position":5},"title":"Votre formation \u00ab\u00a0Je Booste Mon Avenir\u00a0\u00bb is back !!! Tous \u00e0 vos agendas !!! \ud83d\udcdd","date":"2 f\u00e9vrier 2024","format":false,"excerpt":"\u00c0 partir du 11 mars prochain, notre formation \"Je Booste Mon Avenir\" fait son grand retour !!! Vous avez juste besoin d'un petit coup de boost pour concr\u00e9tiser votre projet professionnel ? Cette formation est pour vous ! Durant 4 mois, nous vous proposons : une remise \u00e0 niveau soutenue\u2026","rel":"","context":"Dans &quot;Actualit\u00e9&quot;","img":{"alt_text":"","src":"https:\/\/i0.wp.com\/lasource.be\/wp-content\/uploads\/2024\/02\/Pub-JBMA-Mars-2024-Seances-dinfo-dernier-opus-300x192.png?resize=350%2C200&ssl=1","width":350,"height":200},"classes":[]}],"_links":{"self":[{"href":"https:\/\/lasource.be\/index.php?rest_route=\/wp\/v2\/posts\/2711"}],"collection":[{"href":"https:\/\/lasource.be\/index.php?rest_route=\/wp\/v2\/posts"}],"about":[{"href":"https:\/\/lasource.be\/index.php?rest_route=\/wp\/v2\/types\/post"}],"author":[{"embeddable":true,"href":"https:\/\/lasource.be\/index.php?rest_route=\/wp\/v2\/users\/1"}],"replies":[{"embeddable":true,"href":"https:\/\/lasource.be\/index.php?rest_route=%2Fwp%2Fv2%2Fcomments&post=2711"}],"version-history":[{"count":16,"href":"https:\/\/lasource.be\/index.php?rest_route=\/wp\/v2\/posts\/2711\/revisions"}],"predecessor-version":[{"id":2729,"href":"https:\/\/lasource.be\/index.php?rest_route=\/wp\/v2\/posts\/2711\/revisions\/2729"}],"wp:attachment":[{"href":"https:\/\/lasource.be\/index.php?rest_route=%2Fwp%2Fv2%2Fmedia&parent=2711"}],"wp:term":[{"taxonomy":"category","embeddable":true,"href":"https:\/\/lasource.be\/index.php?rest_route=%2Fwp%2Fv2%2Fcategories&post=2711"},{"taxonomy":"post_tag","embeddable":true,"href":"https:\/\/lasource.be\/index.php?rest_route=%2Fwp%2Fv2%2Ftags&post=2711"}],"curies":[{"name":"wp","href":"https:\/\/api.w.org\/{rel}","templated":true}]}}