{"id":2746,"date":"2025-07-23T14:39:32","date_gmt":"2025-07-23T12:39:32","guid":{"rendered":"https:\/\/lasource.be\/?p=2746"},"modified":"2025-07-23T14:39:32","modified_gmt":"2025-07-23T12:39:32","slug":"%f0%9f%92%bb-troisieme-session-de-la-formation-digistart-%e2%9a%a0%ef%b8%8f-et-derniere-de-lannee","status":"publish","type":"post","link":"https:\/\/lasource.be\/?p=2746","title":{"rendered":"\ud83d\udcbb Troisi\u00e8me session de la formation DIGISTART\u200b\u200b\u200b ( \u26a0\ufe0f\u200b et derni\u00e8re de l&rsquo;ann\u00e9e !!! )"},"content":{"rendered":"<p><a href=\"https:\/\/i0.wp.com\/lasource.be\/wp-content\/uploads\/2025\/07\/pub-DIGISTART-Aout-2025.png?ssl=1\" target=\"_blank\" rel=\"noopener\"><img data-attachment-id=\"2748\" data-permalink=\"https:\/\/lasource.be\/?attachment_id=2748\" data-orig-file=\"https:\/\/i0.wp.com\/lasource.be\/wp-content\/uploads\/2025\/07\/pub-DIGISTART-Aout-2025.png?fit=2504%2C1843&amp;ssl=1\" data-orig-size=\"2504,1843\" data-comments-opened=\"1\" data-image-meta=\"{&quot;aperture&quot;:&quot;0&quot;,&quot;credit&quot;:&quot;&quot;,&quot;camera&quot;:&quot;&quot;,&quot;caption&quot;:&quot;&quot;,&quot;created_timestamp&quot;:&quot;0&quot;,&quot;copyright&quot;:&quot;&quot;,&quot;focal_length&quot;:&quot;0&quot;,&quot;iso&quot;:&quot;0&quot;,&quot;shutter_speed&quot;:&quot;0&quot;,&quot;title&quot;:&quot;&quot;,&quot;orientation&quot;:&quot;0&quot;}\" data-image-title=\"pub DIGISTART Aout 2025\" data-image-description=\"\" data-image-caption=\"\" data-medium-file=\"https:\/\/i0.wp.com\/lasource.be\/wp-content\/uploads\/2025\/07\/pub-DIGISTART-Aout-2025.png?fit=300%2C221&amp;ssl=1\" data-large-file=\"https:\/\/i0.wp.com\/lasource.be\/wp-content\/uploads\/2025\/07\/pub-DIGISTART-Aout-2025.png?fit=825%2C607&amp;ssl=1\" decoding=\"async\" loading=\"lazy\" class=\"aligncenter wp-image-2748\" src=\"https:\/\/i0.wp.com\/lasource.be\/wp-content\/uploads\/2025\/07\/pub-DIGISTART-Aout-2025.png?resize=600%2C442&#038;ssl=1\" alt=\"\" width=\"600\" height=\"442\" srcset=\"https:\/\/i0.wp.com\/lasource.be\/wp-content\/uploads\/2025\/07\/pub-DIGISTART-Aout-2025.png?resize=300%2C221&amp;ssl=1 300w, https:\/\/i0.wp.com\/lasource.be\/wp-content\/uploads\/2025\/07\/pub-DIGISTART-Aout-2025.png?resize=1024%2C754&amp;ssl=1 1024w, https:\/\/i0.wp.com\/lasource.be\/wp-content\/uploads\/2025\/07\/pub-DIGISTART-Aout-2025.png?resize=768%2C565&amp;ssl=1 768w, https:\/\/i0.wp.com\/lasource.be\/wp-content\/uploads\/2025\/07\/pub-DIGISTART-Aout-2025.png?resize=1536%2C1131&amp;ssl=1 1536w, https:\/\/i0.wp.com\/lasource.be\/wp-content\/uploads\/2025\/07\/pub-DIGISTART-Aout-2025.png?resize=2048%2C1507&amp;ssl=1 2048w, https:\/\/i0.wp.com\/lasource.be\/wp-content\/uploads\/2025\/07\/pub-DIGISTART-Aout-2025.png?w=1650&amp;ssl=1 1650w, https:\/\/i0.wp.com\/lasource.be\/wp-content\/uploads\/2025\/07\/pub-DIGISTART-Aout-2025.png?w=2475&amp;ssl=1 2475w\" sizes=\"(max-width: 600px) 100vw, 600px\" data-recalc-dims=\"1\" \/><\/a><\/p>\n<p><strong>Nous organisons une nouvelle session de notre formation DIGISTART du 25 ao\u00fbt au 5 septembre 2025 !<\/strong><\/p>\n<p><span style=\"color: #000000;\">Pour rappel,<\/span><a href=\"https:\/\/lasource.be\/?page_id=2478\" target=\"_blank\" rel=\"noopener\"><strong><span style=\"color: #ce3941;\"> DIGISTART<\/span><\/strong><\/a> est un programme de formation destin\u00e9 \u00e0 favoriser l&rsquo;insertion socioprofessionnelle des demandeurs d&#8217;emploi wallons en situation de fracture num\u00e9rique.<\/p>\n<p>\u200b\u2197\ufe0f\u200b Ce module de courte dur\u00e9e vous permet d&rsquo;acqu\u00e9rir les comp\u00e9tences num\u00e9riques de base utiles et indispensables de nos jours.<br \/>\n\u2197\ufe0f\u200b\u200b Vous gagnerez en autonomie et en efficacit\u00e9 dans vos d\u00e9marches personnelles et professionnelles du quotidien.<\/p>\n<p><span style=\"color: #339966;\"><strong>Avantages de ce module de formation :<\/strong><\/span><br \/>\n\u2705 contrat FOREM de 2 semaines \u00e0 raison de 5\u00a0 jours\/semaine (Lundi, mardi, jeudi et vendredi : de 8h30 \u00e0 12h et de 13h \u00e0 16h30 + Mercredi de 8h30 \u00e0 12h30)<br \/>\n\u2705 intervention dans les frais de garderie et d\u00e9placements<br \/>\n\u2705 attestation de fin de formation<\/p>\n<p><span style=\"color: #339966;\"><strong>Conditions de participation :<\/strong><\/span><br \/>\n\u200b\u2705\u200b \u00eatre demandeur d\u2019emploi inoccup\u00e9<br \/>\nOU<br \/>\n\u200b\u2705\u200b b\u00e9n\u00e9ficiaire du revenu d\u2019int\u00e9gration sociale ou de l\u2019aide sociale<\/p>\n<p>\u26a0\ufe0f Cette formation sera la derni\u00e8re de cette ann\u00e9e 2025 !<br \/>\n\u26a0\ufe0f Afin de garantir un accompagnement et un apprentissage personnalis\u00e9s, nous limitons le nombre de participants au nombre de 10.\u00a0 Merci pour votre compr\u00e9hension.<\/p>\n<p style=\"text-align: left;\">\u200b\u260e\ufe0f\u200b N&rsquo;h\u00e9sitez plus, contactez nous au 061\/46 86 88 pour vous renseigner et vous inscrire !!!<\/p>\n<p style=\"text-align: center;\"><strong><span style=\"color: #ce3941;\">La formation DIGISTART d\u00e9butera le lundi 25 ao\u00fbt 2025 \u00e0 8h30<\/span><\/strong><\/p>\n","protected":false},"excerpt":{"rendered":"<p>Nous organisons une nouvelle session de notre formation DIGISTART du 25 ao\u00fbt au 5 septembre 2025 ! Pour rappel, DIGISTART est un programme de formation destin\u00e9 \u00e0 favoriser l&rsquo;insertion socioprofessionnelle&hellip; <a href=\"https:\/\/lasource.be\/?p=2746\" class=\"more-link\">Lire la suite <span class=\"screen-reader-text\">\ud83d\udcbb Troisi\u00e8me session de la formation DIGISTART\u200b\u200b\u200b ( \u26a0\ufe0f\u200b et derni\u00e8re de l&rsquo;ann\u00e9e !!! )<\/span><\/a><\/p>\n","protected":false},"author":1,"featured_media":0,"comment_status":"open","ping_status":"open","sticky":false,"template":"","format":"standard","meta":{"jetpack_post_was_ever_published":false,"jetpack_publicize_message":"","jetpack_is_tweetstorm":false,"jetpack_publicize_feature_enabled":true,"jetpack_social_post_already_shared":true,"jetpack_social_options":[]},"categories":[1],"tags":[],"jetpack_publicize_connections":[],"jetpack_featured_media_url":"","jetpack_sharing_enabled":true,"jetpack_shortlink":"https:\/\/wp.me\/p8UIgU-Ii","jetpack-related-posts":[{"id":2653,"url":"https:\/\/lasource.be\/?p=2653","url_meta":{"origin":2746,"position":0},"title":"\ud83d\udcbb Nouvelle session de la formation DIGISTART\u200b\u200b\u200b","date":"14 janvier 2025","format":false,"excerpt":"\u00a0 !!! Bonne nouvelle en ce d\u00e9but d'ann\u00e9e !!! Nous organisons une nouvelle session de notre formation DIGISTART ! DIGISTART est un programme de formation destin\u00e9 \u00e0 favoriser l'insertion socioprofessionnelle des demandeurs d'emploi wallons en situation de fracture num\u00e9rique. Vous souhaitez acqu\u00e9rir les comp\u00e9tences num\u00e9riques de base et devenir autonome\u2026","rel":"","context":"Dans &quot;Actualit\u00e9&quot;","img":{"alt_text":"","src":"https:\/\/i0.wp.com\/lasource.be\/wp-content\/uploads\/2025\/01\/pub-DIGISTART-janvier-2025-300x221.png?resize=350%2C200&ssl=1","width":350,"height":200},"classes":[]},{"id":2674,"url":"https:\/\/lasource.be\/?p=2674","url_meta":{"origin":2746,"position":1},"title":"\ud83d\udcbb Deuxi\u00e8me session de la formation DIGISTART\u200b\u200b\u200b","date":"13 mars 2025","format":false,"excerpt":"Au vu des nombreuses demandes, nous organisons une nouvelle session de notre formation DIGISTART ! DIGISTART est un programme de formation destin\u00e9 \u00e0 favoriser l'insertion socioprofessionnelle des demandeurs d'emploi wallons en situation de fracture num\u00e9rique. Vous souhaitez acqu\u00e9rir les comp\u00e9tences num\u00e9riques de base et devenir autonome dans vos d\u00e9marches du\u2026","rel":"","context":"Dans &quot;Actualit\u00e9&quot;","img":{"alt_text":"","src":"https:\/\/i0.wp.com\/lasource.be\/wp-content\/uploads\/2025\/03\/pub-DIGISTART-mars-2025-Itsme-300x221.png?resize=350%2C200&ssl=1","width":350,"height":200},"classes":[]},{"id":2811,"url":"https:\/\/lasource.be\/?p=2811","url_meta":{"origin":2746,"position":2},"title":"\ud83d\udcbb\u200b DIGISTART, en route vers l&rsquo;autonomie num\u00e9rique","date":"29 octobre 2025","format":false,"excerpt":"Tout simplement parce qu'aujourd'hui, on n'a pas le choix ! Le num\u00e9rique fait partie de nos vies et est devenu INDISPENSABLE ! Vous n'utilisez pas les outils num\u00e9riques et les nombreux services en ligne propos\u00e9s\u2026 parce que\u2026 \ud83d\ude31\u200b vous avez peur de vous tromper \ud83d\ude08\u200b vous estimez cela trop dangereux\u2026","rel":"","context":"Dans &quot;Actualit\u00e9&quot;","img":{"alt_text":"","src":"https:\/\/i0.wp.com\/lasource.be\/wp-content\/uploads\/2025\/10\/pub-DIGISTART-Novembre-2025-300x221.png?resize=350%2C200&ssl=1","width":350,"height":200},"classes":[]},{"id":2575,"url":"https:\/\/lasource.be\/?p=2575","url_meta":{"origin":2746,"position":3},"title":"Vive les vacances ! Profitez, nous pr\u00e9parons la rentr\u00e9e \ud83d\ude0e","date":"25 juillet 2024","format":false,"excerpt":"C'est l'\u00e9t\u00e9, le soleil pointe enfin le bout de son nez !\u00a0 Place \u00e0 un peu de l\u00e9g\u00e8ret\u00e9 et de repos bien m\u00e9rit\u00e9s avant la rentr\u00e9e ! \u00a0 Le temps est venu de se laisser doucement vivre, de prendre un peu de repos, de farniente, un peu de temps pour\u2026","rel":"","context":"Dans &quot;Actualit\u00e9&quot;","img":{"alt_text":"","src":"https:\/\/i0.wp.com\/lasource.be\/wp-content\/uploads\/2024\/07\/pub-jcma-septembre-2024_ok-300x221.png?resize=350%2C200&ssl=1","width":350,"height":200},"classes":[]},{"id":721,"url":"https:\/\/lasource.be\/?p=721","url_meta":{"origin":2746,"position":4},"title":"L&rsquo;Atelier du Num\u00e9rique : nouveau module de formation","date":"15 f\u00e9vrier 2018","format":false,"excerpt":"Dans le cadre de son \"Atelier du Num\u00e9rique\", l'Asbl La Source vous propose son second atelier consacr\u00e9 au stockage des donn\u00e9es en toute s\u00e9curit\u00e9. Le module \"S\u00e9curisez vos donn\u00e9es\" se d\u00e9roulera mardi 20 f\u00e9vrier 2018 de 8h30 \u00e0 12h00. Pour tout renseignement, contactez-nous au 061\/46 86 88. Bienvenue \u00e0 tous\u2026","rel":"","context":"Dans &quot;Actualit\u00e9&quot;","img":{"alt_text":"","src":"https:\/\/i0.wp.com\/lasource.be\/wp-content\/uploads\/2018\/02\/programme-sauvegarde-de-donn\u00c3\u00a9es-212x300.png?resize=350%2C200","width":350,"height":200},"classes":[]},{"id":2379,"url":"https:\/\/lasource.be\/?p=2379","url_meta":{"origin":2746,"position":5},"title":"\ud83d\udd0e D\u00e9couvrez le nouveau module \u00ab\u00a0Phare\u00a0\u00bb du Service d&rsquo;Insertion Sociale","date":"28 novembre 2023","format":false,"excerpt":"C'est avec un grand enthousiasme que l'\u00e9quipe du SIS vous pr\u00e9sente son tout nouveau module baptis\u00e9 \"Phare\" Un module de 6 mois pour dessiner VOTRE projet de VIE ! Curieux de d\u00e9couvrir ce nouveau module ?\u00a0 Plus parlant qu'un long discours, regardez la petite vid\u00e9o ci-dessous : \u00a0 \u00c0 travers\u2026","rel":"","context":"Dans &quot;Actualit\u00e9&quot;","img":{"alt_text":"","src":"https:\/\/i0.wp.com\/lasource.be\/wp-content\/uploads\/2023\/11\/Phare-Seances-dinfo-2.gif?resize=350%2C200&ssl=1","width":350,"height":200},"classes":[]}],"_links":{"self":[{"href":"https:\/\/lasource.be\/index.php?rest_route=\/wp\/v2\/posts\/2746"}],"collection":[{"href":"https:\/\/lasource.be\/index.php?rest_route=\/wp\/v2\/posts"}],"about":[{"href":"https:\/\/lasource.be\/index.php?rest_route=\/wp\/v2\/types\/post"}],"author":[{"embeddable":true,"href":"https:\/\/lasource.be\/index.php?rest_route=\/wp\/v2\/users\/1"}],"replies":[{"embeddable":true,"href":"https:\/\/lasource.be\/index.php?rest_route=%2Fwp%2Fv2%2Fcomments&post=2746"}],"version-history":[{"count":10,"href":"https:\/\/lasource.be\/index.php?rest_route=\/wp\/v2\/posts\/2746\/revisions"}],"predecessor-version":[{"id":2758,"href":"https:\/\/lasource.be\/index.php?rest_route=\/wp\/v2\/posts\/2746\/revisions\/2758"}],"wp:attachment":[{"href":"https:\/\/lasource.be\/index.php?rest_route=%2Fwp%2Fv2%2Fmedia&parent=2746"}],"wp:term":[{"taxonomy":"category","embeddable":true,"href":"https:\/\/lasource.be\/index.php?rest_route=%2Fwp%2Fv2%2Fcategories&post=2746"},{"taxonomy":"post_tag","embeddable":true,"href":"https:\/\/lasource.be\/index.php?rest_route=%2Fwp%2Fv2%2Ftags&post=2746"}],"curies":[{"name":"wp","href":"https:\/\/api.w.org\/{rel}","templated":true}]}}