{"id":2811,"date":"2025-10-29T15:31:52","date_gmt":"2025-10-29T14:31:52","guid":{"rendered":"https:\/\/lasource.be\/?p=2811"},"modified":"2025-10-29T15:31:52","modified_gmt":"2025-10-29T14:31:52","slug":"%f0%9f%92%bb-digistart-en-route-vers-lautonomie-numerique","status":"publish","type":"post","link":"https:\/\/lasource.be\/?p=2811","title":{"rendered":"\ud83d\udcbb\u200b DIGISTART, en route vers l&rsquo;autonomie num\u00e9rique"},"content":{"rendered":"<h3 style=\"text-align: center;\">Tout simplement parce qu&rsquo;aujourd&rsquo;hui, on n&rsquo;a pas le choix !<br \/>\nLe num\u00e9rique fait partie de nos vies et est devenu INDISPENSABLE !<\/h3>\n<p>Vous n&rsquo;utilisez pas les outils num\u00e9riques et les nombreux services en ligne propos\u00e9s\u2026 parce que\u2026<\/p>\n<ul>\n<li>\ud83d\ude31\u200b vous avez peur de vous tromper<\/li>\n<li>\ud83d\ude08\u200b vous estimez cela trop dangereux<\/li>\n<li>\ud83d\ude44\u200b \u00e7a ne vous int\u00e9resse pas<\/li>\n<li>\ud83e\udd14\u200b vous n&rsquo;avez pas besoin d&rsquo;internet<\/li>\n<li>\u2026<\/li>\n<\/ul>\n<p>C&rsquo;est tout \u00e0 fait normal ! Mais faites le pas et venez lever vos freins en venant suivre la formation <span style=\"color: #000000;\"><strong>DIGISTART<\/strong> <\/span>!!!<br \/>\nUne formation durant laquelle vous serez encadr\u00e9s, \u00e9cout\u00e9s et rassur\u00e9s.<br \/>\nUne formation durant laquelle vous allez d\u00e9couvrir, apprendre et vous exercer dans un environnement bienveillant, sans jugement.<\/p>\n<p>\u00c0 raison de 4 jours par semaine et durant 3 semaines, venez :<\/p>\n<ul>\n<li>\ud83d\udcbb\u200b vous familiariser avec l&rsquo;ordinateur et\/ou le smartphone<\/li>\n<li>\ud83d\udc4d\u200b d\u00e9couvrir les nombreuses opportunit\u00e9s du num\u00e9rique (gain de temps dans les d\u00e9marches administratives, solution au probl\u00e8me de mobilit\u00e9, lien social, emploi, \u2026)<\/li>\n<li>\ud83c\udf10\u200b d\u00e9couvrir les nombreux services en ligne<\/li>\n<li>\ud83e\uddd0\u200b d\u00e9velopper les bons r\u00e9flexes \u00e0 adopter (d\u00e9celer les arnaques, \u2026)<\/li>\n<li>\ud83e\uddd1\u200d\ud83d\udcbb\u200b acqu\u00e9rir les comp\u00e9tences num\u00e9riques de base afin de devenir tout simplement <strong>AUTONOME<\/strong><\/li>\n<li>\u2026<\/li>\n<\/ul>\n<h3 style=\"text-align: center;\">N&rsquo;h\u00e9sitez plus, inscrivez vous \u00e0 la formation Digistart qui se d\u00e9roulera du 17 novembre au 05 d\u00e9cembre 2025.<\/h3>\n<h4 style=\"text-align: center;\">\u26a0\ufe0f\u200b Pour favoriser un encadrement de qualit\u00e9, les places sont limit\u00e9es ! \u26a0\ufe0f\u200b<\/h4>\n<p><a href=\"https:\/\/i0.wp.com\/lasource.be\/wp-content\/uploads\/2025\/10\/pub-DIGISTART-Novembre-2025.png?ssl=1\" target=\"_blank\" rel=\"noopener\"><img data-attachment-id=\"2812\" data-permalink=\"https:\/\/lasource.be\/?attachment_id=2812\" data-orig-file=\"https:\/\/i0.wp.com\/lasource.be\/wp-content\/uploads\/2025\/10\/pub-DIGISTART-Novembre-2025.png?fit=2504%2C1843&amp;ssl=1\" data-orig-size=\"2504,1843\" data-comments-opened=\"1\" data-image-meta=\"{&quot;aperture&quot;:&quot;0&quot;,&quot;credit&quot;:&quot;&quot;,&quot;camera&quot;:&quot;&quot;,&quot;caption&quot;:&quot;&quot;,&quot;created_timestamp&quot;:&quot;0&quot;,&quot;copyright&quot;:&quot;&quot;,&quot;focal_length&quot;:&quot;0&quot;,&quot;iso&quot;:&quot;0&quot;,&quot;shutter_speed&quot;:&quot;0&quot;,&quot;title&quot;:&quot;&quot;,&quot;orientation&quot;:&quot;0&quot;}\" data-image-title=\"pub DIGISTART Novembre 2025\" data-image-description=\"\" data-image-caption=\"\" data-medium-file=\"https:\/\/i0.wp.com\/lasource.be\/wp-content\/uploads\/2025\/10\/pub-DIGISTART-Novembre-2025.png?fit=300%2C221&amp;ssl=1\" data-large-file=\"https:\/\/i0.wp.com\/lasource.be\/wp-content\/uploads\/2025\/10\/pub-DIGISTART-Novembre-2025.png?fit=825%2C607&amp;ssl=1\" decoding=\"async\" loading=\"lazy\" class=\"aligncenter wp-image-2812\" src=\"https:\/\/i0.wp.com\/lasource.be\/wp-content\/uploads\/2025\/10\/pub-DIGISTART-Novembre-2025.png?resize=600%2C442&#038;ssl=1\" alt=\"\" width=\"600\" height=\"442\" srcset=\"https:\/\/i0.wp.com\/lasource.be\/wp-content\/uploads\/2025\/10\/pub-DIGISTART-Novembre-2025.png?resize=300%2C221&amp;ssl=1 300w, https:\/\/i0.wp.com\/lasource.be\/wp-content\/uploads\/2025\/10\/pub-DIGISTART-Novembre-2025.png?resize=1024%2C754&amp;ssl=1 1024w, https:\/\/i0.wp.com\/lasource.be\/wp-content\/uploads\/2025\/10\/pub-DIGISTART-Novembre-2025.png?resize=768%2C565&amp;ssl=1 768w, https:\/\/i0.wp.com\/lasource.be\/wp-content\/uploads\/2025\/10\/pub-DIGISTART-Novembre-2025.png?resize=1536%2C1131&amp;ssl=1 1536w, https:\/\/i0.wp.com\/lasource.be\/wp-content\/uploads\/2025\/10\/pub-DIGISTART-Novembre-2025.png?resize=2048%2C1507&amp;ssl=1 2048w, https:\/\/i0.wp.com\/lasource.be\/wp-content\/uploads\/2025\/10\/pub-DIGISTART-Novembre-2025.png?w=1650&amp;ssl=1 1650w, https:\/\/i0.wp.com\/lasource.be\/wp-content\/uploads\/2025\/10\/pub-DIGISTART-Novembre-2025.png?w=2475&amp;ssl=1 2475w\" sizes=\"(max-width: 600px) 100vw, 600px\" data-recalc-dims=\"1\" \/><\/a><\/p>\n","protected":false},"excerpt":{"rendered":"<p>Tout simplement parce qu&rsquo;aujourd&rsquo;hui, on n&rsquo;a pas le choix ! Le num\u00e9rique fait partie de nos vies et est devenu INDISPENSABLE ! Vous n&rsquo;utilisez pas les outils num\u00e9riques et les&hellip; <a href=\"https:\/\/lasource.be\/?p=2811\" class=\"more-link\">Lire la suite <span class=\"screen-reader-text\">\ud83d\udcbb\u200b DIGISTART, en route vers l&rsquo;autonomie num\u00e9rique<\/span><\/a><\/p>\n","protected":false},"author":1,"featured_media":0,"comment_status":"open","ping_status":"open","sticky":false,"template":"","format":"standard","meta":{"jetpack_post_was_ever_published":false,"jetpack_publicize_message":"","jetpack_is_tweetstorm":false,"jetpack_publicize_feature_enabled":true,"jetpack_social_post_already_shared":true,"jetpack_social_options":[]},"categories":[1],"tags":[],"jetpack_publicize_connections":[],"jetpack_featured_media_url":"","jetpack_sharing_enabled":true,"jetpack_shortlink":"https:\/\/wp.me\/p8UIgU-Jl","jetpack-related-posts":[{"id":2674,"url":"https:\/\/lasource.be\/?p=2674","url_meta":{"origin":2811,"position":0},"title":"\ud83d\udcbb Deuxi\u00e8me session de la formation DIGISTART\u200b\u200b\u200b","date":"13 mars 2025","format":false,"excerpt":"Au vu des nombreuses demandes, nous organisons une nouvelle session de notre formation DIGISTART ! DIGISTART est un programme de formation destin\u00e9 \u00e0 favoriser l'insertion socioprofessionnelle des demandeurs d'emploi wallons en situation de fracture num\u00e9rique. Vous souhaitez acqu\u00e9rir les comp\u00e9tences num\u00e9riques de base et devenir autonome dans vos d\u00e9marches du\u2026","rel":"","context":"Dans &quot;Actualit\u00e9&quot;","img":{"alt_text":"","src":"https:\/\/i0.wp.com\/lasource.be\/wp-content\/uploads\/2025\/03\/pub-DIGISTART-mars-2025-Itsme-300x221.png?resize=350%2C200&ssl=1","width":350,"height":200},"classes":[]},{"id":2653,"url":"https:\/\/lasource.be\/?p=2653","url_meta":{"origin":2811,"position":1},"title":"\ud83d\udcbb Nouvelle session de la formation DIGISTART\u200b\u200b\u200b","date":"14 janvier 2025","format":false,"excerpt":"\u00a0 !!! Bonne nouvelle en ce d\u00e9but d'ann\u00e9e !!! Nous organisons une nouvelle session de notre formation DIGISTART ! DIGISTART est un programme de formation destin\u00e9 \u00e0 favoriser l'insertion socioprofessionnelle des demandeurs d'emploi wallons en situation de fracture num\u00e9rique. Vous souhaitez acqu\u00e9rir les comp\u00e9tences num\u00e9riques de base et devenir autonome\u2026","rel":"","context":"Dans &quot;Actualit\u00e9&quot;","img":{"alt_text":"","src":"https:\/\/i0.wp.com\/lasource.be\/wp-content\/uploads\/2025\/01\/pub-DIGISTART-janvier-2025-300x221.png?resize=350%2C200&ssl=1","width":350,"height":200},"classes":[]},{"id":2746,"url":"https:\/\/lasource.be\/?p=2746","url_meta":{"origin":2811,"position":2},"title":"\ud83d\udcbb Troisi\u00e8me session de la formation DIGISTART\u200b\u200b\u200b ( \u26a0\ufe0f\u200b et derni\u00e8re de l&rsquo;ann\u00e9e !!! )","date":"23 juillet 2025","format":false,"excerpt":"Nous organisons une nouvelle session de notre formation DIGISTART du 25 ao\u00fbt au 5 septembre 2025 ! Pour rappel, DIGISTART est un programme de formation destin\u00e9 \u00e0 favoriser l'insertion socioprofessionnelle des demandeurs d'emploi wallons en situation de fracture num\u00e9rique. \u200b\u2197\ufe0f\u200b Ce module de courte dur\u00e9e vous permet d'acqu\u00e9rir les comp\u00e9tences\u2026","rel":"","context":"Dans &quot;Actualit\u00e9&quot;","img":{"alt_text":"","src":"https:\/\/i0.wp.com\/lasource.be\/wp-content\/uploads\/2025\/07\/pub-DIGISTART-Aout-2025-300x221.png?resize=350%2C200&ssl=1","width":350,"height":200},"classes":[]},{"id":2575,"url":"https:\/\/lasource.be\/?p=2575","url_meta":{"origin":2811,"position":3},"title":"Vive les vacances ! Profitez, nous pr\u00e9parons la rentr\u00e9e \ud83d\ude0e","date":"25 juillet 2024","format":false,"excerpt":"C'est l'\u00e9t\u00e9, le soleil pointe enfin le bout de son nez !\u00a0 Place \u00e0 un peu de l\u00e9g\u00e8ret\u00e9 et de repos bien m\u00e9rit\u00e9s avant la rentr\u00e9e ! \u00a0 Le temps est venu de se laisser doucement vivre, de prendre un peu de repos, de farniente, un peu de temps pour\u2026","rel":"","context":"Dans &quot;Actualit\u00e9&quot;","img":{"alt_text":"","src":"https:\/\/i0.wp.com\/lasource.be\/wp-content\/uploads\/2024\/07\/pub-jcma-septembre-2024_ok-300x221.png?resize=350%2C200&ssl=1","width":350,"height":200},"classes":[]},{"id":708,"url":"https:\/\/lasource.be\/?p=708","url_meta":{"origin":2811,"position":4},"title":"Nouveau \u00e0 La Source : L&rsquo;Atelier du Num\u00e9rique","date":"23 janvier 2018","format":false,"excerpt":"Bienvenue dans notre Atelier du Num\u00e9rique ! Nous vous invitons chaque 3\u00e8me mardi du mois \u00e0 participer \u00e0 nos ateliers th\u00e9matiques bas\u00e9s sur l'apprentissage des nouvelles technologies de l'information et de la communication (les NTIC). Ces nouvelles formations sont ouvertes au grand public et sont gratuites pour les demandeurs d'emploi.\u2026","rel":"","context":"Dans &quot;Actualit\u00e9&quot;","img":{"alt_text":"","src":"https:\/\/i0.wp.com\/lasource.be\/wp-content\/uploads\/2018\/01\/en-tete-th\u00c3\u00a9matiques-300x153.png?resize=350%2C200","width":350,"height":200},"classes":[]},{"id":721,"url":"https:\/\/lasource.be\/?p=721","url_meta":{"origin":2811,"position":5},"title":"L&rsquo;Atelier du Num\u00e9rique : nouveau module de formation","date":"15 f\u00e9vrier 2018","format":false,"excerpt":"Dans le cadre de son \"Atelier du Num\u00e9rique\", l'Asbl La Source vous propose son second atelier consacr\u00e9 au stockage des donn\u00e9es en toute s\u00e9curit\u00e9. Le module \"S\u00e9curisez vos donn\u00e9es\" se d\u00e9roulera mardi 20 f\u00e9vrier 2018 de 8h30 \u00e0 12h00. Pour tout renseignement, contactez-nous au 061\/46 86 88. Bienvenue \u00e0 tous\u2026","rel":"","context":"Dans &quot;Actualit\u00e9&quot;","img":{"alt_text":"","src":"https:\/\/i0.wp.com\/lasource.be\/wp-content\/uploads\/2018\/02\/programme-sauvegarde-de-donn\u00c3\u00a9es-212x300.png?resize=350%2C200","width":350,"height":200},"classes":[]}],"_links":{"self":[{"href":"https:\/\/lasource.be\/index.php?rest_route=\/wp\/v2\/posts\/2811"}],"collection":[{"href":"https:\/\/lasource.be\/index.php?rest_route=\/wp\/v2\/posts"}],"about":[{"href":"https:\/\/lasource.be\/index.php?rest_route=\/wp\/v2\/types\/post"}],"author":[{"embeddable":true,"href":"https:\/\/lasource.be\/index.php?rest_route=\/wp\/v2\/users\/1"}],"replies":[{"embeddable":true,"href":"https:\/\/lasource.be\/index.php?rest_route=%2Fwp%2Fv2%2Fcomments&post=2811"}],"version-history":[{"count":15,"href":"https:\/\/lasource.be\/index.php?rest_route=\/wp\/v2\/posts\/2811\/revisions"}],"predecessor-version":[{"id":2827,"href":"https:\/\/lasource.be\/index.php?rest_route=\/wp\/v2\/posts\/2811\/revisions\/2827"}],"wp:attachment":[{"href":"https:\/\/lasource.be\/index.php?rest_route=%2Fwp%2Fv2%2Fmedia&parent=2811"}],"wp:term":[{"taxonomy":"category","embeddable":true,"href":"https:\/\/lasource.be\/index.php?rest_route=%2Fwp%2Fv2%2Fcategories&post=2811"},{"taxonomy":"post_tag","embeddable":true,"href":"https:\/\/lasource.be\/index.php?rest_route=%2Fwp%2Fv2%2Ftags&post=2811"}],"curies":[{"name":"wp","href":"https:\/\/api.w.org\/{rel}","templated":true}]}}