{"id":2829,"date":"2025-12-12T14:55:00","date_gmt":"2025-12-12T13:55:00","guid":{"rendered":"https:\/\/lasource.be\/?p=2829"},"modified":"2025-12-12T14:55:00","modified_gmt":"2025-12-12T13:55:00","slug":"%f0%9f%93%a2-1ere-session-de-je-cree-mon-avenir-2026","status":"publish","type":"post","link":"https:\/\/lasource.be\/?p=2829","title":{"rendered":"\ud83d\udce2 1\u00e8re session de \u00ab\u00a0Je Cr\u00e9e Mon Avenir 2026\u00a0\u00bb"},"content":{"rendered":"<p>\u200b\u200b\ud83d\udcd3\u200b\u200b Notez d\u00e9j\u00e0 dans vos agendas la date de notre toute premi\u00e8re session de formation \u00ab\u00a0Je Cr\u00e9e Mon Avenir\u00a0\u00bb !<\/p>\n<p>\u200b\ud83d\uddd3\ufe0f\u200b JCMA d\u00e9butera le 19 janvier 2026<\/p>\n<p>\ud83d\udcdd Pour plus de renseignements, n&rsquo;h\u00e9sitez pas \u00e0 participer \u00e0 une de nos deux s\u00e9ances d&rsquo;info o\u00f9 nous nous ferons un plaisir de vous rencontrer et vous d\u00e9tailler le contenu de la formation :<\/p>\n<ul>\n<li>Le lundi 15 d\u00e9cembre \u00e0 9h30<\/li>\n<li>Le jeudi 05 janvier \u00e0 9h30<\/li>\n<\/ul>\n<p>\ud83d\ude09\u200b \u00c0 bient\u00f4t !\u00a0<a href=\"https:\/\/lasource.be\/wp-content\/uploads\/2025\/12\/Pub-JCMA-Janv26-Juillet26.png\" target=\"_blank\" rel=\"noopener\"><br \/>\n<img data-attachment-id=\"2833\" data-permalink=\"https:\/\/lasource.be\/?attachment_id=2833\" data-orig-file=\"https:\/\/i0.wp.com\/lasource.be\/wp-content\/uploads\/2025\/12\/Pub-JCMA-Janv26-Juillet26.png?fit=1252%2C803&amp;ssl=1\" data-orig-size=\"1252,803\" data-comments-opened=\"1\" data-image-meta=\"{&quot;aperture&quot;:&quot;0&quot;,&quot;credit&quot;:&quot;&quot;,&quot;camera&quot;:&quot;&quot;,&quot;caption&quot;:&quot;&quot;,&quot;created_timestamp&quot;:&quot;0&quot;,&quot;copyright&quot;:&quot;&quot;,&quot;focal_length&quot;:&quot;0&quot;,&quot;iso&quot;:&quot;0&quot;,&quot;shutter_speed&quot;:&quot;0&quot;,&quot;title&quot;:&quot;&quot;,&quot;orientation&quot;:&quot;0&quot;}\" data-image-title=\"Pub JCMA Janv26-Juillet26\" data-image-description=\"\" data-image-caption=\"\" data-medium-file=\"https:\/\/i0.wp.com\/lasource.be\/wp-content\/uploads\/2025\/12\/Pub-JCMA-Janv26-Juillet26.png?fit=300%2C192&amp;ssl=1\" data-large-file=\"https:\/\/i0.wp.com\/lasource.be\/wp-content\/uploads\/2025\/12\/Pub-JCMA-Janv26-Juillet26.png?fit=825%2C529&amp;ssl=1\" decoding=\"async\" loading=\"lazy\" class=\"aligncenter wp-image-2833\" src=\"https:\/\/i0.wp.com\/lasource.be\/wp-content\/uploads\/2025\/12\/Pub-JCMA-Janv26-Juillet26.png?resize=600%2C385&#038;ssl=1\" alt=\"\" width=\"600\" height=\"385\" srcset=\"https:\/\/i0.wp.com\/lasource.be\/wp-content\/uploads\/2025\/12\/Pub-JCMA-Janv26-Juillet26.png?resize=300%2C192&amp;ssl=1 300w, https:\/\/i0.wp.com\/lasource.be\/wp-content\/uploads\/2025\/12\/Pub-JCMA-Janv26-Juillet26.png?resize=1024%2C657&amp;ssl=1 1024w, https:\/\/i0.wp.com\/lasource.be\/wp-content\/uploads\/2025\/12\/Pub-JCMA-Janv26-Juillet26.png?resize=768%2C493&amp;ssl=1 768w, https:\/\/i0.wp.com\/lasource.be\/wp-content\/uploads\/2025\/12\/Pub-JCMA-Janv26-Juillet26.png?w=1252&amp;ssl=1 1252w\" sizes=\"(max-width: 600px) 100vw, 600px\" data-recalc-dims=\"1\" \/><\/a><\/p>\n","protected":false},"excerpt":{"rendered":"<p>\u200b\u200b\ud83d\udcd3\u200b\u200b Notez d\u00e9j\u00e0 dans vos agendas la date de notre toute premi\u00e8re session de formation \u00ab\u00a0Je Cr\u00e9e Mon Avenir\u00a0\u00bb ! \u200b\ud83d\uddd3\ufe0f\u200b JCMA d\u00e9butera le 19 janvier 2026 \ud83d\udcdd Pour plus&hellip; <a href=\"https:\/\/lasource.be\/?p=2829\" class=\"more-link\">Lire la suite <span class=\"screen-reader-text\">\ud83d\udce2 1\u00e8re session de \u00ab\u00a0Je Cr\u00e9e Mon Avenir 2026\u00a0\u00bb<\/span><\/a><\/p>\n","protected":false},"author":1,"featured_media":0,"comment_status":"open","ping_status":"open","sticky":false,"template":"","format":"standard","meta":{"jetpack_post_was_ever_published":false,"jetpack_publicize_message":"","jetpack_is_tweetstorm":false,"jetpack_publicize_feature_enabled":true,"jetpack_social_post_already_shared":true,"jetpack_social_options":[]},"categories":[1],"tags":[],"jetpack_publicize_connections":[],"jetpack_featured_media_url":"","jetpack_sharing_enabled":true,"jetpack_shortlink":"https:\/\/wp.me\/p8UIgU-JD","jetpack-related-posts":[{"id":665,"url":"https:\/\/lasource.be\/?p=665","url_meta":{"origin":2829,"position":0},"title":"Formation \u00ab\u00a0Je Cr\u00e9e Mon Avenir\u00a0\u00bb 19h\/semaine &#8211; Nouvelle session","date":"27 novembre 2017","format":false,"excerpt":"Nous avons le plaisir de vous informer qu'une nouvelle session de la formation \"Je Cr\u00e9e Mon Avenir\" 19h\/semaine d\u00e9butera le mercredi 06 d\u00e9cembre 2017. Pour plus de renseignements, nous vous invitons \u00e0 venir assister \u00e0 notre s\u00e9ance d'info qui se d\u00e9roulera le lundi 04 d\u00e9cembre \u00e0 9h30 dans les locaux\u2026","rel":"","context":"Dans &quot;Actualit\u00e9&quot;","img":{"alt_text":"","src":"https:\/\/i0.wp.com\/lasource.be\/wp-content\/uploads\/2017\/11\/Pub-Proximag-d\u00c3\u00a9cembre-2017-nouveau-logo-Facebook-300x300.png?resize=350%2C200","width":350,"height":200},"classes":[]},{"id":408,"url":"https:\/\/lasource.be\/?p=408","url_meta":{"origin":2829,"position":1},"title":"Nouvelle formation \u00ab\u00a0Je Cr\u00e9e Mon Avenir\u00a0\u00bb !","date":"23 ao\u00fbt 2017","format":false,"excerpt":"Nous avons le plaisir de vous informer qu'une nouvelle session de la formation \"Je Cr\u00e9e Mon Avenir\" 35h\/semaine d\u00e9butera le lundi 09 octobre 2017 ! Pour plus de renseignements, nous vous invitons \u00e0 venir assister \u00e0 notre s\u00e9ance d'info qui se d\u00e9roulera le lundi 25 septembre \u00e0 9h30 dans les\u2026","rel":"","context":"Dans &quot;Actualit\u00e9&quot;","img":{"alt_text":"","src":"https:\/\/i0.wp.com\/lasource.be\/wp-content\/uploads\/2017\/08\/Pub-Proximag-octobre-2017-nouveau-logo-35-h-facebook-300x300.png?resize=350%2C200","width":350,"height":200},"classes":[]},{"id":745,"url":"https:\/\/lasource.be\/?p=745","url_meta":{"origin":2829,"position":2},"title":"Nouvelle formation \u00ab\u00a0Je Cr\u00e9e Mon Avenir\u00a0\u00bb &#8211; Octobre 2018","date":"19 septembre 2018","format":false,"excerpt":"Nous avons le plaisir de vous informer qu'une nouvelle session de la formation \"Je Cr\u00e9e Mon Avenir\" 35h\/semaine d\u00e9butera le lundi 08 octobre 2018 ! Afin de vous pr\u00e9senter le programme de la formation, nous vous invitons \u00e0 venir assister \u00e0 notre s\u00e9ance d'info qui se d\u00e9roulera le mardi 25\u2026","rel":"","context":"Dans &quot;Actualit\u00e9&quot;","img":{"alt_text":"","src":"https:\/\/i0.wp.com\/lasource.be\/wp-content\/uploads\/2018\/07\/Pub-Proximag-septembre-2018-35-h-Tim-Burton-300x300.png?resize=350%2C200","width":350,"height":200},"classes":[]},{"id":784,"url":"https:\/\/lasource.be\/?p=784","url_meta":{"origin":2829,"position":3},"title":"Formation \u00ab\u00a0Je Cr\u00e9e Mon Avenir\u00a0\u00bb 19h\/semaine &#8211; Septembre 2018","date":"29 ao\u00fbt 2018","format":false,"excerpt":"Nous avons le plaisir de vous informer qu'une nouvelle session de la formation \"Je Cr\u00e9e Mon Avenir\" 19h\/semaine d\u00e9butera le lundi 10 septembre 2018. La rentr\u00e9e s'annonce particuli\u00e8rement cr\u00e9ative cette ann\u00e9e ! En effet, l'expression artistique sera inspir\u00e9e de l'univers fantastique de Tim Burton ! Nous vous invitons \u00e0 venir\u2026","rel":"","context":"Dans &quot;Actualit\u00e9&quot;","img":{"alt_text":"","src":"https:\/\/i0.wp.com\/lasource.be\/wp-content\/uploads\/2018\/08\/Pub-Proximag-septembre-2018-19h-Tim-Burton-300x300.png?resize=350%2C200","width":350,"height":200},"classes":[]},{"id":1670,"url":"https:\/\/lasource.be\/?p=1670","url_meta":{"origin":2829,"position":4},"title":"La nouvelle formation \u00ab\u00a0Je cr\u00e9e mon avenir\u00a0\u00bb 19h\/semaine, c&rsquo;est maintenant !!!","date":"14 janvier 2022","format":false,"excerpt":"C'est avec un grand plaisir et une super motivation que nous vous annon\u00e7ons la reprise tant attendue de notre formation \"Je cr\u00e9e mon Avenir\" 19h\/semaine ! Pour plus de d\u00e9tails, n'h\u00e9sitez pas \u00e0 participer \u00e0 la s\u00e9ance d'info qui se d\u00e9roulera le lundi 17 janvier \u00e0 9h30 dans les locaux\u2026","rel":"","context":"Dans &quot;Actualit\u00e9&quot;","img":{"alt_text":"","src":"https:\/\/i0.wp.com\/lasource.be\/wp-content\/uploads\/2022\/01\/Pub-Proximag-janvier-2022-19-h-300x300.png?resize=350%2C200","width":350,"height":200},"classes":[]},{"id":1068,"url":"https:\/\/lasource.be\/?p=1068","url_meta":{"origin":2829,"position":5},"title":"Bient\u00f4t la rentr\u00e9e : voici les dates de nos nouvelles formations \u00ab\u00a0Je Cr\u00e9e Mon Avenir\u00a0\u00bb","date":"20 ao\u00fbt 2019","format":false,"excerpt":"Nous avons le plaisir de vous informer que nos nouvelles formations \"Je Cr\u00e9e Mon Avenir\" vont bient\u00f4t recommencer ! Voici les dates \u00e0 retenir : La formation \"Je Cr\u00e9e Mon Avenir\" 19h\/semaine d\u00e9butera le lundi 16 septembre 2019\u00a0 (s\u00e9ance d'info : le mardi 03 septembre \u00e0 9h30) La formation \"Je\u2026","rel":"","context":"Dans &quot;Actualit\u00e9&quot;","img":{"alt_text":"","src":"https:\/\/i0.wp.com\/lasource.be\/wp-content\/uploads\/2019\/08\/Pub-Vlan-octobre-2019-35h-FINISH.png?resize=350%2C200","width":350,"height":200},"classes":[]}],"_links":{"self":[{"href":"https:\/\/lasource.be\/index.php?rest_route=\/wp\/v2\/posts\/2829"}],"collection":[{"href":"https:\/\/lasource.be\/index.php?rest_route=\/wp\/v2\/posts"}],"about":[{"href":"https:\/\/lasource.be\/index.php?rest_route=\/wp\/v2\/types\/post"}],"author":[{"embeddable":true,"href":"https:\/\/lasource.be\/index.php?rest_route=\/wp\/v2\/users\/1"}],"replies":[{"embeddable":true,"href":"https:\/\/lasource.be\/index.php?rest_route=%2Fwp%2Fv2%2Fcomments&post=2829"}],"version-history":[{"count":8,"href":"https:\/\/lasource.be\/index.php?rest_route=\/wp\/v2\/posts\/2829\/revisions"}],"predecessor-version":[{"id":2838,"href":"https:\/\/lasource.be\/index.php?rest_route=\/wp\/v2\/posts\/2829\/revisions\/2838"}],"wp:attachment":[{"href":"https:\/\/lasource.be\/index.php?rest_route=%2Fwp%2Fv2%2Fmedia&parent=2829"}],"wp:term":[{"taxonomy":"category","embeddable":true,"href":"https:\/\/lasource.be\/index.php?rest_route=%2Fwp%2Fv2%2Fcategories&post=2829"},{"taxonomy":"post_tag","embeddable":true,"href":"https:\/\/lasource.be\/index.php?rest_route=%2Fwp%2Fv2%2Ftags&post=2829"}],"curies":[{"name":"wp","href":"https:\/\/api.w.org\/{rel}","templated":true}]}}