{"id":2839,"date":"2025-12-12T15:07:57","date_gmt":"2025-12-12T14:07:57","guid":{"rendered":"https:\/\/lasource.be\/?p=2839"},"modified":"2025-12-12T15:07:57","modified_gmt":"2025-12-12T14:07:57","slug":"%e2%9c%8a-manifestation-du-11-decembre-2025-la-source-dans-la-rue","status":"publish","type":"post","link":"https:\/\/lasource.be\/?p=2839","title":{"rendered":"\u270a\u200b Manifestation du 11 d\u00e9cembre 2025 : La Source dans la rue !"},"content":{"rendered":"<div class=\"xdj266r x14z9mp xat24cr x1lziwak x1vvkbs x126k92a\">\n<div dir=\"auto\"><span class=\"html-span xexx8yu xyri2b x18d9i69 x1c1uobl x1hl2dhg x16tdsg8 x1vvkbs x3nfvp2 x1j61x8r x1fcty0u xdj266r xat24cr xm2jcoa x1mpyi22 xxymvpz xlup9mm x1kky2od\"><img decoding=\"async\" loading=\"lazy\" class=\"xz74otr x15mokao x1ga7v0g x16uus16 xbiv7yw\" src=\"https:\/\/static.xx.fbcdn.net\/images\/emoji.php\/v9\/t2d\/1\/16\/1f4cd.png\" alt=\"\ud83d\udccd\" width=\"16\" height=\"16\" \/><\/span> Ce jeudi 11\/12, nous \u00e9tions dans les rues de Namur aux c\u00f4t\u00e9s du secteur de l\u2019insertion socioprofessionnelle !<\/div>\n<\/div>\n<div class=\"x14z9mp xat24cr x1lziwak x1vvkbs xtlvy1s x126k92a\">\n<div dir=\"auto\"><span class=\"html-span xexx8yu xyri2b x18d9i69 x1c1uobl x1hl2dhg x16tdsg8 x1vvkbs x3nfvp2 x1j61x8r x1fcty0u xdj266r xat24cr xm2jcoa x1mpyi22 xxymvpz xlup9mm x1kky2od\"><img decoding=\"async\" loading=\"lazy\" class=\"xz74otr x15mokao x1ga7v0g x16uus16 xbiv7yw\" src=\"https:\/\/static.xx.fbcdn.net\/images\/emoji.php\/v9\/t9c\/1\/16\/1f53b.png\" alt=\"\ud83d\udd3b\" width=\"16\" height=\"16\" \/><\/span> Alors que la r\u00e9forme du ch\u00f4mage risque de frapper durement des milliers de Wallons, et que le nombre de demandeurs d\u2019emploi continue d\u2019augmenter, notre secteur de l&rsquo;insertion traverse une <strong>crise sans pr\u00e9c\u00e9dent<\/strong>.<\/div>\n<\/div>\n<div class=\"x14z9mp xat24cr x1lziwak x1vvkbs xtlvy1s x126k92a\">\n<div dir=\"auto\">Plusieurs mesures actuellement discut\u00e9es au sein du Gouvernement wallon menacent de d\u00e9sarticuler des dispositifs pourtant essentiels pour accompagner les personnes \u00e9loign\u00e9es de l\u2019emploi.<\/div>\n<\/div>\n<div class=\"x14z9mp xat24cr x1lziwak x1vvkbs xtlvy1s x126k92a\">\n<div dir=\"auto\"><span class=\"html-span xexx8yu xyri2b x18d9i69 x1c1uobl x1hl2dhg x16tdsg8 x1vvkbs x3nfvp2 x1j61x8r x1fcty0u xdj266r xat24cr xm2jcoa x1mpyi22 xxymvpz xlup9mm x1kky2od\"><img decoding=\"async\" loading=\"lazy\" class=\"xz74otr x15mokao x1ga7v0g x16uus16 xbiv7yw\" src=\"https:\/\/static.xx.fbcdn.net\/images\/emoji.php\/v9\/t6e\/1\/16\/1f4ac.png\" alt=\"\ud83d\udcac\" width=\"16\" height=\"16\" \/><\/span> <strong>Affaiblir l\u2019insertion, c\u2019est affaiblir l\u2019emploi !!!<\/strong><\/div>\n<div dir=\"auto\">Les CISP sont un outil indispensable pour accompagner, former et remettre en confiance celles et ceux qui en ont le plus besoin.<\/div>\n<\/div>\n<div class=\"x14z9mp xat24cr x1lziwak x1vvkbs xtlvy1s x126k92a\">\n<div dir=\"auto\"><span class=\"html-span xexx8yu xyri2b x18d9i69 x1c1uobl x1hl2dhg x16tdsg8 x1vvkbs x3nfvp2 x1j61x8r x1fcty0u xdj266r xat24cr xm2jcoa x1mpyi22 xxymvpz xlup9mm x1kky2od\"><img decoding=\"async\" loading=\"lazy\" class=\"xz74otr x15mokao x1ga7v0g x16uus16 xbiv7yw\" src=\"https:\/\/static.xx.fbcdn.net\/images\/emoji.php\/v9\/t5f\/1\/16\/270a.png\" alt=\"\u270a\" width=\"16\" height=\"16\" \/><\/span> Nous continuons \u00e0 d\u00e9fendre une insertion durable, accessible et respectueuse des r\u00e9alit\u00e9s du terrain !<\/div>\n<\/div>\n<div dir=\"auto\"><\/div>\n<div dir=\"auto\"><a href=\"https:\/\/i0.wp.com\/lasource.be\/wp-content\/uploads\/2025\/12\/20251211_101149-scaled.jpg?ssl=1\" target=\"_blank\" rel=\"noopener\"><img data-attachment-id=\"2843\" data-permalink=\"https:\/\/lasource.be\/?attachment_id=2843\" data-orig-file=\"https:\/\/i0.wp.com\/lasource.be\/wp-content\/uploads\/2025\/12\/20251211_101149-scaled.jpg?fit=2560%2C1152&amp;ssl=1\" data-orig-size=\"2560,1152\" data-comments-opened=\"1\" data-image-meta=\"{&quot;aperture&quot;:&quot;1.79&quot;,&quot;credit&quot;:&quot;&quot;,&quot;camera&quot;:&quot;SM-A226B&quot;,&quot;caption&quot;:&quot;&quot;,&quot;created_timestamp&quot;:&quot;1765447909&quot;,&quot;copyright&quot;:&quot;&quot;,&quot;focal_length&quot;:&quot;4.71&quot;,&quot;iso&quot;:&quot;40&quot;,&quot;shutter_speed&quot;:&quot;0.008&quot;,&quot;title&quot;:&quot;&quot;,&quot;orientation&quot;:&quot;1&quot;}\" data-image-title=\"20251211_101149\" data-image-description=\"\" data-image-caption=\"\" data-medium-file=\"https:\/\/i0.wp.com\/lasource.be\/wp-content\/uploads\/2025\/12\/20251211_101149-scaled.jpg?fit=300%2C135&amp;ssl=1\" data-large-file=\"https:\/\/i0.wp.com\/lasource.be\/wp-content\/uploads\/2025\/12\/20251211_101149-scaled.jpg?fit=825%2C371&amp;ssl=1\" decoding=\"async\" loading=\"lazy\" class=\"aligncenter wp-image-2843\" src=\"https:\/\/i0.wp.com\/lasource.be\/wp-content\/uploads\/2025\/12\/20251211_101149.jpg?resize=600%2C270&#038;ssl=1\" alt=\"\" width=\"600\" height=\"270\" srcset=\"https:\/\/i0.wp.com\/lasource.be\/wp-content\/uploads\/2025\/12\/20251211_101149-scaled.jpg?resize=300%2C135&amp;ssl=1 300w, https:\/\/i0.wp.com\/lasource.be\/wp-content\/uploads\/2025\/12\/20251211_101149-scaled.jpg?resize=1024%2C461&amp;ssl=1 1024w, https:\/\/i0.wp.com\/lasource.be\/wp-content\/uploads\/2025\/12\/20251211_101149-scaled.jpg?resize=768%2C346&amp;ssl=1 768w, https:\/\/i0.wp.com\/lasource.be\/wp-content\/uploads\/2025\/12\/20251211_101149-scaled.jpg?resize=1536%2C691&amp;ssl=1 1536w, https:\/\/i0.wp.com\/lasource.be\/wp-content\/uploads\/2025\/12\/20251211_101149-scaled.jpg?resize=2048%2C922&amp;ssl=1 2048w, https:\/\/i0.wp.com\/lasource.be\/wp-content\/uploads\/2025\/12\/20251211_101149-scaled.jpg?w=1650&amp;ssl=1 1650w, https:\/\/i0.wp.com\/lasource.be\/wp-content\/uploads\/2025\/12\/20251211_101149-scaled.jpg?w=2475&amp;ssl=1 2475w\" sizes=\"(max-width: 600px) 100vw, 600px\" data-recalc-dims=\"1\" \/><\/a> <a href=\"https:\/\/i0.wp.com\/lasource.be\/wp-content\/uploads\/2025\/12\/thumbnail_WhatsApp-Image-2025-12-08-a-14.58.48_4b198d82.jpg?ssl=1\" target=\"_blank\" rel=\"noopener\"><img data-attachment-id=\"2844\" data-permalink=\"https:\/\/lasource.be\/?attachment_id=2844\" data-orig-file=\"https:\/\/i0.wp.com\/lasource.be\/wp-content\/uploads\/2025\/12\/thumbnail_WhatsApp-Image-2025-12-08-a-14.58.48_4b198d82.jpg?fit=1080%2C400&amp;ssl=1\" data-orig-size=\"1080,400\" data-comments-opened=\"1\" data-image-meta=\"{&quot;aperture&quot;:&quot;0&quot;,&quot;credit&quot;:&quot;&quot;,&quot;camera&quot;:&quot;&quot;,&quot;caption&quot;:&quot;&quot;,&quot;created_timestamp&quot;:&quot;0&quot;,&quot;copyright&quot;:&quot;&quot;,&quot;focal_length&quot;:&quot;0&quot;,&quot;iso&quot;:&quot;0&quot;,&quot;shutter_speed&quot;:&quot;0&quot;,&quot;title&quot;:&quot;&quot;,&quot;orientation&quot;:&quot;0&quot;}\" data-image-title=\"thumbnail_WhatsApp Image 2025-12-08 \u00e0 14.58.48_4b198d82\" data-image-description=\"\" data-image-caption=\"\" data-medium-file=\"https:\/\/i0.wp.com\/lasource.be\/wp-content\/uploads\/2025\/12\/thumbnail_WhatsApp-Image-2025-12-08-a-14.58.48_4b198d82.jpg?fit=300%2C111&amp;ssl=1\" data-large-file=\"https:\/\/i0.wp.com\/lasource.be\/wp-content\/uploads\/2025\/12\/thumbnail_WhatsApp-Image-2025-12-08-a-14.58.48_4b198d82.jpg?fit=825%2C305&amp;ssl=1\" decoding=\"async\" loading=\"lazy\" class=\"aligncenter wp-image-2844\" src=\"https:\/\/i0.wp.com\/lasource.be\/wp-content\/uploads\/2025\/12\/thumbnail_WhatsApp-Image-2025-12-08-a-14.58.48_4b198d82.jpg?resize=600%2C222&#038;ssl=1\" alt=\"\" width=\"600\" height=\"222\" srcset=\"https:\/\/i0.wp.com\/lasource.be\/wp-content\/uploads\/2025\/12\/thumbnail_WhatsApp-Image-2025-12-08-a-14.58.48_4b198d82.jpg?resize=300%2C111&amp;ssl=1 300w, https:\/\/i0.wp.com\/lasource.be\/wp-content\/uploads\/2025\/12\/thumbnail_WhatsApp-Image-2025-12-08-a-14.58.48_4b198d82.jpg?resize=1024%2C379&amp;ssl=1 1024w, https:\/\/i0.wp.com\/lasource.be\/wp-content\/uploads\/2025\/12\/thumbnail_WhatsApp-Image-2025-12-08-a-14.58.48_4b198d82.jpg?resize=768%2C284&amp;ssl=1 768w, https:\/\/i0.wp.com\/lasource.be\/wp-content\/uploads\/2025\/12\/thumbnail_WhatsApp-Image-2025-12-08-a-14.58.48_4b198d82.jpg?w=1080&amp;ssl=1 1080w\" sizes=\"(max-width: 600px) 100vw, 600px\" data-recalc-dims=\"1\" \/><\/a><\/div>\n","protected":false},"excerpt":{"rendered":"<p>Ce jeudi 11\/12, nous \u00e9tions dans les rues de Namur aux c\u00f4t\u00e9s du secteur de l\u2019insertion socioprofessionnelle ! Alors que la r\u00e9forme du ch\u00f4mage risque de frapper durement des milliers&hellip; <a href=\"https:\/\/lasource.be\/?p=2839\" class=\"more-link\">Lire la suite <span class=\"screen-reader-text\">\u270a\u200b Manifestation du 11 d\u00e9cembre 2025 : La Source dans la rue !<\/span><\/a><\/p>\n","protected":false},"author":1,"featured_media":0,"comment_status":"open","ping_status":"open","sticky":false,"template":"","format":"standard","meta":{"jetpack_post_was_ever_published":false,"jetpack_publicize_message":"","jetpack_is_tweetstorm":false,"jetpack_publicize_feature_enabled":true,"jetpack_social_post_already_shared":true,"jetpack_social_options":[]},"categories":[1],"tags":[],"jetpack_publicize_connections":[],"jetpack_featured_media_url":"","jetpack_sharing_enabled":true,"jetpack_shortlink":"https:\/\/wp.me\/p8UIgU-JN","jetpack-related-posts":[{"id":1166,"url":"https:\/\/lasource.be\/?p=1166","url_meta":{"origin":2839,"position":0},"title":"EMOTION","date":"7 f\u00e9vrier 2020","format":false,"excerpt":"Dans le cadre du projet \"Initiative Locale d'Int\u00e9gration\", La Source va bient\u00f4t d\u00e9marrer un nouveau projet ! \u00c9MOTION : c'est le nom donn\u00e9 \u00e0 ce beau projet qui vous permettra de vous exprimer, de partager, de cr\u00e9er, de dessiner une \u00e9tincelle dans les yeux de chacun et la partager... A\u2026","rel":"","context":"Dans &quot;Actualit\u00e9&quot;","img":{"alt_text":"","src":"https:\/\/i0.wp.com\/lasource.be\/wp-content\/uploads\/2020\/02\/Emotion-Finish-logo-Bouillon-212x300.png?resize=350%2C200","width":350,"height":200},"classes":[]},{"id":408,"url":"https:\/\/lasource.be\/?p=408","url_meta":{"origin":2839,"position":1},"title":"Nouvelle formation \u00ab\u00a0Je Cr\u00e9e Mon Avenir\u00a0\u00bb !","date":"23 ao\u00fbt 2017","format":false,"excerpt":"Nous avons le plaisir de vous informer qu'une nouvelle session de la formation \"Je Cr\u00e9e Mon Avenir\" 35h\/semaine d\u00e9butera le lundi 09 octobre 2017 ! Pour plus de renseignements, nous vous invitons \u00e0 venir assister \u00e0 notre s\u00e9ance d'info qui se d\u00e9roulera le lundi 25 septembre \u00e0 9h30 dans les\u2026","rel":"","context":"Dans &quot;Actualit\u00e9&quot;","img":{"alt_text":"","src":"https:\/\/i0.wp.com\/lasource.be\/wp-content\/uploads\/2017\/08\/Pub-Proximag-octobre-2017-nouveau-logo-35-h-facebook-300x300.png?resize=350%2C200","width":350,"height":200},"classes":[]},{"id":665,"url":"https:\/\/lasource.be\/?p=665","url_meta":{"origin":2839,"position":2},"title":"Formation \u00ab\u00a0Je Cr\u00e9e Mon Avenir\u00a0\u00bb 19h\/semaine &#8211; Nouvelle session","date":"27 novembre 2017","format":false,"excerpt":"Nous avons le plaisir de vous informer qu'une nouvelle session de la formation \"Je Cr\u00e9e Mon Avenir\" 19h\/semaine d\u00e9butera le mercredi 06 d\u00e9cembre 2017. Pour plus de renseignements, nous vous invitons \u00e0 venir assister \u00e0 notre s\u00e9ance d'info qui se d\u00e9roulera le lundi 04 d\u00e9cembre \u00e0 9h30 dans les locaux\u2026","rel":"","context":"Dans &quot;Actualit\u00e9&quot;","img":{"alt_text":"","src":"https:\/\/i0.wp.com\/lasource.be\/wp-content\/uploads\/2017\/11\/Pub-Proximag-d\u00c3\u00a9cembre-2017-nouveau-logo-Facebook-300x300.png?resize=350%2C200","width":350,"height":200},"classes":[]},{"id":745,"url":"https:\/\/lasource.be\/?p=745","url_meta":{"origin":2839,"position":3},"title":"Nouvelle formation \u00ab\u00a0Je Cr\u00e9e Mon Avenir\u00a0\u00bb &#8211; Octobre 2018","date":"19 septembre 2018","format":false,"excerpt":"Nous avons le plaisir de vous informer qu'une nouvelle session de la formation \"Je Cr\u00e9e Mon Avenir\" 35h\/semaine d\u00e9butera le lundi 08 octobre 2018 ! Afin de vous pr\u00e9senter le programme de la formation, nous vous invitons \u00e0 venir assister \u00e0 notre s\u00e9ance d'info qui se d\u00e9roulera le mardi 25\u2026","rel":"","context":"Dans &quot;Actualit\u00e9&quot;","img":{"alt_text":"","src":"https:\/\/i0.wp.com\/lasource.be\/wp-content\/uploads\/2018\/07\/Pub-Proximag-septembre-2018-35-h-Tim-Burton-300x300.png?resize=350%2C200","width":350,"height":200},"classes":[]},{"id":1018,"url":"https:\/\/lasource.be\/?p=1018","url_meta":{"origin":2839,"position":4},"title":"TOUS SOLIDAIRES !","date":"18 mars 2019","format":false,"excerpt":"Ce lundi 18 mars 2019, La Source est solidaire du mouvement de gr\u00e8ve qui touche notamment les Asbl, le secteur du non-marchand, les services publics, ... Ces structures et leur personnel sont menac\u00e9s par les mesures du gouvernement wallon.\u00a0 Les services essentiels \u00e0 la population sont aujourd\u2019hui en danger !\u2026","rel":"","context":"Dans &quot;Actualit\u00e9&quot;","img":{"alt_text":"","src":"https:\/\/i0.wp.com\/lasource.be\/wp-content\/uploads\/2019\/03\/pr\u00e9paration-des-calicots.jpg?resize=350%2C200","width":350,"height":200},"classes":[]},{"id":672,"url":"https:\/\/lasource.be\/?p=672","url_meta":{"origin":2839,"position":5},"title":"La Source d\u00e9m\u00e9nage !","date":"3 janvier 2018","format":false,"excerpt":"Bonjour \u00e0 tous, Nous avons le plaisir de vous annoncer qu'\u00e0 partir du 1er janvier 2018, La Source s'installe dans ses tous nouveaux locaux situ\u00e9s au : 3 rue du Brutz \u00e0 6830 BOUILLON. Les bureaux ainsi que les Titres-Services sont \u00e0 votre service au 1er \u00e9tage au-dessus de la\u2026","rel":"","context":"Dans &quot;Actualit\u00e9&quot;","img":{"alt_text":"Votre Asbl La Source d\u00c3\u00a9m\u00c3\u00a9nage \u00c3\u00a0 partir du 1er janvier 2018","src":"https:\/\/i0.wp.com\/lasource.be\/wp-content\/uploads\/2018\/01\/d\u00c3\u00a9m\u00c3\u00a9nagement-1024x653.jpg?resize=350%2C200","width":350,"height":200},"classes":[]}],"_links":{"self":[{"href":"https:\/\/lasource.be\/index.php?rest_route=\/wp\/v2\/posts\/2839"}],"collection":[{"href":"https:\/\/lasource.be\/index.php?rest_route=\/wp\/v2\/posts"}],"about":[{"href":"https:\/\/lasource.be\/index.php?rest_route=\/wp\/v2\/types\/post"}],"author":[{"embeddable":true,"href":"https:\/\/lasource.be\/index.php?rest_route=\/wp\/v2\/users\/1"}],"replies":[{"embeddable":true,"href":"https:\/\/lasource.be\/index.php?rest_route=%2Fwp%2Fv2%2Fcomments&post=2839"}],"version-history":[{"count":4,"href":"https:\/\/lasource.be\/index.php?rest_route=\/wp\/v2\/posts\/2839\/revisions"}],"predecessor-version":[{"id":2845,"href":"https:\/\/lasource.be\/index.php?rest_route=\/wp\/v2\/posts\/2839\/revisions\/2845"}],"wp:attachment":[{"href":"https:\/\/lasource.be\/index.php?rest_route=%2Fwp%2Fv2%2Fmedia&parent=2839"}],"wp:term":[{"taxonomy":"category","embeddable":true,"href":"https:\/\/lasource.be\/index.php?rest_route=%2Fwp%2Fv2%2Fcategories&post=2839"},{"taxonomy":"post_tag","embeddable":true,"href":"https:\/\/lasource.be\/index.php?rest_route=%2Fwp%2Fv2%2Ftags&post=2839"}],"curies":[{"name":"wp","href":"https:\/\/api.w.org\/{rel}","templated":true}]}}